{"id":723,"date":"2016-08-18T10:35:31","date_gmt":"2016-08-18T08:35:31","guid":{"rendered":"https:\/\/ist.blogs.inra.fr\/sciencesparticipatives\/?p=723"},"modified":"2021-01-26T10:49:54","modified_gmt":"2021-01-26T09:49:54","slug":"creation-dune-reserve-de-biosphere-dans-les-gorges-du-gardon","status":"publish","type":"post","link":"https:\/\/ist.blogs.inrae.fr\/sciencesparticipatives\/2016\/08\/18\/creation-dune-reserve-de-biosphere-dans-les-gorges-du-gardon\/","title":{"rendered":"Co-cr\u00e9ation d\u2019une r\u00e9serve de biosph\u00e8re dans les Gorges du Gardon"},"content":{"rendered":"<h2><a href=\"https:\/\/mediatheque.inrae.fr\/INRAE\/embed\/537114586\" target=\"_blank\" rel=\"noopener noreferrer\"><img loading=\"lazy\" decoding=\"async\" class=\"alignleft wp-image-724 size-full\" title=\"Co-cr\u00e9ation d\u2019une r\u00e9serve de biosph\u00e8re dans les Gorges du Gardon\" src=\"https:\/\/ist.blogs.inrae.fr\/sciencesparticipatives\/wp-content\/uploads\/sites\/22\/2018\/04\/gorges-du-gardon.jpg\" alt=\"r\u00e9serve de biosph\u00e8re dans les Gorges du Gardon\" width=\"512\" height=\"288\" srcset=\"https:\/\/ist.blogs.inrae.fr\/sciencesparticipatives\/wp-content\/uploads\/sites\/22\/2018\/04\/gorges-du-gardon.jpg 512w, https:\/\/ist.blogs.inrae.fr\/sciencesparticipatives\/wp-content\/uploads\/sites\/22\/2018\/04\/gorges-du-gardon-300x169.jpg 300w, https:\/\/ist.blogs.inrae.fr\/sciencesparticipatives\/wp-content\/uploads\/sites\/22\/2018\/04\/gorges-du-gardon-500x281.jpg 500w\" sizes=\"auto, (max-width: 512px) 100vw, 512px\" \/><\/a><\/h2>\n<p>&nbsp;<\/p>\n<p>&nbsp;<\/p>\n<p>&nbsp;<\/p>\n<p>&nbsp;<\/p>\n<p>&nbsp;<\/p>\n<p>&nbsp;<\/p>\n<p>&nbsp;<\/p>\n<p>&nbsp;<\/p>\n<p>&nbsp;<\/p>\n<p>&nbsp;<\/p>\n<p>Le film porte sur une m\u00e9thode participative, appel\u00e9e COMMOD (mod\u00e9lisation d\u2019accompagnement), utilis\u00e9e pour la cr\u00e9ation d\u2019une r\u00e9serve de biosph\u00e8re dans les Gorges de Gardon.<\/p>\n<p><a href=\"https:\/\/mediatheque.inrae.fr\/INRAE\/embed\/537114586\" target=\"_blank\" rel=\"noopener noreferrer\">Voir la vid\u00e9o<\/a><\/p>\n","protected":false},"excerpt":{"rendered":"<p>&nbsp; &nbsp; &nbsp; &nbsp; &nbsp; &nbsp; &nbsp; &nbsp; &nbsp; &nbsp; Le film porte sur une m\u00e9thode participative, appel\u00e9e COMMOD (mod\u00e9lisation d\u2019accompagnement), utilis\u00e9e pour la cr\u00e9ation d\u2019une r\u00e9serve de biosph\u00e8re dans les Gorges de Gardon. Voir la vid\u00e9o<\/p>\n","protected":false},"author":102,"featured_media":724,"comment_status":"closed","ping_status":"closed","sticky":false,"template":"","format":"standard","meta":{"_bbp_topic_count":0,"_bbp_reply_count":0,"_bbp_total_topic_count":0,"_bbp_total_reply_count":0,"_bbp_voice_count":0,"_bbp_anonymous_reply_count":0,"_bbp_topic_count_hidden":0,"_bbp_reply_count_hidden":0,"_bbp_forum_subforum_count":0,"footnotes":""},"categories":[77,8],"tags":[25,52,33,60],"class_list":["post-723","post","type-post","status-publish","format-standard","has-post-thumbnail","hentry","category-videos-2","category-videos-sur-les-projets","tag-biodiversite","tag-environnement","tag-sol-eau","tag-territoire"],"_links":{"self":[{"href":"https:\/\/ist.blogs.inrae.fr\/sciencesparticipatives\/wp-json\/wp\/v2\/posts\/723","targetHints":{"allow":["GET"]}}],"collection":[{"href":"https:\/\/ist.blogs.inrae.fr\/sciencesparticipatives\/wp-json\/wp\/v2\/posts"}],"about":[{"href":"https:\/\/ist.blogs.inrae.fr\/sciencesparticipatives\/wp-json\/wp\/v2\/types\/post"}],"author":[{"embeddable":true,"href":"https:\/\/ist.blogs.inrae.fr\/sciencesparticipatives\/wp-json\/wp\/v2\/users\/102"}],"replies":[{"embeddable":true,"href":"https:\/\/ist.blogs.inrae.fr\/sciencesparticipatives\/wp-json\/wp\/v2\/comments?post=723"}],"version-history":[{"count":0,"href":"https:\/\/ist.blogs.inrae.fr\/sciencesparticipatives\/wp-json\/wp\/v2\/posts\/723\/revisions"}],"wp:featuredmedia":[{"embeddable":true,"href":"https:\/\/ist.blogs.inrae.fr\/sciencesparticipatives\/wp-json\/wp\/v2\/media\/724"}],"wp:attachment":[{"href":"https:\/\/ist.blogs.inrae.fr\/sciencesparticipatives\/wp-json\/wp\/v2\/media?parent=723"}],"wp:term":[{"taxonomy":"category","embeddable":true,"href":"https:\/\/ist.blogs.inrae.fr\/sciencesparticipatives\/wp-json\/wp\/v2\/categories?post=723"},{"taxonomy":"post_tag","embeddable":true,"href":"https:\/\/ist.blogs.inrae.fr\/sciencesparticipatives\/wp-json\/wp\/v2\/tags?post=723"}],"curies":[{"name":"wp","href":"https:\/\/api.w.org\/{rel}","templated":true}]}}