{"id":23901,"date":"2019-06-20T09:31:07","date_gmt":"2019-06-20T07:31:07","guid":{"rendered":"https:\/\/ist.blogs.inra.fr\/sciencesparticipatives\/?p=23901"},"modified":"2020-11-19T11:30:38","modified_gmt":"2020-11-19T10:30:38","slug":"projet-agroecodiv-2","status":"publish","type":"post","link":"https:\/\/ist.blogs.inrae.fr\/sciencesparticipatives\/2019\/06\/20\/projet-agroecodiv-2\/","title":{"rendered":"Projet AgroEcoDiv"},"content":{"rendered":"<p>Le projet collaboratif \u00ab <strong>AgroEcoDiv\u00a0<\/strong>\u00bb a pour objectif d\u2019accro\u00eetre les performances \u00e9cologiques et \u00e9conomiques des exploitations agricoles de Guadeloupe tourn\u00e9es vers l\u2019approvisionnement du march\u00e9 int\u00e9rieur\/local et capables d\u2019employer une main-d\u2019\u0153uvre nombreuse. <strong>AgroEcoDiv<\/strong> int\u00e8gre les attentes des acteurs qui ont d\u2019ailleurs \u00e9t\u00e9 essentielles \u00e0 sa gen\u00e8se. Pour cela, le consortium est dot\u00e9 d\u2019une gouvernance innovante en recherche participative, constitu\u00e9e d\u2019un Comit\u00e9 Scientifique charg\u00e9 de capitaliser les connaissances produites en transdisciplinarit\u00e9 et d\u2019un Comit\u00e9 de Pilotage charg\u00e9 de la gestion du projet avec un panel d\u2019acteurs en responsabilit\u00e9 dans l\u2019agriculture guadeloup\u00e9enne. Coordonn\u00e9 par l\u2019INRA, le projet f\u00e9d\u00e8re des comp\u00e9tences scientifiques du <strong>CIRAD<\/strong>, de l\u2019<strong>INRA<\/strong> et de l\u2019<strong>Universit\u00e9 des Antilles<\/strong> dans une vaste interdisciplinarit\u00e9 entre l\u2019agronomie, la zootechnie, les math\u00e9matiques, des sciences humaines et sociales. Les travaux en consortium ont d\u00e9but\u00e9 en janvier 2017. Ils sont soutenus par le <strong>Conseil R\u00e9gional de Guadeloupe<\/strong>, l\u2019<strong>Union Europ\u00e9enne<\/strong> et les organismes de recherche dans le cadre du Plan de D\u00e9veloppement Rural de la Guadeloupe et des priorit\u00e9s du programme H2020 de l\u2019Europe<\/p>\n<p><a href=\"https:\/\/www6.inra.fr\/agroecodiv-guadeloupe\" target=\"_blank\" rel=\"noopener noreferrer\">Pour en savoir plus<\/a><br \/>\nVid\u00e9os de pr\u00e9sentation du projet : <a href=\"https:\/\/www.youtube.com\/watch?v=SDb2f0pMLtc\" target=\"_blank\" rel=\"noopener noreferrer\">https:\/\/www.youtube.com\/watch?v=SDb2f0pMLtc<\/a><br \/>\n<a href=\"https:\/\/www.youtube.com\/watch?v=UVh0sqp3wZQ\" target=\"_blank\" rel=\"noopener noreferrer\">https:\/\/www.youtube.com\/watch?v=UVh0sqp3wZQ<\/a><\/p>\n<p>&nbsp;<\/p>\n<figure id=\"attachment_23902\" class=\"thumbnail wp-caption aligncenter\" style=\"width: 512px\"><a href=\"https:\/\/www.youtube.com\/watch?v=SDb2f0pMLtc\" target=\"_blank\" rel=\"noopener noreferrer\"><img loading=\"lazy\" decoding=\"async\" class=\"wp-image-23902 size-full\" src=\"https:\/\/ist.blogs.inra.fr\/sciencesparticipatives\/wp-content\/uploads\/sites\/22\/2019\/06\/agroecodiv_video.png\" alt=\"\" width=\"512\" height=\"288\" srcset=\"https:\/\/ist.blogs.inrae.fr\/sciencesparticipatives\/wp-content\/uploads\/sites\/22\/2019\/06\/agroecodiv_video.png 512w, https:\/\/ist.blogs.inrae.fr\/sciencesparticipatives\/wp-content\/uploads\/sites\/22\/2019\/06\/agroecodiv_video-300x169.png 300w\" sizes=\"auto, (max-width: 512px) 100vw, 512px\" \/><\/a><figcaption class=\"caption wp-caption-text\">\u00a9 Agroecodiv<\/figcaption><\/figure>\n","protected":false},"excerpt":{"rendered":"<p>Le projet collaboratif \u00ab AgroEcoDiv\u00a0\u00bb a pour objectif d\u2019accro\u00eetre les performances \u00e9cologiques et \u00e9conomiques des exploitations agricoles de Guadeloupe tourn\u00e9es vers l\u2019approvisionnement du march\u00e9 int\u00e9rieur\/local et capables d\u2019employer une main-d\u2019\u0153uvre nombreuse. AgroEcoDiv int\u00e8gre les attentes des acteurs qui ont d\u2019ailleurs &hellip; <a href=\"https:\/\/ist.blogs.inrae.fr\/sciencesparticipatives\/2019\/06\/20\/projet-agroecodiv-2\/\">Lire la suite\u00ad\u00ad<\/a><\/p>\n","protected":false},"author":102,"featured_media":23902,"comment_status":"closed","ping_status":"closed","sticky":false,"template":"","format":"standard","meta":{"_bbp_topic_count":0,"_bbp_reply_count":0,"_bbp_total_topic_count":0,"_bbp_total_reply_count":0,"_bbp_voice_count":0,"_bbp_anonymous_reply_count":0,"_bbp_topic_count_hidden":0,"_bbp_reply_count_hidden":0,"_bbp_forum_subforum_count":0,"footnotes":""},"categories":[77,8],"tags":[48,57,52],"class_list":["post-23901","post","type-post","status-publish","format-standard","has-post-thumbnail","hentry","category-videos-2","category-videos-sur-les-projets","tag-agriculture","tag-elevage","tag-environnement"],"_links":{"self":[{"href":"https:\/\/ist.blogs.inrae.fr\/sciencesparticipatives\/wp-json\/wp\/v2\/posts\/23901","targetHints":{"allow":["GET"]}}],"collection":[{"href":"https:\/\/ist.blogs.inrae.fr\/sciencesparticipatives\/wp-json\/wp\/v2\/posts"}],"about":[{"href":"https:\/\/ist.blogs.inrae.fr\/sciencesparticipatives\/wp-json\/wp\/v2\/types\/post"}],"author":[{"embeddable":true,"href":"https:\/\/ist.blogs.inrae.fr\/sciencesparticipatives\/wp-json\/wp\/v2\/users\/102"}],"replies":[{"embeddable":true,"href":"https:\/\/ist.blogs.inrae.fr\/sciencesparticipatives\/wp-json\/wp\/v2\/comments?post=23901"}],"version-history":[{"count":0,"href":"https:\/\/ist.blogs.inrae.fr\/sciencesparticipatives\/wp-json\/wp\/v2\/posts\/23901\/revisions"}],"wp:featuredmedia":[{"embeddable":true,"href":"https:\/\/ist.blogs.inrae.fr\/sciencesparticipatives\/wp-json\/wp\/v2\/media\/23902"}],"wp:attachment":[{"href":"https:\/\/ist.blogs.inrae.fr\/sciencesparticipatives\/wp-json\/wp\/v2\/media?parent=23901"}],"wp:term":[{"taxonomy":"category","embeddable":true,"href":"https:\/\/ist.blogs.inrae.fr\/sciencesparticipatives\/wp-json\/wp\/v2\/categories?post=23901"},{"taxonomy":"post_tag","embeddable":true,"href":"https:\/\/ist.blogs.inrae.fr\/sciencesparticipatives\/wp-json\/wp\/v2\/tags?post=23901"}],"curies":[{"name":"wp","href":"https:\/\/api.w.org\/{rel}","templated":true}]}}