{"id":9939,"date":"2012-11-22T10:33:00","date_gmt":"2012-11-22T10:33:00","guid":{"rendered":"https:\/\/www.allenvi.fr\/?p=9939"},"modified":"2022-07-06T11:52:58","modified_gmt":"2022-07-06T11:52:58","slug":"publication-du-programme-mer","status":"publish","type":"post","link":"https:\/\/ist.blogs.inrae.fr\/allenvi\/publication-du-programme-mer\/","title":{"rendered":"Publication du Programme mer"},"content":{"rendered":"\n<p>Le Programme Mer, r\u00e9dig\u00e9 par l&rsquo;alliance en r\u00e9ponse \u00e0 la demande des ministres charg\u00e9s de la Recherche et de l&rsquo;Ecologie, est disponible en ligne.<\/p>\n\n\n\n<p>Ce programme dresse un <strong>\u00e9tat des lieux<\/strong>&nbsp;de la recherche fran\u00e7aise sur les environnements marins et littoraux, leurs <strong>moyens d\u2019\u00e9tude<\/strong>&nbsp;et les <strong>d\u00e9veloppements technologiques<\/strong>&nbsp;qui s\u2019y rattachent, et identifie les <strong>enjeux de connaissance et de politiques publiques<\/strong>&nbsp;correspondants.<\/p>\n\n\n\n<p>Le sujet y est trait\u00e9 en quatre axes majeurs :<\/p>\n\n\n\n<ul class=\"wp-block-list\"><li><strong>La connaissance du syst\u00e8me mer<\/strong><\/li><li><strong>L&rsquo;exploitation durable des ressources marines<\/strong><\/li><li><strong>La gestion de l&rsquo;espace c\u00f4tier marin<\/strong><\/li><li><strong>Le programme d&rsquo;action pour les Outre-mer fran\u00e7ais<\/strong><\/li><\/ul>\n\n\n\n<p>Ce document est \u00e9galement l&rsquo;occasion d&rsquo;aborder les grandes infrastructures de recherche et la technologie et la construction navale.<\/p>\n\n\n\n<p>Le Programme mer constitue ainsi une base de travail pour d\u00e9finir les orientations strat\u00e9giques fran\u00e7aises de la recherche en sciences marines au plan national et international.<\/p>\n\n\n\n<p><\/p>\n\n\n\n<div class=\"wp-block-file\"><a id=\"wp-block-file--media-ebfa9a8d-f155-4a5d-b5ca-340037df8030\" href=\"https:\/\/ist.blogs.inrae.fr\/allenvi\/wp-content\/uploads\/sites\/52\/2022\/07\/Programme_mer2.pdf\" target=\"_blank\" rel=\"noreferrer noopener\">Programme_mer2<\/a><a href=\"https:\/\/ist.blogs.inrae.fr\/allenvi\/wp-content\/uploads\/sites\/52\/2022\/07\/Programme_mer2.pdf\" class=\"wp-block-file__button\" download aria-describedby=\"wp-block-file--media-ebfa9a8d-f155-4a5d-b5ca-340037df8030\">T\u00e9l\u00e9charger<\/a><\/div>\n","protected":false},"excerpt":{"rendered":"<p>Le Programme Mer, r\u00e9dig\u00e9 par l&rsquo;alliance en r\u00e9ponse \u00e0 la demande des ministres charg\u00e9s de la Recherche et de l&rsquo;Ecologie, est disponible en ligne. Ce programme dresse un \u00e9tat des lieux&nbsp;de la recherche fran\u00e7aise sur les environnements marins et littoraux, leurs moyens d\u2019\u00e9tude&nbsp;et les d\u00e9veloppements technologiques&nbsp;qui s\u2019y rattachent, et identifie les enjeux de connaissance et [&hellip;]<\/p>\n","protected":false},"author":199,"featured_media":9673,"comment_status":"closed","ping_status":"open","sticky":false,"template":"","format":"standard","meta":{"_et_pb_use_builder":"off","_et_pb_old_content":"","_et_gb_content_width":"","inline_featured_image":false,"footnotes":""},"categories":[22],"tags":[],"class_list":["post-9939","post","type-post","status-publish","format-standard","has-post-thumbnail","hentry","category-nos-actualites"],"yoast_head":"<!-- This site is optimized with the Yoast SEO plugin v27.4 - https:\/\/yoast.com\/product\/yoast-seo-wordpress\/ -->\n<title>Publication du Programme mer - Alliance Allenvi<\/title>\n<meta name=\"robots\" content=\"noindex, follow, max-snippet:-1, max-image-preview:large, max-video-preview:-1\" \/>\n<meta property=\"og:locale\" content=\"fr_FR\" \/>\n<meta property=\"og:type\" content=\"article\" \/>\n<meta property=\"og:title\" content=\"Publication du Programme mer - Alliance Allenvi\" \/>\n<meta property=\"og:description\" content=\"Le Programme Mer, r\u00e9dig\u00e9 par l&rsquo;alliance en r\u00e9ponse \u00e0 la demande des ministres charg\u00e9s de la Recherche et de l&rsquo;Ecologie, est disponible en ligne. Ce programme dresse un \u00e9tat des lieux&nbsp;de la recherche fran\u00e7aise sur les environnements marins et littoraux, leurs moyens d\u2019\u00e9tude&nbsp;et les d\u00e9veloppements technologiques&nbsp;qui s\u2019y rattachent, et identifie les enjeux de connaissance et [&hellip;]\" \/>\n<meta property=\"og:url\" content=\"https:\/\/ist.blogs.inrae.fr\/allenvi\/publication-du-programme-mer\/\" \/>\n<meta property=\"og:site_name\" content=\"Alliance Allenvi\" \/>\n<meta property=\"article:published_time\" content=\"2012-11-22T10:33:00+00:00\" \/>\n<meta property=\"article:modified_time\" content=\"2022-07-06T11:52:58+00:00\" \/>\n<meta property=\"og:image\" content=\"https:\/\/ist.blogs.inrae.fr\/allenvi\/wp-content\/uploads\/sites\/52\/2022\/07\/programme-mer.jpg\" \/>\n\t<meta property=\"og:image:width\" content=\"422\" \/>\n\t<meta property=\"og:image:height\" content=\"316\" \/>\n\t<meta property=\"og:image:type\" content=\"image\/jpeg\" \/>\n<meta name=\"author\" content=\"Sonya\" \/>\n<meta name=\"twitter:card\" content=\"summary_large_image\" \/>\n<meta name=\"twitter:label1\" content=\"\u00c9crit par\" \/>\n\t<meta name=\"twitter:data1\" content=\"Sonya\" \/>\n\t<meta name=\"twitter:label2\" content=\"Dur\u00e9e de lecture estim\u00e9e\" \/>\n\t<meta name=\"twitter:data2\" content=\"1 minute\" \/>\n<script type=\"application\/ld+json\" class=\"yoast-schema-graph\">{\"@context\":\"https:\\\/\\\/schema.org\",\"@graph\":[{\"@type\":\"Article\",\"@id\":\"https:\\\/\\\/ist.blogs.inrae.fr\\\/allenvi\\\/publication-du-programme-mer\\\/#article\",\"isPartOf\":{\"@id\":\"https:\\\/\\\/ist.blogs.inrae.fr\\\/allenvi\\\/publication-du-programme-mer\\\/\"},\"author\":{\"name\":\"Sonya\",\"@id\":\"https:\\\/\\\/ist.blogs.inrae.fr\\\/allenvi\\\/#\\\/schema\\\/person\\\/ffd88b01709e892b89bdb3e74a5216d0\"},\"headline\":\"Publication du Programme mer\",\"datePublished\":\"2012-11-22T10:33:00+00:00\",\"dateModified\":\"2022-07-06T11:52:58+00:00\",\"mainEntityOfPage\":{\"@id\":\"https:\\\/\\\/ist.blogs.inrae.fr\\\/allenvi\\\/publication-du-programme-mer\\\/\"},\"wordCount\":170,\"image\":{\"@id\":\"https:\\\/\\\/ist.blogs.inrae.fr\\\/allenvi\\\/publication-du-programme-mer\\\/#primaryimage\"},\"thumbnailUrl\":\"https:\\\/\\\/ist.blogs.inrae.fr\\\/allenvi\\\/wp-content\\\/uploads\\\/sites\\\/52\\\/2022\\\/07\\\/programme-mer.jpg\",\"articleSection\":[\"Actualit\u00e9s\"],\"inLanguage\":\"fr-FR\"},{\"@type\":\"WebPage\",\"@id\":\"https:\\\/\\\/ist.blogs.inrae.fr\\\/allenvi\\\/publication-du-programme-mer\\\/\",\"url\":\"https:\\\/\\\/ist.blogs.inrae.fr\\\/allenvi\\\/publication-du-programme-mer\\\/\",\"name\":\"Publication du Programme mer - Alliance Allenvi\",\"isPartOf\":{\"@id\":\"https:\\\/\\\/ist.blogs.inrae.fr\\\/allenvi\\\/#website\"},\"primaryImageOfPage\":{\"@id\":\"https:\\\/\\\/ist.blogs.inrae.fr\\\/allenvi\\\/publication-du-programme-mer\\\/#primaryimage\"},\"image\":{\"@id\":\"https:\\\/\\\/ist.blogs.inrae.fr\\\/allenvi\\\/publication-du-programme-mer\\\/#primaryimage\"},\"thumbnailUrl\":\"https:\\\/\\\/ist.blogs.inrae.fr\\\/allenvi\\\/wp-content\\\/uploads\\\/sites\\\/52\\\/2022\\\/07\\\/programme-mer.jpg\",\"datePublished\":\"2012-11-22T10:33:00+00:00\",\"dateModified\":\"2022-07-06T11:52:58+00:00\",\"author\":{\"@id\":\"https:\\\/\\\/ist.blogs.inrae.fr\\\/allenvi\\\/#\\\/schema\\\/person\\\/ffd88b01709e892b89bdb3e74a5216d0\"},\"breadcrumb\":{\"@id\":\"https:\\\/\\\/ist.blogs.inrae.fr\\\/allenvi\\\/publication-du-programme-mer\\\/#breadcrumb\"},\"inLanguage\":\"fr-FR\",\"potentialAction\":[{\"@type\":\"ReadAction\",\"target\":[\"https:\\\/\\\/ist.blogs.inrae.fr\\\/allenvi\\\/publication-du-programme-mer\\\/\"]}]},{\"@type\":\"ImageObject\",\"inLanguage\":\"fr-FR\",\"@id\":\"https:\\\/\\\/ist.blogs.inrae.fr\\\/allenvi\\\/publication-du-programme-mer\\\/#primaryimage\",\"url\":\"https:\\\/\\\/ist.blogs.inrae.fr\\\/allenvi\\\/wp-content\\\/uploads\\\/sites\\\/52\\\/2022\\\/07\\\/programme-mer.jpg\",\"contentUrl\":\"https:\\\/\\\/ist.blogs.inrae.fr\\\/allenvi\\\/wp-content\\\/uploads\\\/sites\\\/52\\\/2022\\\/07\\\/programme-mer.jpg\",\"width\":422,\"height\":316,\"caption\":\"Programme mer\"},{\"@type\":\"BreadcrumbList\",\"@id\":\"https:\\\/\\\/ist.blogs.inrae.fr\\\/allenvi\\\/publication-du-programme-mer\\\/#breadcrumb\",\"itemListElement\":[{\"@type\":\"ListItem\",\"position\":1,\"name\":\"Accueil\",\"item\":\"https:\\\/\\\/ist.blogs.inrae.fr\\\/allenvi\\\/\"},{\"@type\":\"ListItem\",\"position\":2,\"name\":\"Publication du Programme mer\"}]},{\"@type\":\"WebSite\",\"@id\":\"https:\\\/\\\/ist.blogs.inrae.fr\\\/allenvi\\\/#website\",\"url\":\"https:\\\/\\\/ist.blogs.inrae.fr\\\/allenvi\\\/\",\"name\":\"Alliance Allenvi\",\"description\":\"\",\"potentialAction\":[{\"@type\":\"SearchAction\",\"target\":{\"@type\":\"EntryPoint\",\"urlTemplate\":\"https:\\\/\\\/ist.blogs.inrae.fr\\\/allenvi\\\/?s={search_term_string}\"},\"query-input\":{\"@type\":\"PropertyValueSpecification\",\"valueRequired\":true,\"valueName\":\"search_term_string\"}}],\"inLanguage\":\"fr-FR\"},{\"@type\":\"Person\",\"@id\":\"https:\\\/\\\/ist.blogs.inrae.fr\\\/allenvi\\\/#\\\/schema\\\/person\\\/ffd88b01709e892b89bdb3e74a5216d0\",\"name\":\"Sonya\",\"image\":{\"@type\":\"ImageObject\",\"inLanguage\":\"fr-FR\",\"@id\":\"https:\\\/\\\/secure.gravatar.com\\\/avatar\\\/c1b735e3106a434d078f2a829a0ca4731c3e2f746b44fc8c1a6dd118f1c87dce?s=96&d=mm&r=g\",\"url\":\"https:\\\/\\\/secure.gravatar.com\\\/avatar\\\/c1b735e3106a434d078f2a829a0ca4731c3e2f746b44fc8c1a6dd118f1c87dce?s=96&d=mm&r=g\",\"contentUrl\":\"https:\\\/\\\/secure.gravatar.com\\\/avatar\\\/c1b735e3106a434d078f2a829a0ca4731c3e2f746b44fc8c1a6dd118f1c87dce?s=96&d=mm&r=g\",\"caption\":\"Sonya\"},\"url\":\"https:\\\/\\\/ist.blogs.inrae.fr\\\/allenvi\\\/author\\\/sonya\\\/\"}]}<\/script>\n<!-- \/ Yoast SEO plugin. -->","yoast_head_json":{"title":"Publication du Programme mer - Alliance Allenvi","robots":{"index":"noindex","follow":"follow","max-snippet":"max-snippet:-1","max-image-preview":"max-image-preview:large","max-video-preview":"max-video-preview:-1"},"og_locale":"fr_FR","og_type":"article","og_title":"Publication du Programme mer - Alliance Allenvi","og_description":"Le Programme Mer, r\u00e9dig\u00e9 par l&rsquo;alliance en r\u00e9ponse \u00e0 la demande des ministres charg\u00e9s de la Recherche et de l&rsquo;Ecologie, est disponible en ligne. Ce programme dresse un \u00e9tat des lieux&nbsp;de la recherche fran\u00e7aise sur les environnements marins et littoraux, leurs moyens d\u2019\u00e9tude&nbsp;et les d\u00e9veloppements technologiques&nbsp;qui s\u2019y rattachent, et identifie les enjeux de connaissance et [&hellip;]","og_url":"https:\/\/ist.blogs.inrae.fr\/allenvi\/publication-du-programme-mer\/","og_site_name":"Alliance Allenvi","article_published_time":"2012-11-22T10:33:00+00:00","article_modified_time":"2022-07-06T11:52:58+00:00","og_image":[{"width":422,"height":316,"url":"https:\/\/ist.blogs.inrae.fr\/allenvi\/wp-content\/uploads\/sites\/52\/2022\/07\/programme-mer.jpg","type":"image\/jpeg"}],"author":"Sonya","twitter_card":"summary_large_image","twitter_misc":{"\u00c9crit par":"Sonya","Dur\u00e9e de lecture estim\u00e9e":"1 minute"},"schema":{"@context":"https:\/\/schema.org","@graph":[{"@type":"Article","@id":"https:\/\/ist.blogs.inrae.fr\/allenvi\/publication-du-programme-mer\/#article","isPartOf":{"@id":"https:\/\/ist.blogs.inrae.fr\/allenvi\/publication-du-programme-mer\/"},"author":{"name":"Sonya","@id":"https:\/\/ist.blogs.inrae.fr\/allenvi\/#\/schema\/person\/ffd88b01709e892b89bdb3e74a5216d0"},"headline":"Publication du Programme mer","datePublished":"2012-11-22T10:33:00+00:00","dateModified":"2022-07-06T11:52:58+00:00","mainEntityOfPage":{"@id":"https:\/\/ist.blogs.inrae.fr\/allenvi\/publication-du-programme-mer\/"},"wordCount":170,"image":{"@id":"https:\/\/ist.blogs.inrae.fr\/allenvi\/publication-du-programme-mer\/#primaryimage"},"thumbnailUrl":"https:\/\/ist.blogs.inrae.fr\/allenvi\/wp-content\/uploads\/sites\/52\/2022\/07\/programme-mer.jpg","articleSection":["Actualit\u00e9s"],"inLanguage":"fr-FR"},{"@type":"WebPage","@id":"https:\/\/ist.blogs.inrae.fr\/allenvi\/publication-du-programme-mer\/","url":"https:\/\/ist.blogs.inrae.fr\/allenvi\/publication-du-programme-mer\/","name":"Publication du Programme mer - Alliance Allenvi","isPartOf":{"@id":"https:\/\/ist.blogs.inrae.fr\/allenvi\/#website"},"primaryImageOfPage":{"@id":"https:\/\/ist.blogs.inrae.fr\/allenvi\/publication-du-programme-mer\/#primaryimage"},"image":{"@id":"https:\/\/ist.blogs.inrae.fr\/allenvi\/publication-du-programme-mer\/#primaryimage"},"thumbnailUrl":"https:\/\/ist.blogs.inrae.fr\/allenvi\/wp-content\/uploads\/sites\/52\/2022\/07\/programme-mer.jpg","datePublished":"2012-11-22T10:33:00+00:00","dateModified":"2022-07-06T11:52:58+00:00","author":{"@id":"https:\/\/ist.blogs.inrae.fr\/allenvi\/#\/schema\/person\/ffd88b01709e892b89bdb3e74a5216d0"},"breadcrumb":{"@id":"https:\/\/ist.blogs.inrae.fr\/allenvi\/publication-du-programme-mer\/#breadcrumb"},"inLanguage":"fr-FR","potentialAction":[{"@type":"ReadAction","target":["https:\/\/ist.blogs.inrae.fr\/allenvi\/publication-du-programme-mer\/"]}]},{"@type":"ImageObject","inLanguage":"fr-FR","@id":"https:\/\/ist.blogs.inrae.fr\/allenvi\/publication-du-programme-mer\/#primaryimage","url":"https:\/\/ist.blogs.inrae.fr\/allenvi\/wp-content\/uploads\/sites\/52\/2022\/07\/programme-mer.jpg","contentUrl":"https:\/\/ist.blogs.inrae.fr\/allenvi\/wp-content\/uploads\/sites\/52\/2022\/07\/programme-mer.jpg","width":422,"height":316,"caption":"Programme mer"},{"@type":"BreadcrumbList","@id":"https:\/\/ist.blogs.inrae.fr\/allenvi\/publication-du-programme-mer\/#breadcrumb","itemListElement":[{"@type":"ListItem","position":1,"name":"Accueil","item":"https:\/\/ist.blogs.inrae.fr\/allenvi\/"},{"@type":"ListItem","position":2,"name":"Publication du Programme mer"}]},{"@type":"WebSite","@id":"https:\/\/ist.blogs.inrae.fr\/allenvi\/#website","url":"https:\/\/ist.blogs.inrae.fr\/allenvi\/","name":"Alliance Allenvi","description":"","potentialAction":[{"@type":"SearchAction","target":{"@type":"EntryPoint","urlTemplate":"https:\/\/ist.blogs.inrae.fr\/allenvi\/?s={search_term_string}"},"query-input":{"@type":"PropertyValueSpecification","valueRequired":true,"valueName":"search_term_string"}}],"inLanguage":"fr-FR"},{"@type":"Person","@id":"https:\/\/ist.blogs.inrae.fr\/allenvi\/#\/schema\/person\/ffd88b01709e892b89bdb3e74a5216d0","name":"Sonya","image":{"@type":"ImageObject","inLanguage":"fr-FR","@id":"https:\/\/secure.gravatar.com\/avatar\/c1b735e3106a434d078f2a829a0ca4731c3e2f746b44fc8c1a6dd118f1c87dce?s=96&d=mm&r=g","url":"https:\/\/secure.gravatar.com\/avatar\/c1b735e3106a434d078f2a829a0ca4731c3e2f746b44fc8c1a6dd118f1c87dce?s=96&d=mm&r=g","contentUrl":"https:\/\/secure.gravatar.com\/avatar\/c1b735e3106a434d078f2a829a0ca4731c3e2f746b44fc8c1a6dd118f1c87dce?s=96&d=mm&r=g","caption":"Sonya"},"url":"https:\/\/ist.blogs.inrae.fr\/allenvi\/author\/sonya\/"}]}},"_links":{"self":[{"href":"https:\/\/ist.blogs.inrae.fr\/allenvi\/wp-json\/wp\/v2\/posts\/9939","targetHints":{"allow":["GET"]}}],"collection":[{"href":"https:\/\/ist.blogs.inrae.fr\/allenvi\/wp-json\/wp\/v2\/posts"}],"about":[{"href":"https:\/\/ist.blogs.inrae.fr\/allenvi\/wp-json\/wp\/v2\/types\/post"}],"author":[{"embeddable":true,"href":"https:\/\/ist.blogs.inrae.fr\/allenvi\/wp-json\/wp\/v2\/users\/199"}],"replies":[{"embeddable":true,"href":"https:\/\/ist.blogs.inrae.fr\/allenvi\/wp-json\/wp\/v2\/comments?post=9939"}],"version-history":[{"count":2,"href":"https:\/\/ist.blogs.inrae.fr\/allenvi\/wp-json\/wp\/v2\/posts\/9939\/revisions"}],"predecessor-version":[{"id":9956,"href":"https:\/\/ist.blogs.inrae.fr\/allenvi\/wp-json\/wp\/v2\/posts\/9939\/revisions\/9956"}],"wp:featuredmedia":[{"embeddable":true,"href":"https:\/\/ist.blogs.inrae.fr\/allenvi\/wp-json\/wp\/v2\/media\/9673"}],"wp:attachment":[{"href":"https:\/\/ist.blogs.inrae.fr\/allenvi\/wp-json\/wp\/v2\/media?parent=9939"}],"wp:term":[{"taxonomy":"category","embeddable":true,"href":"https:\/\/ist.blogs.inrae.fr\/allenvi\/wp-json\/wp\/v2\/categories?post=9939"},{"taxonomy":"post_tag","embeddable":true,"href":"https:\/\/ist.blogs.inrae.fr\/allenvi\/wp-json\/wp\/v2\/tags?post=9939"}],"curies":[{"name":"wp","href":"https:\/\/api.w.org\/{rel}","templated":true}]}}