{"id":9784,"date":"2013-05-30T15:12:00","date_gmt":"2013-05-30T15:12:00","guid":{"rendered":"https:\/\/www.allenvi.fr\/?p=9784"},"modified":"2022-07-05T16:39:03","modified_gmt":"2022-07-05T16:39:03","slug":"les-journees-refmar-reseaux-de-reference-des-observations-maregraphiques","status":"publish","type":"post","link":"https:\/\/ist.blogs.inrae.fr\/allenvi\/les-journees-refmar-reseaux-de-reference-des-observations-maregraphiques\/","title":{"rendered":"Les journ\u00e9es Refmar : R\u00e9seaux de r\u00e9f\u00e9rence des observations mar\u00e9graphiques"},"content":{"rendered":"\n<p>Les Journ\u00e9es Refmar, consacr\u00e9es \u00e0 l\u2019observation du niveau de la mer se d\u00e9rouleront du 17 au 21 juin prochain au P\u00f4le G\u00e9osciences \u00e0 Saint-Mand\u00e9 (94).<\/p>\n\n\n\n<p>Afin de remplir au mieux son r\u00f4le de r\u00e9f\u00e9rent national pour l\u2019observation <em>in situ<\/em>\u00a0du niveau de la mer, le Service hydrographique et oc\u00e9anographique de la marine (<a href=\"http:\/\/www.shom.fr\/\" target=\"_blank\" rel=\"noreferrer noopener\">Shom<\/a>) m\u00e8ne diff\u00e9rentes actions <em>via<\/em>\u00a0le <a href=\"http:\/\/refmar.shom.fr\/fr\/\" target=\"_blank\" rel=\"noreferrer noopener\">projet Refmar<\/a>\u00a0(R\u00e9seaux de r\u00e9f\u00e9rence des observations mar\u00e9graphiques).<br>Les Journ\u00e9es Refmar, consacr\u00e9es \u00e0 l\u2019observation du niveau de la mer, sont organis\u00e9es dans ce cadre par le Shom, membre associ\u00e9 de l\u2019Alliance, du 17 au 21 juin 2013 au P\u00f4le G\u00e9osciences \u00e0 Saint-Mand\u00e9 (94).<br>Elles r\u00e9uniront producteurs de donn\u00e9es de hauteurs d\u2019eau et usagers : scientifiques, bureaux d\u2019\u00e9tudes et techniques, services \u00e9tatiques\u2026<br>\u00a0<\/p>\n\n\n\n<p>Les Journ\u00e9es REFMAR se d\u00e9clinent autour de 3 moments forts :<\/p>\n\n\n\n<p><strong>Journ\u00e9e inaugurale (17 juin)<\/strong><\/p>\n\n\n\n<p>Les participants seront accueillis \u00e0 partir de 13h30.<br>A noter les interventions de :<\/p>\n\n\n\n<ul class=\"wp-block-list\"><li>M. Bruno Frachon, directeur g\u00e9n\u00e9ral du SHOM<\/li><li>M. Michel Aymeric, Secr\u00e9taire g\u00e9n\u00e9ral de la mer<\/li><li>M. Claude Boucher, membre titulaire du Bureau des Longitudes, pr\u00e9sident du comit\u00e9 national pour la COI<\/li><li>Mme Anny Cazenave, chercheuse au LEGOS, membre du GIEC\/IPCC (auteur principal du chapitre \u00ab&nbsp;Sea Level\u2019 du 5\u00e8me rapport, Working Groupe I 2010-2013), membre de l\u2019Acad\u00e9mie des sciences depuis 2004, membre \u00e9tranger de l\u2019Acad\u00e9mie des sciences am\u00e9ricaine (NAS) depuis 2008, \u2026<\/li><li>A l\u2019issue de cette journ\u00e9e, un cocktail sera propos\u00e9 aux participants.<\/li><\/ul>\n\n\n\n<p><strong>Journ\u00e9es scientifiques (18 \u2013 19 juin)<\/strong><\/p>\n\n\n\n<p>Huit sessions se succ\u00e9deront durant les deux journ\u00e9es \u00e0 savoir :<\/p>\n\n\n\n<ul class=\"wp-block-list\"><li>Evolution du niveau de la mer<\/li><li>Altim\u00e9trie spatiale et analyse de la mar\u00e9e<\/li><li>Syst\u00e8mes d\u2019alertes aux ondes de temp\u00eates et aux tsunamis<\/li><li>Produits mar\u00e9e<\/li><li>Mod\u00e9lisation<\/li><li>Surcotes et niveaux extr\u00eames (1\/2)<\/li><li>Surcotes et niveaux extr\u00eames (2\/2)<\/li><li>G\u00e9od\u00e9sie \u2013 R\u00e9f\u00e9rentiel cartographique<\/li><\/ul>\n\n\n\n<p><strong>Journ\u00e9es techniques (20 \u2013 21 juin)<\/strong><\/p>\n\n\n\n<p>Trois workshops sont programm\u00e9es sur les deux journ\u00e9es \u00e0 savoir :<\/p>\n\n\n\n<ul class=\"wp-block-list\"><li>Introduction \u00e0 la mar\u00e9e et d\u00e9finition d\u2019un observatoire mar\u00e9graphique<\/li><li>M\u00e9thodologie sur le traitement et le contr\u00f4le des mesures de hauteur d\u2019eau<\/li><li>Transmission, collecte, validation, archivage et mise \u00e0 disposition des observations du niveau de la mer<\/li><\/ul>\n","protected":false},"excerpt":{"rendered":"<p>Les Journ\u00e9es Refmar, consacr\u00e9es \u00e0 l\u2019observation du niveau de la mer se d\u00e9rouleront du 17 au 21 juin prochain au P\u00f4le G\u00e9osciences \u00e0 Saint-Mand\u00e9 (94). Afin de remplir au mieux son r\u00f4le de r\u00e9f\u00e9rent national pour l\u2019observation in situ\u00a0du niveau de la mer, le Service hydrographique et oc\u00e9anographique de la marine (Shom) m\u00e8ne diff\u00e9rentes actions [&hellip;]<\/p>\n","protected":false},"author":199,"featured_media":9600,"comment_status":"closed","ping_status":"open","sticky":false,"template":"","format":"standard","meta":{"_et_pb_use_builder":"off","_et_pb_old_content":"","_et_gb_content_width":"","inline_featured_image":false,"footnotes":""},"categories":[22],"tags":[],"class_list":["post-9784","post","type-post","status-publish","format-standard","has-post-thumbnail","hentry","category-nos-actualites"],"yoast_head":"<!-- This site is optimized with the Yoast SEO plugin v27.4 - https:\/\/yoast.com\/product\/yoast-seo-wordpress\/ -->\n<title>Les journ\u00e9es Refmar : R\u00e9seaux de r\u00e9f\u00e9rence des observations mar\u00e9graphiques - Alliance Allenvi<\/title>\n<meta name=\"robots\" content=\"noindex, follow, max-snippet:-1, max-image-preview:large, max-video-preview:-1\" \/>\n<meta property=\"og:locale\" content=\"fr_FR\" \/>\n<meta property=\"og:type\" content=\"article\" \/>\n<meta property=\"og:title\" content=\"Les journ\u00e9es Refmar : R\u00e9seaux de r\u00e9f\u00e9rence des observations mar\u00e9graphiques - Alliance Allenvi\" \/>\n<meta property=\"og:description\" content=\"Les Journ\u00e9es Refmar, consacr\u00e9es \u00e0 l\u2019observation du niveau de la mer se d\u00e9rouleront du 17 au 21 juin prochain au P\u00f4le G\u00e9osciences \u00e0 Saint-Mand\u00e9 (94). Afin de remplir au mieux son r\u00f4le de r\u00e9f\u00e9rent national pour l\u2019observation in situ\u00a0du niveau de la mer, le Service hydrographique et oc\u00e9anographique de la marine (Shom) m\u00e8ne diff\u00e9rentes actions [&hellip;]\" \/>\n<meta property=\"og:url\" content=\"https:\/\/ist.blogs.inrae.fr\/allenvi\/les-journees-refmar-reseaux-de-reference-des-observations-maregraphiques\/\" \/>\n<meta property=\"og:site_name\" content=\"Alliance Allenvi\" \/>\n<meta property=\"article:published_time\" content=\"2013-05-30T15:12:00+00:00\" \/>\n<meta property=\"article:modified_time\" content=\"2022-07-05T16:39:03+00:00\" \/>\n<meta property=\"og:image\" content=\"https:\/\/ist.blogs.inrae.fr\/allenvi\/wp-content\/uploads\/sites\/52\/2022\/07\/les-journees-refmar.jpg\" \/>\n\t<meta property=\"og:image:width\" content=\"597\" \/>\n\t<meta property=\"og:image:height\" content=\"320\" \/>\n\t<meta property=\"og:image:type\" content=\"image\/jpeg\" \/>\n<meta name=\"author\" content=\"Sonya\" \/>\n<meta name=\"twitter:card\" content=\"summary_large_image\" \/>\n<meta name=\"twitter:label1\" content=\"\u00c9crit par\" \/>\n\t<meta name=\"twitter:data1\" content=\"Sonya\" \/>\n\t<meta name=\"twitter:label2\" content=\"Dur\u00e9e de lecture estim\u00e9e\" \/>\n\t<meta name=\"twitter:data2\" content=\"2 minutes\" \/>\n<script type=\"application\/ld+json\" class=\"yoast-schema-graph\">{\"@context\":\"https:\\\/\\\/schema.org\",\"@graph\":[{\"@type\":\"Article\",\"@id\":\"https:\\\/\\\/ist.blogs.inrae.fr\\\/allenvi\\\/les-journees-refmar-reseaux-de-reference-des-observations-maregraphiques\\\/#article\",\"isPartOf\":{\"@id\":\"https:\\\/\\\/ist.blogs.inrae.fr\\\/allenvi\\\/les-journees-refmar-reseaux-de-reference-des-observations-maregraphiques\\\/\"},\"author\":{\"name\":\"Sonya\",\"@id\":\"https:\\\/\\\/ist.blogs.inrae.fr\\\/allenvi\\\/#\\\/schema\\\/person\\\/ffd88b01709e892b89bdb3e74a5216d0\"},\"headline\":\"Les journ\u00e9es Refmar : R\u00e9seaux de r\u00e9f\u00e9rence des observations mar\u00e9graphiques\",\"datePublished\":\"2013-05-30T15:12:00+00:00\",\"dateModified\":\"2022-07-05T16:39:03+00:00\",\"mainEntityOfPage\":{\"@id\":\"https:\\\/\\\/ist.blogs.inrae.fr\\\/allenvi\\\/les-journees-refmar-reseaux-de-reference-des-observations-maregraphiques\\\/\"},\"wordCount\":390,\"image\":{\"@id\":\"https:\\\/\\\/ist.blogs.inrae.fr\\\/allenvi\\\/les-journees-refmar-reseaux-de-reference-des-observations-maregraphiques\\\/#primaryimage\"},\"thumbnailUrl\":\"https:\\\/\\\/ist.blogs.inrae.fr\\\/allenvi\\\/wp-content\\\/uploads\\\/sites\\\/52\\\/2022\\\/07\\\/les-journees-refmar.jpg\",\"articleSection\":[\"Actualit\u00e9s\"],\"inLanguage\":\"fr-FR\"},{\"@type\":\"WebPage\",\"@id\":\"https:\\\/\\\/ist.blogs.inrae.fr\\\/allenvi\\\/les-journees-refmar-reseaux-de-reference-des-observations-maregraphiques\\\/\",\"url\":\"https:\\\/\\\/ist.blogs.inrae.fr\\\/allenvi\\\/les-journees-refmar-reseaux-de-reference-des-observations-maregraphiques\\\/\",\"name\":\"Les journ\u00e9es Refmar : R\u00e9seaux de r\u00e9f\u00e9rence des observations mar\u00e9graphiques - Alliance Allenvi\",\"isPartOf\":{\"@id\":\"https:\\\/\\\/ist.blogs.inrae.fr\\\/allenvi\\\/#website\"},\"primaryImageOfPage\":{\"@id\":\"https:\\\/\\\/ist.blogs.inrae.fr\\\/allenvi\\\/les-journees-refmar-reseaux-de-reference-des-observations-maregraphiques\\\/#primaryimage\"},\"image\":{\"@id\":\"https:\\\/\\\/ist.blogs.inrae.fr\\\/allenvi\\\/les-journees-refmar-reseaux-de-reference-des-observations-maregraphiques\\\/#primaryimage\"},\"thumbnailUrl\":\"https:\\\/\\\/ist.blogs.inrae.fr\\\/allenvi\\\/wp-content\\\/uploads\\\/sites\\\/52\\\/2022\\\/07\\\/les-journees-refmar.jpg\",\"datePublished\":\"2013-05-30T15:12:00+00:00\",\"dateModified\":\"2022-07-05T16:39:03+00:00\",\"author\":{\"@id\":\"https:\\\/\\\/ist.blogs.inrae.fr\\\/allenvi\\\/#\\\/schema\\\/person\\\/ffd88b01709e892b89bdb3e74a5216d0\"},\"breadcrumb\":{\"@id\":\"https:\\\/\\\/ist.blogs.inrae.fr\\\/allenvi\\\/les-journees-refmar-reseaux-de-reference-des-observations-maregraphiques\\\/#breadcrumb\"},\"inLanguage\":\"fr-FR\",\"potentialAction\":[{\"@type\":\"ReadAction\",\"target\":[\"https:\\\/\\\/ist.blogs.inrae.fr\\\/allenvi\\\/les-journees-refmar-reseaux-de-reference-des-observations-maregraphiques\\\/\"]}]},{\"@type\":\"ImageObject\",\"inLanguage\":\"fr-FR\",\"@id\":\"https:\\\/\\\/ist.blogs.inrae.fr\\\/allenvi\\\/les-journees-refmar-reseaux-de-reference-des-observations-maregraphiques\\\/#primaryimage\",\"url\":\"https:\\\/\\\/ist.blogs.inrae.fr\\\/allenvi\\\/wp-content\\\/uploads\\\/sites\\\/52\\\/2022\\\/07\\\/les-journees-refmar.jpg\",\"contentUrl\":\"https:\\\/\\\/ist.blogs.inrae.fr\\\/allenvi\\\/wp-content\\\/uploads\\\/sites\\\/52\\\/2022\\\/07\\\/les-journees-refmar.jpg\",\"width\":597,\"height\":320,\"caption\":\"Les journ\u00e9es Refmar\"},{\"@type\":\"BreadcrumbList\",\"@id\":\"https:\\\/\\\/ist.blogs.inrae.fr\\\/allenvi\\\/les-journees-refmar-reseaux-de-reference-des-observations-maregraphiques\\\/#breadcrumb\",\"itemListElement\":[{\"@type\":\"ListItem\",\"position\":1,\"name\":\"Accueil\",\"item\":\"https:\\\/\\\/ist.blogs.inrae.fr\\\/allenvi\\\/\"},{\"@type\":\"ListItem\",\"position\":2,\"name\":\"Les journ\u00e9es Refmar : R\u00e9seaux de r\u00e9f\u00e9rence des observations mar\u00e9graphiques\"}]},{\"@type\":\"WebSite\",\"@id\":\"https:\\\/\\\/ist.blogs.inrae.fr\\\/allenvi\\\/#website\",\"url\":\"https:\\\/\\\/ist.blogs.inrae.fr\\\/allenvi\\\/\",\"name\":\"Alliance Allenvi\",\"description\":\"\",\"potentialAction\":[{\"@type\":\"SearchAction\",\"target\":{\"@type\":\"EntryPoint\",\"urlTemplate\":\"https:\\\/\\\/ist.blogs.inrae.fr\\\/allenvi\\\/?s={search_term_string}\"},\"query-input\":{\"@type\":\"PropertyValueSpecification\",\"valueRequired\":true,\"valueName\":\"search_term_string\"}}],\"inLanguage\":\"fr-FR\"},{\"@type\":\"Person\",\"@id\":\"https:\\\/\\\/ist.blogs.inrae.fr\\\/allenvi\\\/#\\\/schema\\\/person\\\/ffd88b01709e892b89bdb3e74a5216d0\",\"name\":\"Sonya\",\"image\":{\"@type\":\"ImageObject\",\"inLanguage\":\"fr-FR\",\"@id\":\"https:\\\/\\\/secure.gravatar.com\\\/avatar\\\/c1b735e3106a434d078f2a829a0ca4731c3e2f746b44fc8c1a6dd118f1c87dce?s=96&d=mm&r=g\",\"url\":\"https:\\\/\\\/secure.gravatar.com\\\/avatar\\\/c1b735e3106a434d078f2a829a0ca4731c3e2f746b44fc8c1a6dd118f1c87dce?s=96&d=mm&r=g\",\"contentUrl\":\"https:\\\/\\\/secure.gravatar.com\\\/avatar\\\/c1b735e3106a434d078f2a829a0ca4731c3e2f746b44fc8c1a6dd118f1c87dce?s=96&d=mm&r=g\",\"caption\":\"Sonya\"},\"url\":\"https:\\\/\\\/ist.blogs.inrae.fr\\\/allenvi\\\/author\\\/sonya\\\/\"}]}<\/script>\n<!-- \/ Yoast SEO plugin. -->","yoast_head_json":{"title":"Les journ\u00e9es Refmar : R\u00e9seaux de r\u00e9f\u00e9rence des observations mar\u00e9graphiques - Alliance Allenvi","robots":{"index":"noindex","follow":"follow","max-snippet":"max-snippet:-1","max-image-preview":"max-image-preview:large","max-video-preview":"max-video-preview:-1"},"og_locale":"fr_FR","og_type":"article","og_title":"Les journ\u00e9es Refmar : R\u00e9seaux de r\u00e9f\u00e9rence des observations mar\u00e9graphiques - Alliance Allenvi","og_description":"Les Journ\u00e9es Refmar, consacr\u00e9es \u00e0 l\u2019observation du niveau de la mer se d\u00e9rouleront du 17 au 21 juin prochain au P\u00f4le G\u00e9osciences \u00e0 Saint-Mand\u00e9 (94). Afin de remplir au mieux son r\u00f4le de r\u00e9f\u00e9rent national pour l\u2019observation in situ\u00a0du niveau de la mer, le Service hydrographique et oc\u00e9anographique de la marine (Shom) m\u00e8ne diff\u00e9rentes actions [&hellip;]","og_url":"https:\/\/ist.blogs.inrae.fr\/allenvi\/les-journees-refmar-reseaux-de-reference-des-observations-maregraphiques\/","og_site_name":"Alliance Allenvi","article_published_time":"2013-05-30T15:12:00+00:00","article_modified_time":"2022-07-05T16:39:03+00:00","og_image":[{"width":597,"height":320,"url":"https:\/\/ist.blogs.inrae.fr\/allenvi\/wp-content\/uploads\/sites\/52\/2022\/07\/les-journees-refmar.jpg","type":"image\/jpeg"}],"author":"Sonya","twitter_card":"summary_large_image","twitter_misc":{"\u00c9crit par":"Sonya","Dur\u00e9e de lecture estim\u00e9e":"2 minutes"},"schema":{"@context":"https:\/\/schema.org","@graph":[{"@type":"Article","@id":"https:\/\/ist.blogs.inrae.fr\/allenvi\/les-journees-refmar-reseaux-de-reference-des-observations-maregraphiques\/#article","isPartOf":{"@id":"https:\/\/ist.blogs.inrae.fr\/allenvi\/les-journees-refmar-reseaux-de-reference-des-observations-maregraphiques\/"},"author":{"name":"Sonya","@id":"https:\/\/ist.blogs.inrae.fr\/allenvi\/#\/schema\/person\/ffd88b01709e892b89bdb3e74a5216d0"},"headline":"Les journ\u00e9es Refmar : R\u00e9seaux de r\u00e9f\u00e9rence des observations mar\u00e9graphiques","datePublished":"2013-05-30T15:12:00+00:00","dateModified":"2022-07-05T16:39:03+00:00","mainEntityOfPage":{"@id":"https:\/\/ist.blogs.inrae.fr\/allenvi\/les-journees-refmar-reseaux-de-reference-des-observations-maregraphiques\/"},"wordCount":390,"image":{"@id":"https:\/\/ist.blogs.inrae.fr\/allenvi\/les-journees-refmar-reseaux-de-reference-des-observations-maregraphiques\/#primaryimage"},"thumbnailUrl":"https:\/\/ist.blogs.inrae.fr\/allenvi\/wp-content\/uploads\/sites\/52\/2022\/07\/les-journees-refmar.jpg","articleSection":["Actualit\u00e9s"],"inLanguage":"fr-FR"},{"@type":"WebPage","@id":"https:\/\/ist.blogs.inrae.fr\/allenvi\/les-journees-refmar-reseaux-de-reference-des-observations-maregraphiques\/","url":"https:\/\/ist.blogs.inrae.fr\/allenvi\/les-journees-refmar-reseaux-de-reference-des-observations-maregraphiques\/","name":"Les journ\u00e9es Refmar : R\u00e9seaux de r\u00e9f\u00e9rence des observations mar\u00e9graphiques - Alliance Allenvi","isPartOf":{"@id":"https:\/\/ist.blogs.inrae.fr\/allenvi\/#website"},"primaryImageOfPage":{"@id":"https:\/\/ist.blogs.inrae.fr\/allenvi\/les-journees-refmar-reseaux-de-reference-des-observations-maregraphiques\/#primaryimage"},"image":{"@id":"https:\/\/ist.blogs.inrae.fr\/allenvi\/les-journees-refmar-reseaux-de-reference-des-observations-maregraphiques\/#primaryimage"},"thumbnailUrl":"https:\/\/ist.blogs.inrae.fr\/allenvi\/wp-content\/uploads\/sites\/52\/2022\/07\/les-journees-refmar.jpg","datePublished":"2013-05-30T15:12:00+00:00","dateModified":"2022-07-05T16:39:03+00:00","author":{"@id":"https:\/\/ist.blogs.inrae.fr\/allenvi\/#\/schema\/person\/ffd88b01709e892b89bdb3e74a5216d0"},"breadcrumb":{"@id":"https:\/\/ist.blogs.inrae.fr\/allenvi\/les-journees-refmar-reseaux-de-reference-des-observations-maregraphiques\/#breadcrumb"},"inLanguage":"fr-FR","potentialAction":[{"@type":"ReadAction","target":["https:\/\/ist.blogs.inrae.fr\/allenvi\/les-journees-refmar-reseaux-de-reference-des-observations-maregraphiques\/"]}]},{"@type":"ImageObject","inLanguage":"fr-FR","@id":"https:\/\/ist.blogs.inrae.fr\/allenvi\/les-journees-refmar-reseaux-de-reference-des-observations-maregraphiques\/#primaryimage","url":"https:\/\/ist.blogs.inrae.fr\/allenvi\/wp-content\/uploads\/sites\/52\/2022\/07\/les-journees-refmar.jpg","contentUrl":"https:\/\/ist.blogs.inrae.fr\/allenvi\/wp-content\/uploads\/sites\/52\/2022\/07\/les-journees-refmar.jpg","width":597,"height":320,"caption":"Les journ\u00e9es Refmar"},{"@type":"BreadcrumbList","@id":"https:\/\/ist.blogs.inrae.fr\/allenvi\/les-journees-refmar-reseaux-de-reference-des-observations-maregraphiques\/#breadcrumb","itemListElement":[{"@type":"ListItem","position":1,"name":"Accueil","item":"https:\/\/ist.blogs.inrae.fr\/allenvi\/"},{"@type":"ListItem","position":2,"name":"Les journ\u00e9es Refmar : R\u00e9seaux de r\u00e9f\u00e9rence des observations mar\u00e9graphiques"}]},{"@type":"WebSite","@id":"https:\/\/ist.blogs.inrae.fr\/allenvi\/#website","url":"https:\/\/ist.blogs.inrae.fr\/allenvi\/","name":"Alliance Allenvi","description":"","potentialAction":[{"@type":"SearchAction","target":{"@type":"EntryPoint","urlTemplate":"https:\/\/ist.blogs.inrae.fr\/allenvi\/?s={search_term_string}"},"query-input":{"@type":"PropertyValueSpecification","valueRequired":true,"valueName":"search_term_string"}}],"inLanguage":"fr-FR"},{"@type":"Person","@id":"https:\/\/ist.blogs.inrae.fr\/allenvi\/#\/schema\/person\/ffd88b01709e892b89bdb3e74a5216d0","name":"Sonya","image":{"@type":"ImageObject","inLanguage":"fr-FR","@id":"https:\/\/secure.gravatar.com\/avatar\/c1b735e3106a434d078f2a829a0ca4731c3e2f746b44fc8c1a6dd118f1c87dce?s=96&d=mm&r=g","url":"https:\/\/secure.gravatar.com\/avatar\/c1b735e3106a434d078f2a829a0ca4731c3e2f746b44fc8c1a6dd118f1c87dce?s=96&d=mm&r=g","contentUrl":"https:\/\/secure.gravatar.com\/avatar\/c1b735e3106a434d078f2a829a0ca4731c3e2f746b44fc8c1a6dd118f1c87dce?s=96&d=mm&r=g","caption":"Sonya"},"url":"https:\/\/ist.blogs.inrae.fr\/allenvi\/author\/sonya\/"}]}},"_links":{"self":[{"href":"https:\/\/ist.blogs.inrae.fr\/allenvi\/wp-json\/wp\/v2\/posts\/9784","targetHints":{"allow":["GET"]}}],"collection":[{"href":"https:\/\/ist.blogs.inrae.fr\/allenvi\/wp-json\/wp\/v2\/posts"}],"about":[{"href":"https:\/\/ist.blogs.inrae.fr\/allenvi\/wp-json\/wp\/v2\/types\/post"}],"author":[{"embeddable":true,"href":"https:\/\/ist.blogs.inrae.fr\/allenvi\/wp-json\/wp\/v2\/users\/199"}],"replies":[{"embeddable":true,"href":"https:\/\/ist.blogs.inrae.fr\/allenvi\/wp-json\/wp\/v2\/comments?post=9784"}],"version-history":[{"count":2,"href":"https:\/\/ist.blogs.inrae.fr\/allenvi\/wp-json\/wp\/v2\/posts\/9784\/revisions"}],"predecessor-version":[{"id":9858,"href":"https:\/\/ist.blogs.inrae.fr\/allenvi\/wp-json\/wp\/v2\/posts\/9784\/revisions\/9858"}],"wp:featuredmedia":[{"embeddable":true,"href":"https:\/\/ist.blogs.inrae.fr\/allenvi\/wp-json\/wp\/v2\/media\/9600"}],"wp:attachment":[{"href":"https:\/\/ist.blogs.inrae.fr\/allenvi\/wp-json\/wp\/v2\/media?parent=9784"}],"wp:term":[{"taxonomy":"category","embeddable":true,"href":"https:\/\/ist.blogs.inrae.fr\/allenvi\/wp-json\/wp\/v2\/categories?post=9784"},{"taxonomy":"post_tag","embeddable":true,"href":"https:\/\/ist.blogs.inrae.fr\/allenvi\/wp-json\/wp\/v2\/tags?post=9784"}],"curies":[{"name":"wp","href":"https:\/\/api.w.org\/{rel}","templated":true}]}}