{"id":9759,"date":"2013-06-07T15:05:00","date_gmt":"2013-06-07T15:05:00","guid":{"rendered":"https:\/\/www.allenvi.fr\/?p=9759"},"modified":"2022-07-05T15:10:45","modified_gmt":"2022-07-05T15:10:45","slug":"video-alimentation-le-grand-defi","status":"publish","type":"post","link":"https:\/\/ist.blogs.inrae.fr\/allenvi\/video-alimentation-le-grand-defi\/","title":{"rendered":"VIDEO &#8211; Alimentation, le grand d\u00e9fi"},"content":{"rendered":"\n<p>Retrouvez en vid\u00e9o les riches \u00e9changes autour du th\u00e8me : Alimentation, le grand d\u00e9fi. Cette rencontre \u00e9tait organis\u00e9e par les alliances AllEnvi et Ath\u00e9na \u00e0 l\u2019occasion du salon Innovatives SHS, le 16 mai dernier.<\/p>\n\n\n\n<p><strong>Allocutions&nbsp;de Sophie Bejean&nbsp;(Ath\u00e9na) et de Fran\u00e7ois Houllier&nbsp;(pr\u00e9sident d\u2019AllEnvi)<\/strong><\/p>\n\n\n\n<p><a href=\"http:\/\/webcast.in2p3.fr\/videos-allocutions_de_sophie_bejean_et_francois_houillier\" target=\"_blank\" rel=\"noreferrer noopener\">Voir la vid\u00e9o<\/a><\/p>\n\n\n\n<p><strong>Introduction de Christine Cherbut, directrice scientifique alimentation \u00e0 l\u2019Inra<\/strong><\/p>\n\n\n\n<p><a href=\"http:\/\/webcast.in2p3.fr\/videos-conference_de_christine_cherbut\" target=\"_blank\" rel=\"noreferrer noopener\">Voir la vid\u00e9o<\/a><\/p>\n\n\n\n<p><strong>Le comportement alimentaire<\/strong><\/p>\n\n\n\n<p><a href=\"http:\/\/webcast.in2p3.fr\/videos-le_comportement_alimentaire\">Voir la vid\u00e9o<\/a><\/p>\n\n\n\n<p>Mod\u00e9rateur : <strong>Claude Fischler<\/strong>, CNRS, directeur de l\u2019Institut interdisciplinaire d\u2019anthropologie du contemporain (IIAC), Centre Edgar-Morin<br>Intervenants :<br><strong>Louis-Georges Soler<\/strong>, Inra, directeur d\u2019Alimentation et sciences sociales (ALiSS)<br><strong>Charles Pernin<\/strong>, association Consommation, logement, cadre de vie (CLCV), charg\u00e9 de mission Alimentation et Sant\u00e9<br><strong>Philippe Pont-Nourat<\/strong>, Sodexo, Directeur G\u00e9n\u00e9ral pour le secteur de l\u2019\u00c9ducation en France<\/p>\n\n\n\n<p><strong>La perception de l\u2019alimentation<\/strong><\/p>\n\n\n\n<p><a href=\"http:\/\/webcast.in2p3.fr\/videos-la_perception_de_l_alimentation\" target=\"_blank\" rel=\"noreferrer noopener\">Voir la vid\u00e9o<\/a><\/p>\n\n\n\n<p>Intervenants :<br><strong>Jocelyn Raude<\/strong>, \u00c9cole des Hautes \u00c9tudes en Sant\u00e9 Publique (EHESP)<br><strong>Dominique Allaume-Bobe<\/strong>, administrateur de l\u2019Union nationale des associations familiales (UNAF)<br><strong>Thierry Geslain<\/strong>, Centre national interprofessionnel de l\u2019\u00e9conomie laiti\u00e8re (CNIEL)<\/p>\n\n\n\n<p><strong>L\u2019alimentation des villes<\/strong><\/p>\n\n\n\n<p><a href=\"http:\/\/webcast.in2p3.fr\/videos-l_alimentation_des_villes\" target=\"_blank\" rel=\"noreferrer noopener\">Voir la vid\u00e9o<\/a><\/p>\n\n\n\n<p>Intervenants :<br><strong>Nicolas Bricas<\/strong>, Cirad, D\u00e9partement Environnements et Soci\u00e9t\u00e9s<br><strong>Nicolas Gausser\u00e8s<\/strong>, Danone Research, Directeur Nutrition<br><strong>Jean-Louis Routhier<\/strong>, CNRS, Laboratoire d\u2019\u00c9conomie des Transports, ISH Lyon<br><strong>Marc Graindorge<\/strong>, responsable de d\u00e9partement Innovation et qualit\u00e9 au Cervia Paris\/Ile-de-France<\/p>\n","protected":false},"excerpt":{"rendered":"<p>Retrouvez en vid\u00e9o les riches \u00e9changes autour du th\u00e8me : Alimentation, le grand d\u00e9fi. Cette rencontre \u00e9tait organis\u00e9e par les alliances AllEnvi et Ath\u00e9na \u00e0 l\u2019occasion du salon Innovatives SHS, le 16 mai dernier. Allocutions&nbsp;de Sophie Bejean&nbsp;(Ath\u00e9na) et de Fran\u00e7ois Houllier&nbsp;(pr\u00e9sident d\u2019AllEnvi) Voir la vid\u00e9o Introduction de Christine Cherbut, directrice scientifique alimentation \u00e0 l\u2019Inra Voir [&hellip;]<\/p>\n","protected":false},"author":199,"featured_media":9591,"comment_status":"closed","ping_status":"open","sticky":false,"template":"","format":"standard","meta":{"_et_pb_use_builder":"off","_et_pb_old_content":"","_et_gb_content_width":"","inline_featured_image":false,"footnotes":""},"categories":[22],"tags":[],"class_list":["post-9759","post","type-post","status-publish","format-standard","has-post-thumbnail","hentry","category-nos-actualites"],"yoast_head":"<!-- This site is optimized with the Yoast SEO plugin v27.4 - https:\/\/yoast.com\/product\/yoast-seo-wordpress\/ -->\n<title>VIDEO - Alimentation, le grand d\u00e9fi - Alliance Allenvi<\/title>\n<meta name=\"robots\" content=\"noindex, follow, max-snippet:-1, max-image-preview:large, max-video-preview:-1\" \/>\n<meta property=\"og:locale\" content=\"fr_FR\" \/>\n<meta property=\"og:type\" content=\"article\" \/>\n<meta property=\"og:title\" content=\"VIDEO - Alimentation, le grand d\u00e9fi - Alliance Allenvi\" \/>\n<meta property=\"og:description\" content=\"Retrouvez en vid\u00e9o les riches \u00e9changes autour du th\u00e8me : Alimentation, le grand d\u00e9fi. Cette rencontre \u00e9tait organis\u00e9e par les alliances AllEnvi et Ath\u00e9na \u00e0 l\u2019occasion du salon Innovatives SHS, le 16 mai dernier. Allocutions&nbsp;de Sophie Bejean&nbsp;(Ath\u00e9na) et de Fran\u00e7ois Houllier&nbsp;(pr\u00e9sident d\u2019AllEnvi) Voir la vid\u00e9o Introduction de Christine Cherbut, directrice scientifique alimentation \u00e0 l\u2019Inra Voir [&hellip;]\" \/>\n<meta property=\"og:url\" content=\"https:\/\/ist.blogs.inrae.fr\/allenvi\/video-alimentation-le-grand-defi\/\" \/>\n<meta property=\"og:site_name\" content=\"Alliance Allenvi\" \/>\n<meta property=\"article:published_time\" content=\"2013-06-07T15:05:00+00:00\" \/>\n<meta property=\"article:modified_time\" content=\"2022-07-05T15:10:45+00:00\" \/>\n<meta property=\"og:image\" content=\"https:\/\/ist.blogs.inrae.fr\/allenvi\/wp-content\/uploads\/sites\/52\/2022\/07\/alimentation-le-grand-defi.jpg\" \/>\n\t<meta property=\"og:image:width\" content=\"500\" \/>\n\t<meta property=\"og:image:height\" content=\"541\" \/>\n\t<meta property=\"og:image:type\" content=\"image\/jpeg\" \/>\n<meta name=\"author\" content=\"Sonya\" \/>\n<meta name=\"twitter:card\" content=\"summary_large_image\" \/>\n<meta name=\"twitter:label1\" content=\"\u00c9crit par\" \/>\n\t<meta name=\"twitter:data1\" content=\"Sonya\" \/>\n\t<meta name=\"twitter:label2\" content=\"Dur\u00e9e de lecture estim\u00e9e\" \/>\n\t<meta name=\"twitter:data2\" content=\"1 minute\" \/>\n<script type=\"application\/ld+json\" class=\"yoast-schema-graph\">{\"@context\":\"https:\\\/\\\/schema.org\",\"@graph\":[{\"@type\":\"Article\",\"@id\":\"https:\\\/\\\/ist.blogs.inrae.fr\\\/allenvi\\\/video-alimentation-le-grand-defi\\\/#article\",\"isPartOf\":{\"@id\":\"https:\\\/\\\/ist.blogs.inrae.fr\\\/allenvi\\\/video-alimentation-le-grand-defi\\\/\"},\"author\":{\"name\":\"Sonya\",\"@id\":\"https:\\\/\\\/ist.blogs.inrae.fr\\\/allenvi\\\/#\\\/schema\\\/person\\\/ffd88b01709e892b89bdb3e74a5216d0\"},\"headline\":\"VIDEO &#8211; Alimentation, le grand d\u00e9fi\",\"datePublished\":\"2013-06-07T15:05:00+00:00\",\"dateModified\":\"2022-07-05T15:10:45+00:00\",\"mainEntityOfPage\":{\"@id\":\"https:\\\/\\\/ist.blogs.inrae.fr\\\/allenvi\\\/video-alimentation-le-grand-defi\\\/\"},\"wordCount\":234,\"image\":{\"@id\":\"https:\\\/\\\/ist.blogs.inrae.fr\\\/allenvi\\\/video-alimentation-le-grand-defi\\\/#primaryimage\"},\"thumbnailUrl\":\"https:\\\/\\\/ist.blogs.inrae.fr\\\/allenvi\\\/wp-content\\\/uploads\\\/sites\\\/52\\\/2022\\\/07\\\/alimentation-le-grand-defi.jpg\",\"articleSection\":[\"Actualit\u00e9s\"],\"inLanguage\":\"fr-FR\"},{\"@type\":\"WebPage\",\"@id\":\"https:\\\/\\\/ist.blogs.inrae.fr\\\/allenvi\\\/video-alimentation-le-grand-defi\\\/\",\"url\":\"https:\\\/\\\/ist.blogs.inrae.fr\\\/allenvi\\\/video-alimentation-le-grand-defi\\\/\",\"name\":\"VIDEO - Alimentation, le grand d\u00e9fi - Alliance Allenvi\",\"isPartOf\":{\"@id\":\"https:\\\/\\\/ist.blogs.inrae.fr\\\/allenvi\\\/#website\"},\"primaryImageOfPage\":{\"@id\":\"https:\\\/\\\/ist.blogs.inrae.fr\\\/allenvi\\\/video-alimentation-le-grand-defi\\\/#primaryimage\"},\"image\":{\"@id\":\"https:\\\/\\\/ist.blogs.inrae.fr\\\/allenvi\\\/video-alimentation-le-grand-defi\\\/#primaryimage\"},\"thumbnailUrl\":\"https:\\\/\\\/ist.blogs.inrae.fr\\\/allenvi\\\/wp-content\\\/uploads\\\/sites\\\/52\\\/2022\\\/07\\\/alimentation-le-grand-defi.jpg\",\"datePublished\":\"2013-06-07T15:05:00+00:00\",\"dateModified\":\"2022-07-05T15:10:45+00:00\",\"author\":{\"@id\":\"https:\\\/\\\/ist.blogs.inrae.fr\\\/allenvi\\\/#\\\/schema\\\/person\\\/ffd88b01709e892b89bdb3e74a5216d0\"},\"breadcrumb\":{\"@id\":\"https:\\\/\\\/ist.blogs.inrae.fr\\\/allenvi\\\/video-alimentation-le-grand-defi\\\/#breadcrumb\"},\"inLanguage\":\"fr-FR\",\"potentialAction\":[{\"@type\":\"ReadAction\",\"target\":[\"https:\\\/\\\/ist.blogs.inrae.fr\\\/allenvi\\\/video-alimentation-le-grand-defi\\\/\"]}]},{\"@type\":\"ImageObject\",\"inLanguage\":\"fr-FR\",\"@id\":\"https:\\\/\\\/ist.blogs.inrae.fr\\\/allenvi\\\/video-alimentation-le-grand-defi\\\/#primaryimage\",\"url\":\"https:\\\/\\\/ist.blogs.inrae.fr\\\/allenvi\\\/wp-content\\\/uploads\\\/sites\\\/52\\\/2022\\\/07\\\/alimentation-le-grand-defi.jpg\",\"contentUrl\":\"https:\\\/\\\/ist.blogs.inrae.fr\\\/allenvi\\\/wp-content\\\/uploads\\\/sites\\\/52\\\/2022\\\/07\\\/alimentation-le-grand-defi.jpg\",\"width\":500,\"height\":541,\"caption\":\"Alimentation le grand d\u00e9fi\"},{\"@type\":\"BreadcrumbList\",\"@id\":\"https:\\\/\\\/ist.blogs.inrae.fr\\\/allenvi\\\/video-alimentation-le-grand-defi\\\/#breadcrumb\",\"itemListElement\":[{\"@type\":\"ListItem\",\"position\":1,\"name\":\"Accueil\",\"item\":\"https:\\\/\\\/ist.blogs.inrae.fr\\\/allenvi\\\/\"},{\"@type\":\"ListItem\",\"position\":2,\"name\":\"VIDEO &#8211; Alimentation, le grand d\u00e9fi\"}]},{\"@type\":\"WebSite\",\"@id\":\"https:\\\/\\\/ist.blogs.inrae.fr\\\/allenvi\\\/#website\",\"url\":\"https:\\\/\\\/ist.blogs.inrae.fr\\\/allenvi\\\/\",\"name\":\"Alliance Allenvi\",\"description\":\"\",\"potentialAction\":[{\"@type\":\"SearchAction\",\"target\":{\"@type\":\"EntryPoint\",\"urlTemplate\":\"https:\\\/\\\/ist.blogs.inrae.fr\\\/allenvi\\\/?s={search_term_string}\"},\"query-input\":{\"@type\":\"PropertyValueSpecification\",\"valueRequired\":true,\"valueName\":\"search_term_string\"}}],\"inLanguage\":\"fr-FR\"},{\"@type\":\"Person\",\"@id\":\"https:\\\/\\\/ist.blogs.inrae.fr\\\/allenvi\\\/#\\\/schema\\\/person\\\/ffd88b01709e892b89bdb3e74a5216d0\",\"name\":\"Sonya\",\"image\":{\"@type\":\"ImageObject\",\"inLanguage\":\"fr-FR\",\"@id\":\"https:\\\/\\\/secure.gravatar.com\\\/avatar\\\/c1b735e3106a434d078f2a829a0ca4731c3e2f746b44fc8c1a6dd118f1c87dce?s=96&d=mm&r=g\",\"url\":\"https:\\\/\\\/secure.gravatar.com\\\/avatar\\\/c1b735e3106a434d078f2a829a0ca4731c3e2f746b44fc8c1a6dd118f1c87dce?s=96&d=mm&r=g\",\"contentUrl\":\"https:\\\/\\\/secure.gravatar.com\\\/avatar\\\/c1b735e3106a434d078f2a829a0ca4731c3e2f746b44fc8c1a6dd118f1c87dce?s=96&d=mm&r=g\",\"caption\":\"Sonya\"},\"url\":\"https:\\\/\\\/ist.blogs.inrae.fr\\\/allenvi\\\/author\\\/sonya\\\/\"}]}<\/script>\n<!-- \/ Yoast SEO plugin. -->","yoast_head_json":{"title":"VIDEO - Alimentation, le grand d\u00e9fi - Alliance Allenvi","robots":{"index":"noindex","follow":"follow","max-snippet":"max-snippet:-1","max-image-preview":"max-image-preview:large","max-video-preview":"max-video-preview:-1"},"og_locale":"fr_FR","og_type":"article","og_title":"VIDEO - Alimentation, le grand d\u00e9fi - Alliance Allenvi","og_description":"Retrouvez en vid\u00e9o les riches \u00e9changes autour du th\u00e8me : Alimentation, le grand d\u00e9fi. Cette rencontre \u00e9tait organis\u00e9e par les alliances AllEnvi et Ath\u00e9na \u00e0 l\u2019occasion du salon Innovatives SHS, le 16 mai dernier. Allocutions&nbsp;de Sophie Bejean&nbsp;(Ath\u00e9na) et de Fran\u00e7ois Houllier&nbsp;(pr\u00e9sident d\u2019AllEnvi) Voir la vid\u00e9o Introduction de Christine Cherbut, directrice scientifique alimentation \u00e0 l\u2019Inra Voir [&hellip;]","og_url":"https:\/\/ist.blogs.inrae.fr\/allenvi\/video-alimentation-le-grand-defi\/","og_site_name":"Alliance Allenvi","article_published_time":"2013-06-07T15:05:00+00:00","article_modified_time":"2022-07-05T15:10:45+00:00","og_image":[{"width":500,"height":541,"url":"https:\/\/ist.blogs.inrae.fr\/allenvi\/wp-content\/uploads\/sites\/52\/2022\/07\/alimentation-le-grand-defi.jpg","type":"image\/jpeg"}],"author":"Sonya","twitter_card":"summary_large_image","twitter_misc":{"\u00c9crit par":"Sonya","Dur\u00e9e de lecture estim\u00e9e":"1 minute"},"schema":{"@context":"https:\/\/schema.org","@graph":[{"@type":"Article","@id":"https:\/\/ist.blogs.inrae.fr\/allenvi\/video-alimentation-le-grand-defi\/#article","isPartOf":{"@id":"https:\/\/ist.blogs.inrae.fr\/allenvi\/video-alimentation-le-grand-defi\/"},"author":{"name":"Sonya","@id":"https:\/\/ist.blogs.inrae.fr\/allenvi\/#\/schema\/person\/ffd88b01709e892b89bdb3e74a5216d0"},"headline":"VIDEO &#8211; Alimentation, le grand d\u00e9fi","datePublished":"2013-06-07T15:05:00+00:00","dateModified":"2022-07-05T15:10:45+00:00","mainEntityOfPage":{"@id":"https:\/\/ist.blogs.inrae.fr\/allenvi\/video-alimentation-le-grand-defi\/"},"wordCount":234,"image":{"@id":"https:\/\/ist.blogs.inrae.fr\/allenvi\/video-alimentation-le-grand-defi\/#primaryimage"},"thumbnailUrl":"https:\/\/ist.blogs.inrae.fr\/allenvi\/wp-content\/uploads\/sites\/52\/2022\/07\/alimentation-le-grand-defi.jpg","articleSection":["Actualit\u00e9s"],"inLanguage":"fr-FR"},{"@type":"WebPage","@id":"https:\/\/ist.blogs.inrae.fr\/allenvi\/video-alimentation-le-grand-defi\/","url":"https:\/\/ist.blogs.inrae.fr\/allenvi\/video-alimentation-le-grand-defi\/","name":"VIDEO - Alimentation, le grand d\u00e9fi - Alliance Allenvi","isPartOf":{"@id":"https:\/\/ist.blogs.inrae.fr\/allenvi\/#website"},"primaryImageOfPage":{"@id":"https:\/\/ist.blogs.inrae.fr\/allenvi\/video-alimentation-le-grand-defi\/#primaryimage"},"image":{"@id":"https:\/\/ist.blogs.inrae.fr\/allenvi\/video-alimentation-le-grand-defi\/#primaryimage"},"thumbnailUrl":"https:\/\/ist.blogs.inrae.fr\/allenvi\/wp-content\/uploads\/sites\/52\/2022\/07\/alimentation-le-grand-defi.jpg","datePublished":"2013-06-07T15:05:00+00:00","dateModified":"2022-07-05T15:10:45+00:00","author":{"@id":"https:\/\/ist.blogs.inrae.fr\/allenvi\/#\/schema\/person\/ffd88b01709e892b89bdb3e74a5216d0"},"breadcrumb":{"@id":"https:\/\/ist.blogs.inrae.fr\/allenvi\/video-alimentation-le-grand-defi\/#breadcrumb"},"inLanguage":"fr-FR","potentialAction":[{"@type":"ReadAction","target":["https:\/\/ist.blogs.inrae.fr\/allenvi\/video-alimentation-le-grand-defi\/"]}]},{"@type":"ImageObject","inLanguage":"fr-FR","@id":"https:\/\/ist.blogs.inrae.fr\/allenvi\/video-alimentation-le-grand-defi\/#primaryimage","url":"https:\/\/ist.blogs.inrae.fr\/allenvi\/wp-content\/uploads\/sites\/52\/2022\/07\/alimentation-le-grand-defi.jpg","contentUrl":"https:\/\/ist.blogs.inrae.fr\/allenvi\/wp-content\/uploads\/sites\/52\/2022\/07\/alimentation-le-grand-defi.jpg","width":500,"height":541,"caption":"Alimentation le grand d\u00e9fi"},{"@type":"BreadcrumbList","@id":"https:\/\/ist.blogs.inrae.fr\/allenvi\/video-alimentation-le-grand-defi\/#breadcrumb","itemListElement":[{"@type":"ListItem","position":1,"name":"Accueil","item":"https:\/\/ist.blogs.inrae.fr\/allenvi\/"},{"@type":"ListItem","position":2,"name":"VIDEO &#8211; Alimentation, le grand d\u00e9fi"}]},{"@type":"WebSite","@id":"https:\/\/ist.blogs.inrae.fr\/allenvi\/#website","url":"https:\/\/ist.blogs.inrae.fr\/allenvi\/","name":"Alliance Allenvi","description":"","potentialAction":[{"@type":"SearchAction","target":{"@type":"EntryPoint","urlTemplate":"https:\/\/ist.blogs.inrae.fr\/allenvi\/?s={search_term_string}"},"query-input":{"@type":"PropertyValueSpecification","valueRequired":true,"valueName":"search_term_string"}}],"inLanguage":"fr-FR"},{"@type":"Person","@id":"https:\/\/ist.blogs.inrae.fr\/allenvi\/#\/schema\/person\/ffd88b01709e892b89bdb3e74a5216d0","name":"Sonya","image":{"@type":"ImageObject","inLanguage":"fr-FR","@id":"https:\/\/secure.gravatar.com\/avatar\/c1b735e3106a434d078f2a829a0ca4731c3e2f746b44fc8c1a6dd118f1c87dce?s=96&d=mm&r=g","url":"https:\/\/secure.gravatar.com\/avatar\/c1b735e3106a434d078f2a829a0ca4731c3e2f746b44fc8c1a6dd118f1c87dce?s=96&d=mm&r=g","contentUrl":"https:\/\/secure.gravatar.com\/avatar\/c1b735e3106a434d078f2a829a0ca4731c3e2f746b44fc8c1a6dd118f1c87dce?s=96&d=mm&r=g","caption":"Sonya"},"url":"https:\/\/ist.blogs.inrae.fr\/allenvi\/author\/sonya\/"}]}},"_links":{"self":[{"href":"https:\/\/ist.blogs.inrae.fr\/allenvi\/wp-json\/wp\/v2\/posts\/9759","targetHints":{"allow":["GET"]}}],"collection":[{"href":"https:\/\/ist.blogs.inrae.fr\/allenvi\/wp-json\/wp\/v2\/posts"}],"about":[{"href":"https:\/\/ist.blogs.inrae.fr\/allenvi\/wp-json\/wp\/v2\/types\/post"}],"author":[{"embeddable":true,"href":"https:\/\/ist.blogs.inrae.fr\/allenvi\/wp-json\/wp\/v2\/users\/199"}],"replies":[{"embeddable":true,"href":"https:\/\/ist.blogs.inrae.fr\/allenvi\/wp-json\/wp\/v2\/comments?post=9759"}],"version-history":[{"count":1,"href":"https:\/\/ist.blogs.inrae.fr\/allenvi\/wp-json\/wp\/v2\/posts\/9759\/revisions"}],"predecessor-version":[{"id":9776,"href":"https:\/\/ist.blogs.inrae.fr\/allenvi\/wp-json\/wp\/v2\/posts\/9759\/revisions\/9776"}],"wp:featuredmedia":[{"embeddable":true,"href":"https:\/\/ist.blogs.inrae.fr\/allenvi\/wp-json\/wp\/v2\/media\/9591"}],"wp:attachment":[{"href":"https:\/\/ist.blogs.inrae.fr\/allenvi\/wp-json\/wp\/v2\/media?parent=9759"}],"wp:term":[{"taxonomy":"category","embeddable":true,"href":"https:\/\/ist.blogs.inrae.fr\/allenvi\/wp-json\/wp\/v2\/categories?post=9759"},{"taxonomy":"post_tag","embeddable":true,"href":"https:\/\/ist.blogs.inrae.fr\/allenvi\/wp-json\/wp\/v2\/tags?post=9759"}],"curies":[{"name":"wp","href":"https:\/\/api.w.org\/{rel}","templated":true}]}}