{"id":9697,"date":"2013-10-13T14:38:00","date_gmt":"2013-10-13T14:38:00","guid":{"rendered":"https:\/\/www.allenvi.fr\/?p=9697"},"modified":"2022-07-05T16:37:24","modified_gmt":"2022-07-05T16:37:24","slug":"colloque-agroecologie-recherche","status":"publish","type":"post","link":"https:\/\/ist.blogs.inrae.fr\/allenvi\/colloque-agroecologie-recherche\/","title":{"rendered":"Colloque Agro\u00e9cologie &#038; Recherche"},"content":{"rendered":"\n<p>Sous le haut patronage du ministre de l\u2019Agriculture, de l\u2019Agroalimentaire et de la For\u00eat, l\u2019Inra organise avec le soutien d\u2019Agreenium et de l\u2019alliance AllEnvi un colloque scientifique sur l\u2019agro\u00e9cologie le 17 Octobre au jardin d\u2019acclimatation.<\/p>\n\n\n\n<p>Ce colloque a pour ambition de contribuer activement \u00e0 la mobilisation des communaut\u00e9s de la recherche, de la formation et de l\u2019innovation agronomique.<br>Il mobilisera ainsi les organismes de recherche, les \u00e9tablissements d\u2019enseignement sup\u00e9rieur et les instituts techniques agricoles, ainsi que les acteurs du d\u00e9veloppement agricole et de l\u2019environnement.<\/p>\n\n\n\n<p>Ce colloque fera le point sur :<\/p>\n\n\n\n<ul class=\"wp-block-list\"><li>la r\u00e9flexion de l\u2019Inra et de ses partenaires scientifiques sur l\u2019agro\u00e9cologie,<\/li><li>les recherches et les parcours de formation dans ce domaine,<\/li><li>les interactions entre pratiques agro\u00e9cologiques innovantes, recherche et d\u00e9veloppement.<\/li><\/ul>\n\n\n\n<p>Il apportera en particulier une contribution \u00e0 la compr\u00e9hension :<\/p>\n\n\n\n<ul class=\"wp-block-list\"><li>de la qualification scientifique des innovations agro\u00e9cologiques port\u00e9es par les acteurs de terrain,<\/li><li>des d\u00e9marches d\u2019innovation de rupture issues de travaux de la recherche.<\/li><\/ul>\n\n\n\n<p>Il s\u2019agira de montrer, \u00e0 partir d\u2019exemples concrets, comment la recherche permet de fournir un cadre scientifique g\u00e9n\u00e9ral pour penser cette transition, pour acqu\u00e9rir et diffuser des connaissances, pour proposer des innovations et des solutions pour l\u2019accompagner et la favoriser \u00e0 court, moyen et long terme.<\/p>\n\n\n\n<p>Les gains attendus de la transition vers des pratiques agro\u00e9cologiques, l\u2019insertion dans les fili\u00e8res et les territoires, les freins \u00e0 l\u2019adoption de nouvelles pratiques, les modalit\u00e9s d\u2019accompagnement de cette transition et les principes et indicateurs d\u2019\u00e9valuation seront discut\u00e9s au cours de cette journ\u00e9e.<\/p>\n\n\n\n<p><\/p>\n\n\n\n<div class=\"wp-block-file\"><a id=\"wp-block-file--media-dc7a0724-ca18-48c6-b473-57a80d86c407\" href=\"https:\/\/ist.blogs.inrae.fr\/allenvi\/wp-content\/uploads\/sites\/52\/2022\/07\/programme-agroecologie_cle0ff9ce.pdf\" target=\"_blank\" rel=\"noreferrer noopener\">programme-agroecologie_cle0ff9ce<\/a><a href=\"https:\/\/ist.blogs.inrae.fr\/allenvi\/wp-content\/uploads\/sites\/52\/2022\/07\/programme-agroecologie_cle0ff9ce.pdf\" class=\"wp-block-file__button\" download aria-describedby=\"wp-block-file--media-dc7a0724-ca18-48c6-b473-57a80d86c407\">T\u00e9l\u00e9charger<\/a><\/div>\n","protected":false},"excerpt":{"rendered":"<p>Sous le haut patronage du ministre de l\u2019Agriculture, de l\u2019Agroalimentaire et de la For\u00eat, l\u2019Inra organise avec le soutien d\u2019Agreenium et de l\u2019alliance AllEnvi un colloque scientifique sur l\u2019agro\u00e9cologie le 17 Octobre au jardin d\u2019acclimatation. Ce colloque a pour ambition de contribuer activement \u00e0 la mobilisation des communaut\u00e9s de la recherche, de la formation et [&hellip;]<\/p>\n","protected":false},"author":199,"featured_media":9590,"comment_status":"closed","ping_status":"open","sticky":false,"template":"","format":"standard","meta":{"_et_pb_use_builder":"off","_et_pb_old_content":"","_et_gb_content_width":"","inline_featured_image":false,"footnotes":""},"categories":[22],"tags":[],"class_list":["post-9697","post","type-post","status-publish","format-standard","has-post-thumbnail","hentry","category-nos-actualites"],"yoast_head":"<!-- This site is optimized with the Yoast SEO plugin v27.4 - https:\/\/yoast.com\/product\/yoast-seo-wordpress\/ -->\n<title>Colloque Agro\u00e9cologie &amp; Recherche - Alliance Allenvi<\/title>\n<meta name=\"robots\" content=\"noindex, follow, max-snippet:-1, max-image-preview:large, max-video-preview:-1\" \/>\n<meta property=\"og:locale\" content=\"fr_FR\" \/>\n<meta property=\"og:type\" content=\"article\" \/>\n<meta property=\"og:title\" content=\"Colloque Agro\u00e9cologie &amp; Recherche - Alliance Allenvi\" \/>\n<meta property=\"og:description\" content=\"Sous le haut patronage du ministre de l\u2019Agriculture, de l\u2019Agroalimentaire et de la For\u00eat, l\u2019Inra organise avec le soutien d\u2019Agreenium et de l\u2019alliance AllEnvi un colloque scientifique sur l\u2019agro\u00e9cologie le 17 Octobre au jardin d\u2019acclimatation. Ce colloque a pour ambition de contribuer activement \u00e0 la mobilisation des communaut\u00e9s de la recherche, de la formation et [&hellip;]\" \/>\n<meta property=\"og:url\" content=\"https:\/\/ist.blogs.inrae.fr\/allenvi\/colloque-agroecologie-recherche\/\" \/>\n<meta property=\"og:site_name\" content=\"Alliance Allenvi\" \/>\n<meta property=\"article:published_time\" content=\"2013-10-13T14:38:00+00:00\" \/>\n<meta property=\"article:modified_time\" content=\"2022-07-05T16:37:24+00:00\" \/>\n<meta property=\"og:image\" content=\"https:\/\/ist.blogs.inrae.fr\/allenvi\/wp-content\/uploads\/sites\/52\/2022\/07\/colloque-agroecologie.jpg\" \/>\n\t<meta property=\"og:image:width\" content=\"597\" \/>\n\t<meta property=\"og:image:height\" content=\"320\" \/>\n\t<meta property=\"og:image:type\" content=\"image\/jpeg\" \/>\n<meta name=\"author\" content=\"Sonya\" \/>\n<meta name=\"twitter:card\" content=\"summary_large_image\" \/>\n<meta name=\"twitter:label1\" content=\"\u00c9crit par\" \/>\n\t<meta name=\"twitter:data1\" content=\"Sonya\" \/>\n\t<meta name=\"twitter:label2\" content=\"Dur\u00e9e de lecture estim\u00e9e\" \/>\n\t<meta name=\"twitter:data2\" content=\"2 minutes\" \/>\n<script type=\"application\/ld+json\" class=\"yoast-schema-graph\">{\"@context\":\"https:\\\/\\\/schema.org\",\"@graph\":[{\"@type\":\"Article\",\"@id\":\"https:\\\/\\\/ist.blogs.inrae.fr\\\/allenvi\\\/colloque-agroecologie-recherche\\\/#article\",\"isPartOf\":{\"@id\":\"https:\\\/\\\/ist.blogs.inrae.fr\\\/allenvi\\\/colloque-agroecologie-recherche\\\/\"},\"author\":{\"name\":\"Sonya\",\"@id\":\"https:\\\/\\\/ist.blogs.inrae.fr\\\/allenvi\\\/#\\\/schema\\\/person\\\/ffd88b01709e892b89bdb3e74a5216d0\"},\"headline\":\"Colloque Agro\u00e9cologie &#038; Recherche\",\"datePublished\":\"2013-10-13T14:38:00+00:00\",\"dateModified\":\"2022-07-05T16:37:24+00:00\",\"mainEntityOfPage\":{\"@id\":\"https:\\\/\\\/ist.blogs.inrae.fr\\\/allenvi\\\/colloque-agroecologie-recherche\\\/\"},\"wordCount\":288,\"image\":{\"@id\":\"https:\\\/\\\/ist.blogs.inrae.fr\\\/allenvi\\\/colloque-agroecologie-recherche\\\/#primaryimage\"},\"thumbnailUrl\":\"https:\\\/\\\/ist.blogs.inrae.fr\\\/allenvi\\\/wp-content\\\/uploads\\\/sites\\\/52\\\/2022\\\/07\\\/colloque-agroecologie.jpg\",\"articleSection\":[\"Actualit\u00e9s\"],\"inLanguage\":\"fr-FR\"},{\"@type\":\"WebPage\",\"@id\":\"https:\\\/\\\/ist.blogs.inrae.fr\\\/allenvi\\\/colloque-agroecologie-recherche\\\/\",\"url\":\"https:\\\/\\\/ist.blogs.inrae.fr\\\/allenvi\\\/colloque-agroecologie-recherche\\\/\",\"name\":\"Colloque Agro\u00e9cologie & Recherche - Alliance Allenvi\",\"isPartOf\":{\"@id\":\"https:\\\/\\\/ist.blogs.inrae.fr\\\/allenvi\\\/#website\"},\"primaryImageOfPage\":{\"@id\":\"https:\\\/\\\/ist.blogs.inrae.fr\\\/allenvi\\\/colloque-agroecologie-recherche\\\/#primaryimage\"},\"image\":{\"@id\":\"https:\\\/\\\/ist.blogs.inrae.fr\\\/allenvi\\\/colloque-agroecologie-recherche\\\/#primaryimage\"},\"thumbnailUrl\":\"https:\\\/\\\/ist.blogs.inrae.fr\\\/allenvi\\\/wp-content\\\/uploads\\\/sites\\\/52\\\/2022\\\/07\\\/colloque-agroecologie.jpg\",\"datePublished\":\"2013-10-13T14:38:00+00:00\",\"dateModified\":\"2022-07-05T16:37:24+00:00\",\"author\":{\"@id\":\"https:\\\/\\\/ist.blogs.inrae.fr\\\/allenvi\\\/#\\\/schema\\\/person\\\/ffd88b01709e892b89bdb3e74a5216d0\"},\"breadcrumb\":{\"@id\":\"https:\\\/\\\/ist.blogs.inrae.fr\\\/allenvi\\\/colloque-agroecologie-recherche\\\/#breadcrumb\"},\"inLanguage\":\"fr-FR\",\"potentialAction\":[{\"@type\":\"ReadAction\",\"target\":[\"https:\\\/\\\/ist.blogs.inrae.fr\\\/allenvi\\\/colloque-agroecologie-recherche\\\/\"]}]},{\"@type\":\"ImageObject\",\"inLanguage\":\"fr-FR\",\"@id\":\"https:\\\/\\\/ist.blogs.inrae.fr\\\/allenvi\\\/colloque-agroecologie-recherche\\\/#primaryimage\",\"url\":\"https:\\\/\\\/ist.blogs.inrae.fr\\\/allenvi\\\/wp-content\\\/uploads\\\/sites\\\/52\\\/2022\\\/07\\\/colloque-agroecologie.jpg\",\"contentUrl\":\"https:\\\/\\\/ist.blogs.inrae.fr\\\/allenvi\\\/wp-content\\\/uploads\\\/sites\\\/52\\\/2022\\\/07\\\/colloque-agroecologie.jpg\",\"width\":597,\"height\":320,\"caption\":\"Colloque agro\u00e9cologie\"},{\"@type\":\"BreadcrumbList\",\"@id\":\"https:\\\/\\\/ist.blogs.inrae.fr\\\/allenvi\\\/colloque-agroecologie-recherche\\\/#breadcrumb\",\"itemListElement\":[{\"@type\":\"ListItem\",\"position\":1,\"name\":\"Accueil\",\"item\":\"https:\\\/\\\/ist.blogs.inrae.fr\\\/allenvi\\\/\"},{\"@type\":\"ListItem\",\"position\":2,\"name\":\"Colloque Agro\u00e9cologie &#038; Recherche\"}]},{\"@type\":\"WebSite\",\"@id\":\"https:\\\/\\\/ist.blogs.inrae.fr\\\/allenvi\\\/#website\",\"url\":\"https:\\\/\\\/ist.blogs.inrae.fr\\\/allenvi\\\/\",\"name\":\"Alliance Allenvi\",\"description\":\"\",\"potentialAction\":[{\"@type\":\"SearchAction\",\"target\":{\"@type\":\"EntryPoint\",\"urlTemplate\":\"https:\\\/\\\/ist.blogs.inrae.fr\\\/allenvi\\\/?s={search_term_string}\"},\"query-input\":{\"@type\":\"PropertyValueSpecification\",\"valueRequired\":true,\"valueName\":\"search_term_string\"}}],\"inLanguage\":\"fr-FR\"},{\"@type\":\"Person\",\"@id\":\"https:\\\/\\\/ist.blogs.inrae.fr\\\/allenvi\\\/#\\\/schema\\\/person\\\/ffd88b01709e892b89bdb3e74a5216d0\",\"name\":\"Sonya\",\"image\":{\"@type\":\"ImageObject\",\"inLanguage\":\"fr-FR\",\"@id\":\"https:\\\/\\\/secure.gravatar.com\\\/avatar\\\/c1b735e3106a434d078f2a829a0ca4731c3e2f746b44fc8c1a6dd118f1c87dce?s=96&d=mm&r=g\",\"url\":\"https:\\\/\\\/secure.gravatar.com\\\/avatar\\\/c1b735e3106a434d078f2a829a0ca4731c3e2f746b44fc8c1a6dd118f1c87dce?s=96&d=mm&r=g\",\"contentUrl\":\"https:\\\/\\\/secure.gravatar.com\\\/avatar\\\/c1b735e3106a434d078f2a829a0ca4731c3e2f746b44fc8c1a6dd118f1c87dce?s=96&d=mm&r=g\",\"caption\":\"Sonya\"},\"url\":\"https:\\\/\\\/ist.blogs.inrae.fr\\\/allenvi\\\/author\\\/sonya\\\/\"}]}<\/script>\n<!-- \/ Yoast SEO plugin. -->","yoast_head_json":{"title":"Colloque Agro\u00e9cologie & Recherche - Alliance Allenvi","robots":{"index":"noindex","follow":"follow","max-snippet":"max-snippet:-1","max-image-preview":"max-image-preview:large","max-video-preview":"max-video-preview:-1"},"og_locale":"fr_FR","og_type":"article","og_title":"Colloque Agro\u00e9cologie & Recherche - Alliance Allenvi","og_description":"Sous le haut patronage du ministre de l\u2019Agriculture, de l\u2019Agroalimentaire et de la For\u00eat, l\u2019Inra organise avec le soutien d\u2019Agreenium et de l\u2019alliance AllEnvi un colloque scientifique sur l\u2019agro\u00e9cologie le 17 Octobre au jardin d\u2019acclimatation. Ce colloque a pour ambition de contribuer activement \u00e0 la mobilisation des communaut\u00e9s de la recherche, de la formation et [&hellip;]","og_url":"https:\/\/ist.blogs.inrae.fr\/allenvi\/colloque-agroecologie-recherche\/","og_site_name":"Alliance Allenvi","article_published_time":"2013-10-13T14:38:00+00:00","article_modified_time":"2022-07-05T16:37:24+00:00","og_image":[{"width":597,"height":320,"url":"https:\/\/ist.blogs.inrae.fr\/allenvi\/wp-content\/uploads\/sites\/52\/2022\/07\/colloque-agroecologie.jpg","type":"image\/jpeg"}],"author":"Sonya","twitter_card":"summary_large_image","twitter_misc":{"\u00c9crit par":"Sonya","Dur\u00e9e de lecture estim\u00e9e":"2 minutes"},"schema":{"@context":"https:\/\/schema.org","@graph":[{"@type":"Article","@id":"https:\/\/ist.blogs.inrae.fr\/allenvi\/colloque-agroecologie-recherche\/#article","isPartOf":{"@id":"https:\/\/ist.blogs.inrae.fr\/allenvi\/colloque-agroecologie-recherche\/"},"author":{"name":"Sonya","@id":"https:\/\/ist.blogs.inrae.fr\/allenvi\/#\/schema\/person\/ffd88b01709e892b89bdb3e74a5216d0"},"headline":"Colloque Agro\u00e9cologie &#038; Recherche","datePublished":"2013-10-13T14:38:00+00:00","dateModified":"2022-07-05T16:37:24+00:00","mainEntityOfPage":{"@id":"https:\/\/ist.blogs.inrae.fr\/allenvi\/colloque-agroecologie-recherche\/"},"wordCount":288,"image":{"@id":"https:\/\/ist.blogs.inrae.fr\/allenvi\/colloque-agroecologie-recherche\/#primaryimage"},"thumbnailUrl":"https:\/\/ist.blogs.inrae.fr\/allenvi\/wp-content\/uploads\/sites\/52\/2022\/07\/colloque-agroecologie.jpg","articleSection":["Actualit\u00e9s"],"inLanguage":"fr-FR"},{"@type":"WebPage","@id":"https:\/\/ist.blogs.inrae.fr\/allenvi\/colloque-agroecologie-recherche\/","url":"https:\/\/ist.blogs.inrae.fr\/allenvi\/colloque-agroecologie-recherche\/","name":"Colloque Agro\u00e9cologie & Recherche - Alliance Allenvi","isPartOf":{"@id":"https:\/\/ist.blogs.inrae.fr\/allenvi\/#website"},"primaryImageOfPage":{"@id":"https:\/\/ist.blogs.inrae.fr\/allenvi\/colloque-agroecologie-recherche\/#primaryimage"},"image":{"@id":"https:\/\/ist.blogs.inrae.fr\/allenvi\/colloque-agroecologie-recherche\/#primaryimage"},"thumbnailUrl":"https:\/\/ist.blogs.inrae.fr\/allenvi\/wp-content\/uploads\/sites\/52\/2022\/07\/colloque-agroecologie.jpg","datePublished":"2013-10-13T14:38:00+00:00","dateModified":"2022-07-05T16:37:24+00:00","author":{"@id":"https:\/\/ist.blogs.inrae.fr\/allenvi\/#\/schema\/person\/ffd88b01709e892b89bdb3e74a5216d0"},"breadcrumb":{"@id":"https:\/\/ist.blogs.inrae.fr\/allenvi\/colloque-agroecologie-recherche\/#breadcrumb"},"inLanguage":"fr-FR","potentialAction":[{"@type":"ReadAction","target":["https:\/\/ist.blogs.inrae.fr\/allenvi\/colloque-agroecologie-recherche\/"]}]},{"@type":"ImageObject","inLanguage":"fr-FR","@id":"https:\/\/ist.blogs.inrae.fr\/allenvi\/colloque-agroecologie-recherche\/#primaryimage","url":"https:\/\/ist.blogs.inrae.fr\/allenvi\/wp-content\/uploads\/sites\/52\/2022\/07\/colloque-agroecologie.jpg","contentUrl":"https:\/\/ist.blogs.inrae.fr\/allenvi\/wp-content\/uploads\/sites\/52\/2022\/07\/colloque-agroecologie.jpg","width":597,"height":320,"caption":"Colloque agro\u00e9cologie"},{"@type":"BreadcrumbList","@id":"https:\/\/ist.blogs.inrae.fr\/allenvi\/colloque-agroecologie-recherche\/#breadcrumb","itemListElement":[{"@type":"ListItem","position":1,"name":"Accueil","item":"https:\/\/ist.blogs.inrae.fr\/allenvi\/"},{"@type":"ListItem","position":2,"name":"Colloque Agro\u00e9cologie &#038; Recherche"}]},{"@type":"WebSite","@id":"https:\/\/ist.blogs.inrae.fr\/allenvi\/#website","url":"https:\/\/ist.blogs.inrae.fr\/allenvi\/","name":"Alliance Allenvi","description":"","potentialAction":[{"@type":"SearchAction","target":{"@type":"EntryPoint","urlTemplate":"https:\/\/ist.blogs.inrae.fr\/allenvi\/?s={search_term_string}"},"query-input":{"@type":"PropertyValueSpecification","valueRequired":true,"valueName":"search_term_string"}}],"inLanguage":"fr-FR"},{"@type":"Person","@id":"https:\/\/ist.blogs.inrae.fr\/allenvi\/#\/schema\/person\/ffd88b01709e892b89bdb3e74a5216d0","name":"Sonya","image":{"@type":"ImageObject","inLanguage":"fr-FR","@id":"https:\/\/secure.gravatar.com\/avatar\/c1b735e3106a434d078f2a829a0ca4731c3e2f746b44fc8c1a6dd118f1c87dce?s=96&d=mm&r=g","url":"https:\/\/secure.gravatar.com\/avatar\/c1b735e3106a434d078f2a829a0ca4731c3e2f746b44fc8c1a6dd118f1c87dce?s=96&d=mm&r=g","contentUrl":"https:\/\/secure.gravatar.com\/avatar\/c1b735e3106a434d078f2a829a0ca4731c3e2f746b44fc8c1a6dd118f1c87dce?s=96&d=mm&r=g","caption":"Sonya"},"url":"https:\/\/ist.blogs.inrae.fr\/allenvi\/author\/sonya\/"}]}},"_links":{"self":[{"href":"https:\/\/ist.blogs.inrae.fr\/allenvi\/wp-json\/wp\/v2\/posts\/9697","targetHints":{"allow":["GET"]}}],"collection":[{"href":"https:\/\/ist.blogs.inrae.fr\/allenvi\/wp-json\/wp\/v2\/posts"}],"about":[{"href":"https:\/\/ist.blogs.inrae.fr\/allenvi\/wp-json\/wp\/v2\/types\/post"}],"author":[{"embeddable":true,"href":"https:\/\/ist.blogs.inrae.fr\/allenvi\/wp-json\/wp\/v2\/users\/199"}],"replies":[{"embeddable":true,"href":"https:\/\/ist.blogs.inrae.fr\/allenvi\/wp-json\/wp\/v2\/comments?post=9697"}],"version-history":[{"count":2,"href":"https:\/\/ist.blogs.inrae.fr\/allenvi\/wp-json\/wp\/v2\/posts\/9697\/revisions"}],"predecessor-version":[{"id":9854,"href":"https:\/\/ist.blogs.inrae.fr\/allenvi\/wp-json\/wp\/v2\/posts\/9697\/revisions\/9854"}],"wp:featuredmedia":[{"embeddable":true,"href":"https:\/\/ist.blogs.inrae.fr\/allenvi\/wp-json\/wp\/v2\/media\/9590"}],"wp:attachment":[{"href":"https:\/\/ist.blogs.inrae.fr\/allenvi\/wp-json\/wp\/v2\/media?parent=9697"}],"wp:term":[{"taxonomy":"category","embeddable":true,"href":"https:\/\/ist.blogs.inrae.fr\/allenvi\/wp-json\/wp\/v2\/categories?post=9697"},{"taxonomy":"post_tag","embeddable":true,"href":"https:\/\/ist.blogs.inrae.fr\/allenvi\/wp-json\/wp\/v2\/tags?post=9697"}],"curies":[{"name":"wp","href":"https:\/\/api.w.org\/{rel}","templated":true}]}}