{"id":9654,"date":"2013-11-07T19:29:00","date_gmt":"2013-11-07T19:29:00","guid":{"rendered":"https:\/\/www.allenvi.fr\/?p=9654"},"modified":"2022-07-05T14:09:05","modified_gmt":"2022-07-05T14:09:05","slug":"colloque-evolution-aujourdhui-et-demain","status":"publish","type":"post","link":"https:\/\/ist.blogs.inrae.fr\/allenvi\/colloque-evolution-aujourdhui-et-demain\/","title":{"rendered":"Colloque \u00c9volution : aujourd\u2019hui et demain"},"content":{"rendered":"\n<p>Allenvi et Aviesan organisent un colloque sur le th\u00e8me de l\u2019\u00e9volution. Objectif : \u00e9tablir des passerelles entre sciences de la sant\u00e9 et sciences environnementales \u00e0 travers l\u2019\u00e9tude de ce champ de recherche strat\u00e9gique. Rendez-vous les 28 et 29 novembre prochain.<\/p>\n\n\n\n<p>Au programme : g\u00e9n\u00e9tique \u00e9volutive du d\u00e9veloppement (\u00e9vo-d\u00e9vo), g\u00e9nomique \u00e9volutive, \u00e9cologie ou encore int\u00e9r\u00eat des approches \u00e9volutives dans la compr\u00e9hension des pathologies.<\/p>\n\n\n\n<p>Durant ces deux jours, le th\u00e8me de l\u2019\u00e9volution sera trait\u00e9 sous diff\u00e9rents angles, avec notamment, l\u2019objectif d\u2019\u00e9tablir des passerelles entre Aviesan et AllEnvi. Cet \u00e9v\u00e9nement illustre le besoin de connaissance du vivant, tant pour l\u2019\u00e9tude du fonctionnement et de la gestion des \u00e9cosyst\u00e8mes (productifs et naturels) que pour le bien-\u00eatre et la sant\u00e9 de l\u2019Homme.<\/p>\n\n\n\n<p>Ce colloque est organis\u00e9 par AllEnvi et les Instituts th\u00e9matiques multi-organismes (ITMO) \u00ab\u00a0Biologie cellulaire, d\u00e9veloppement et \u00e9volution\u00a0\u00bb et \u00ab\u00a0G\u00e9n\u00e9tique, g\u00e9nomique et bioinformatique\u00a0\u00bb.<\/p>\n\n\n\n<p><strong>Colloque&nbsp; \u00c9volution : aujourd\u2019hui et demain<\/strong><br><strong>28 et 29 novembre 2013<\/strong><br>CNRS, Campus G\u00e9rard M\u00e9gie<br>3 rue Michel-Ange, Paris 16e<\/p>\n\n\n\n<p><strong>Inscription gratuite mais obligatoire sur le <\/strong><a href=\"http:\/\/evolution.sciencesconf.org\" target=\"_blank\" rel=\"noreferrer noopener\"><strong>site de l&rsquo;\u00e9v\u00e9nement<\/strong><\/a><\/p>\n\n\n\n<p><\/p>\n\n\n\n<div class=\"wp-block-file\"><a id=\"wp-block-file--media-7fbe5c13-bf81-4c71-9b87-f2fe980e3e61\" href=\"https:\/\/ist.blogs.inrae.fr\/allenvi\/wp-content\/uploads\/sites\/52\/2022\/07\/Laffiche-du-colloque-Evolution.pdf\" target=\"_blank\" rel=\"noreferrer noopener\">Laffiche-du-colloque-Evolution<\/a><a href=\"https:\/\/ist.blogs.inrae.fr\/allenvi\/wp-content\/uploads\/sites\/52\/2022\/07\/Laffiche-du-colloque-Evolution.pdf\" class=\"wp-block-file__button\" download aria-describedby=\"wp-block-file--media-7fbe5c13-bf81-4c71-9b87-f2fe980e3e61\">T\u00e9l\u00e9charger<\/a><\/div>\n\n\n\n<div class=\"wp-block-file\"><a id=\"wp-block-file--media-438b88b6-7cdb-4ca9-a9d9-3361de35cf50\" href=\"https:\/\/ist.blogs.inrae.fr\/allenvi\/wp-content\/uploads\/sites\/52\/2022\/07\/Linvitation-du-colloque-Evolution.pdf\" target=\"_blank\" rel=\"noreferrer noopener\">Linvitation-du-colloque-Evolution<\/a><a href=\"https:\/\/ist.blogs.inrae.fr\/allenvi\/wp-content\/uploads\/sites\/52\/2022\/07\/Linvitation-du-colloque-Evolution.pdf\" class=\"wp-block-file__button\" download aria-describedby=\"wp-block-file--media-438b88b6-7cdb-4ca9-a9d9-3361de35cf50\">T\u00e9l\u00e9charger<\/a><\/div>\n\n\n\n<div class=\"wp-block-file\"><a id=\"wp-block-file--media-53e60233-cee9-46e6-a81b-ab7fae9db468\" href=\"https:\/\/ist.blogs.inrae.fr\/allenvi\/wp-content\/uploads\/sites\/52\/2022\/07\/Le-programme-du-colloque-Evolution.pdf\" target=\"_blank\" rel=\"noreferrer noopener\">Le-programme-du-colloque-Evolution<\/a><a href=\"https:\/\/ist.blogs.inrae.fr\/allenvi\/wp-content\/uploads\/sites\/52\/2022\/07\/Le-programme-du-colloque-Evolution.pdf\" class=\"wp-block-file__button\" download aria-describedby=\"wp-block-file--media-53e60233-cee9-46e6-a81b-ab7fae9db468\">T\u00e9l\u00e9charger<\/a><\/div>\n","protected":false},"excerpt":{"rendered":"<p>Allenvi et Aviesan organisent un colloque sur le th\u00e8me de l\u2019\u00e9volution. Objectif : \u00e9tablir des passerelles entre sciences de la sant\u00e9 et sciences environnementales \u00e0 travers l\u2019\u00e9tude de ce champ de recherche strat\u00e9gique. Rendez-vous les 28 et 29 novembre prochain. Au programme : g\u00e9n\u00e9tique \u00e9volutive du d\u00e9veloppement (\u00e9vo-d\u00e9vo), g\u00e9nomique \u00e9volutive, \u00e9cologie ou encore int\u00e9r\u00eat des [&hellip;]<\/p>\n","protected":false},"author":199,"featured_media":9587,"comment_status":"closed","ping_status":"open","sticky":false,"template":"","format":"standard","meta":{"_et_pb_use_builder":"off","_et_pb_old_content":"","_et_gb_content_width":"","inline_featured_image":false,"footnotes":""},"categories":[22],"tags":[],"class_list":["post-9654","post","type-post","status-publish","format-standard","has-post-thumbnail","hentry","category-nos-actualites"],"yoast_head":"<!-- This site is optimized with the Yoast SEO plugin v27.4 - https:\/\/yoast.com\/product\/yoast-seo-wordpress\/ -->\n<title>Colloque \u00c9volution : aujourd\u2019hui et demain - Alliance Allenvi<\/title>\n<meta name=\"robots\" content=\"noindex, follow, max-snippet:-1, max-image-preview:large, max-video-preview:-1\" \/>\n<meta property=\"og:locale\" content=\"fr_FR\" \/>\n<meta property=\"og:type\" content=\"article\" \/>\n<meta property=\"og:title\" content=\"Colloque \u00c9volution : aujourd\u2019hui et demain - Alliance Allenvi\" \/>\n<meta property=\"og:description\" content=\"Allenvi et Aviesan organisent un colloque sur le th\u00e8me de l\u2019\u00e9volution. Objectif : \u00e9tablir des passerelles entre sciences de la sant\u00e9 et sciences environnementales \u00e0 travers l\u2019\u00e9tude de ce champ de recherche strat\u00e9gique. Rendez-vous les 28 et 29 novembre prochain. Au programme : g\u00e9n\u00e9tique \u00e9volutive du d\u00e9veloppement (\u00e9vo-d\u00e9vo), g\u00e9nomique \u00e9volutive, \u00e9cologie ou encore int\u00e9r\u00eat des [&hellip;]\" \/>\n<meta property=\"og:url\" content=\"https:\/\/ist.blogs.inrae.fr\/allenvi\/colloque-evolution-aujourdhui-et-demain\/\" \/>\n<meta property=\"og:site_name\" content=\"Alliance Allenvi\" \/>\n<meta property=\"article:published_time\" content=\"2013-11-07T19:29:00+00:00\" \/>\n<meta property=\"article:modified_time\" content=\"2022-07-05T14:09:05+00:00\" \/>\n<meta property=\"og:image\" content=\"https:\/\/ist.blogs.inrae.fr\/allenvi\/wp-content\/uploads\/sites\/52\/2022\/07\/colloque-evolution.jpg\" \/>\n\t<meta property=\"og:image:width\" content=\"597\" \/>\n\t<meta property=\"og:image:height\" content=\"320\" \/>\n\t<meta property=\"og:image:type\" content=\"image\/jpeg\" \/>\n<meta name=\"author\" content=\"Sonya\" \/>\n<meta name=\"twitter:card\" content=\"summary_large_image\" \/>\n<meta name=\"twitter:label1\" content=\"\u00c9crit par\" \/>\n\t<meta name=\"twitter:data1\" content=\"Sonya\" \/>\n\t<meta name=\"twitter:label2\" content=\"Dur\u00e9e de lecture estim\u00e9e\" \/>\n\t<meta name=\"twitter:data2\" content=\"1 minute\" \/>\n<script type=\"application\/ld+json\" class=\"yoast-schema-graph\">{\"@context\":\"https:\\\/\\\/schema.org\",\"@graph\":[{\"@type\":\"Article\",\"@id\":\"https:\\\/\\\/ist.blogs.inrae.fr\\\/allenvi\\\/colloque-evolution-aujourdhui-et-demain\\\/#article\",\"isPartOf\":{\"@id\":\"https:\\\/\\\/ist.blogs.inrae.fr\\\/allenvi\\\/colloque-evolution-aujourdhui-et-demain\\\/\"},\"author\":{\"name\":\"Sonya\",\"@id\":\"https:\\\/\\\/ist.blogs.inrae.fr\\\/allenvi\\\/#\\\/schema\\\/person\\\/ffd88b01709e892b89bdb3e74a5216d0\"},\"headline\":\"Colloque \u00c9volution : aujourd\u2019hui et demain\",\"datePublished\":\"2013-11-07T19:29:00+00:00\",\"dateModified\":\"2022-07-05T14:09:05+00:00\",\"mainEntityOfPage\":{\"@id\":\"https:\\\/\\\/ist.blogs.inrae.fr\\\/allenvi\\\/colloque-evolution-aujourdhui-et-demain\\\/\"},\"wordCount\":209,\"image\":{\"@id\":\"https:\\\/\\\/ist.blogs.inrae.fr\\\/allenvi\\\/colloque-evolution-aujourdhui-et-demain\\\/#primaryimage\"},\"thumbnailUrl\":\"https:\\\/\\\/ist.blogs.inrae.fr\\\/allenvi\\\/wp-content\\\/uploads\\\/sites\\\/52\\\/2022\\\/07\\\/colloque-evolution.jpg\",\"articleSection\":[\"Actualit\u00e9s\"],\"inLanguage\":\"fr-FR\"},{\"@type\":\"WebPage\",\"@id\":\"https:\\\/\\\/ist.blogs.inrae.fr\\\/allenvi\\\/colloque-evolution-aujourdhui-et-demain\\\/\",\"url\":\"https:\\\/\\\/ist.blogs.inrae.fr\\\/allenvi\\\/colloque-evolution-aujourdhui-et-demain\\\/\",\"name\":\"Colloque \u00c9volution : aujourd\u2019hui et demain - Alliance Allenvi\",\"isPartOf\":{\"@id\":\"https:\\\/\\\/ist.blogs.inrae.fr\\\/allenvi\\\/#website\"},\"primaryImageOfPage\":{\"@id\":\"https:\\\/\\\/ist.blogs.inrae.fr\\\/allenvi\\\/colloque-evolution-aujourdhui-et-demain\\\/#primaryimage\"},\"image\":{\"@id\":\"https:\\\/\\\/ist.blogs.inrae.fr\\\/allenvi\\\/colloque-evolution-aujourdhui-et-demain\\\/#primaryimage\"},\"thumbnailUrl\":\"https:\\\/\\\/ist.blogs.inrae.fr\\\/allenvi\\\/wp-content\\\/uploads\\\/sites\\\/52\\\/2022\\\/07\\\/colloque-evolution.jpg\",\"datePublished\":\"2013-11-07T19:29:00+00:00\",\"dateModified\":\"2022-07-05T14:09:05+00:00\",\"author\":{\"@id\":\"https:\\\/\\\/ist.blogs.inrae.fr\\\/allenvi\\\/#\\\/schema\\\/person\\\/ffd88b01709e892b89bdb3e74a5216d0\"},\"breadcrumb\":{\"@id\":\"https:\\\/\\\/ist.blogs.inrae.fr\\\/allenvi\\\/colloque-evolution-aujourdhui-et-demain\\\/#breadcrumb\"},\"inLanguage\":\"fr-FR\",\"potentialAction\":[{\"@type\":\"ReadAction\",\"target\":[\"https:\\\/\\\/ist.blogs.inrae.fr\\\/allenvi\\\/colloque-evolution-aujourdhui-et-demain\\\/\"]}]},{\"@type\":\"ImageObject\",\"inLanguage\":\"fr-FR\",\"@id\":\"https:\\\/\\\/ist.blogs.inrae.fr\\\/allenvi\\\/colloque-evolution-aujourdhui-et-demain\\\/#primaryimage\",\"url\":\"https:\\\/\\\/ist.blogs.inrae.fr\\\/allenvi\\\/wp-content\\\/uploads\\\/sites\\\/52\\\/2022\\\/07\\\/colloque-evolution.jpg\",\"contentUrl\":\"https:\\\/\\\/ist.blogs.inrae.fr\\\/allenvi\\\/wp-content\\\/uploads\\\/sites\\\/52\\\/2022\\\/07\\\/colloque-evolution.jpg\",\"width\":597,\"height\":320,\"caption\":\"Colloque \u00e9volution\"},{\"@type\":\"BreadcrumbList\",\"@id\":\"https:\\\/\\\/ist.blogs.inrae.fr\\\/allenvi\\\/colloque-evolution-aujourdhui-et-demain\\\/#breadcrumb\",\"itemListElement\":[{\"@type\":\"ListItem\",\"position\":1,\"name\":\"Accueil\",\"item\":\"https:\\\/\\\/ist.blogs.inrae.fr\\\/allenvi\\\/\"},{\"@type\":\"ListItem\",\"position\":2,\"name\":\"Colloque \u00c9volution : aujourd\u2019hui et demain\"}]},{\"@type\":\"WebSite\",\"@id\":\"https:\\\/\\\/ist.blogs.inrae.fr\\\/allenvi\\\/#website\",\"url\":\"https:\\\/\\\/ist.blogs.inrae.fr\\\/allenvi\\\/\",\"name\":\"Alliance Allenvi\",\"description\":\"\",\"potentialAction\":[{\"@type\":\"SearchAction\",\"target\":{\"@type\":\"EntryPoint\",\"urlTemplate\":\"https:\\\/\\\/ist.blogs.inrae.fr\\\/allenvi\\\/?s={search_term_string}\"},\"query-input\":{\"@type\":\"PropertyValueSpecification\",\"valueRequired\":true,\"valueName\":\"search_term_string\"}}],\"inLanguage\":\"fr-FR\"},{\"@type\":\"Person\",\"@id\":\"https:\\\/\\\/ist.blogs.inrae.fr\\\/allenvi\\\/#\\\/schema\\\/person\\\/ffd88b01709e892b89bdb3e74a5216d0\",\"name\":\"Sonya\",\"image\":{\"@type\":\"ImageObject\",\"inLanguage\":\"fr-FR\",\"@id\":\"https:\\\/\\\/secure.gravatar.com\\\/avatar\\\/c1b735e3106a434d078f2a829a0ca4731c3e2f746b44fc8c1a6dd118f1c87dce?s=96&d=mm&r=g\",\"url\":\"https:\\\/\\\/secure.gravatar.com\\\/avatar\\\/c1b735e3106a434d078f2a829a0ca4731c3e2f746b44fc8c1a6dd118f1c87dce?s=96&d=mm&r=g\",\"contentUrl\":\"https:\\\/\\\/secure.gravatar.com\\\/avatar\\\/c1b735e3106a434d078f2a829a0ca4731c3e2f746b44fc8c1a6dd118f1c87dce?s=96&d=mm&r=g\",\"caption\":\"Sonya\"},\"url\":\"https:\\\/\\\/ist.blogs.inrae.fr\\\/allenvi\\\/author\\\/sonya\\\/\"}]}<\/script>\n<!-- \/ Yoast SEO plugin. -->","yoast_head_json":{"title":"Colloque \u00c9volution : aujourd\u2019hui et demain - Alliance Allenvi","robots":{"index":"noindex","follow":"follow","max-snippet":"max-snippet:-1","max-image-preview":"max-image-preview:large","max-video-preview":"max-video-preview:-1"},"og_locale":"fr_FR","og_type":"article","og_title":"Colloque \u00c9volution : aujourd\u2019hui et demain - Alliance Allenvi","og_description":"Allenvi et Aviesan organisent un colloque sur le th\u00e8me de l\u2019\u00e9volution. Objectif : \u00e9tablir des passerelles entre sciences de la sant\u00e9 et sciences environnementales \u00e0 travers l\u2019\u00e9tude de ce champ de recherche strat\u00e9gique. Rendez-vous les 28 et 29 novembre prochain. Au programme : g\u00e9n\u00e9tique \u00e9volutive du d\u00e9veloppement (\u00e9vo-d\u00e9vo), g\u00e9nomique \u00e9volutive, \u00e9cologie ou encore int\u00e9r\u00eat des [&hellip;]","og_url":"https:\/\/ist.blogs.inrae.fr\/allenvi\/colloque-evolution-aujourdhui-et-demain\/","og_site_name":"Alliance Allenvi","article_published_time":"2013-11-07T19:29:00+00:00","article_modified_time":"2022-07-05T14:09:05+00:00","og_image":[{"width":597,"height":320,"url":"https:\/\/ist.blogs.inrae.fr\/allenvi\/wp-content\/uploads\/sites\/52\/2022\/07\/colloque-evolution.jpg","type":"image\/jpeg"}],"author":"Sonya","twitter_card":"summary_large_image","twitter_misc":{"\u00c9crit par":"Sonya","Dur\u00e9e de lecture estim\u00e9e":"1 minute"},"schema":{"@context":"https:\/\/schema.org","@graph":[{"@type":"Article","@id":"https:\/\/ist.blogs.inrae.fr\/allenvi\/colloque-evolution-aujourdhui-et-demain\/#article","isPartOf":{"@id":"https:\/\/ist.blogs.inrae.fr\/allenvi\/colloque-evolution-aujourdhui-et-demain\/"},"author":{"name":"Sonya","@id":"https:\/\/ist.blogs.inrae.fr\/allenvi\/#\/schema\/person\/ffd88b01709e892b89bdb3e74a5216d0"},"headline":"Colloque \u00c9volution : aujourd\u2019hui et demain","datePublished":"2013-11-07T19:29:00+00:00","dateModified":"2022-07-05T14:09:05+00:00","mainEntityOfPage":{"@id":"https:\/\/ist.blogs.inrae.fr\/allenvi\/colloque-evolution-aujourdhui-et-demain\/"},"wordCount":209,"image":{"@id":"https:\/\/ist.blogs.inrae.fr\/allenvi\/colloque-evolution-aujourdhui-et-demain\/#primaryimage"},"thumbnailUrl":"https:\/\/ist.blogs.inrae.fr\/allenvi\/wp-content\/uploads\/sites\/52\/2022\/07\/colloque-evolution.jpg","articleSection":["Actualit\u00e9s"],"inLanguage":"fr-FR"},{"@type":"WebPage","@id":"https:\/\/ist.blogs.inrae.fr\/allenvi\/colloque-evolution-aujourdhui-et-demain\/","url":"https:\/\/ist.blogs.inrae.fr\/allenvi\/colloque-evolution-aujourdhui-et-demain\/","name":"Colloque \u00c9volution : aujourd\u2019hui et demain - Alliance Allenvi","isPartOf":{"@id":"https:\/\/ist.blogs.inrae.fr\/allenvi\/#website"},"primaryImageOfPage":{"@id":"https:\/\/ist.blogs.inrae.fr\/allenvi\/colloque-evolution-aujourdhui-et-demain\/#primaryimage"},"image":{"@id":"https:\/\/ist.blogs.inrae.fr\/allenvi\/colloque-evolution-aujourdhui-et-demain\/#primaryimage"},"thumbnailUrl":"https:\/\/ist.blogs.inrae.fr\/allenvi\/wp-content\/uploads\/sites\/52\/2022\/07\/colloque-evolution.jpg","datePublished":"2013-11-07T19:29:00+00:00","dateModified":"2022-07-05T14:09:05+00:00","author":{"@id":"https:\/\/ist.blogs.inrae.fr\/allenvi\/#\/schema\/person\/ffd88b01709e892b89bdb3e74a5216d0"},"breadcrumb":{"@id":"https:\/\/ist.blogs.inrae.fr\/allenvi\/colloque-evolution-aujourdhui-et-demain\/#breadcrumb"},"inLanguage":"fr-FR","potentialAction":[{"@type":"ReadAction","target":["https:\/\/ist.blogs.inrae.fr\/allenvi\/colloque-evolution-aujourdhui-et-demain\/"]}]},{"@type":"ImageObject","inLanguage":"fr-FR","@id":"https:\/\/ist.blogs.inrae.fr\/allenvi\/colloque-evolution-aujourdhui-et-demain\/#primaryimage","url":"https:\/\/ist.blogs.inrae.fr\/allenvi\/wp-content\/uploads\/sites\/52\/2022\/07\/colloque-evolution.jpg","contentUrl":"https:\/\/ist.blogs.inrae.fr\/allenvi\/wp-content\/uploads\/sites\/52\/2022\/07\/colloque-evolution.jpg","width":597,"height":320,"caption":"Colloque \u00e9volution"},{"@type":"BreadcrumbList","@id":"https:\/\/ist.blogs.inrae.fr\/allenvi\/colloque-evolution-aujourdhui-et-demain\/#breadcrumb","itemListElement":[{"@type":"ListItem","position":1,"name":"Accueil","item":"https:\/\/ist.blogs.inrae.fr\/allenvi\/"},{"@type":"ListItem","position":2,"name":"Colloque \u00c9volution : aujourd\u2019hui et demain"}]},{"@type":"WebSite","@id":"https:\/\/ist.blogs.inrae.fr\/allenvi\/#website","url":"https:\/\/ist.blogs.inrae.fr\/allenvi\/","name":"Alliance Allenvi","description":"","potentialAction":[{"@type":"SearchAction","target":{"@type":"EntryPoint","urlTemplate":"https:\/\/ist.blogs.inrae.fr\/allenvi\/?s={search_term_string}"},"query-input":{"@type":"PropertyValueSpecification","valueRequired":true,"valueName":"search_term_string"}}],"inLanguage":"fr-FR"},{"@type":"Person","@id":"https:\/\/ist.blogs.inrae.fr\/allenvi\/#\/schema\/person\/ffd88b01709e892b89bdb3e74a5216d0","name":"Sonya","image":{"@type":"ImageObject","inLanguage":"fr-FR","@id":"https:\/\/secure.gravatar.com\/avatar\/c1b735e3106a434d078f2a829a0ca4731c3e2f746b44fc8c1a6dd118f1c87dce?s=96&d=mm&r=g","url":"https:\/\/secure.gravatar.com\/avatar\/c1b735e3106a434d078f2a829a0ca4731c3e2f746b44fc8c1a6dd118f1c87dce?s=96&d=mm&r=g","contentUrl":"https:\/\/secure.gravatar.com\/avatar\/c1b735e3106a434d078f2a829a0ca4731c3e2f746b44fc8c1a6dd118f1c87dce?s=96&d=mm&r=g","caption":"Sonya"},"url":"https:\/\/ist.blogs.inrae.fr\/allenvi\/author\/sonya\/"}]}},"_links":{"self":[{"href":"https:\/\/ist.blogs.inrae.fr\/allenvi\/wp-json\/wp\/v2\/posts\/9654","targetHints":{"allow":["GET"]}}],"collection":[{"href":"https:\/\/ist.blogs.inrae.fr\/allenvi\/wp-json\/wp\/v2\/posts"}],"about":[{"href":"https:\/\/ist.blogs.inrae.fr\/allenvi\/wp-json\/wp\/v2\/types\/post"}],"author":[{"embeddable":true,"href":"https:\/\/ist.blogs.inrae.fr\/allenvi\/wp-json\/wp\/v2\/users\/199"}],"replies":[{"embeddable":true,"href":"https:\/\/ist.blogs.inrae.fr\/allenvi\/wp-json\/wp\/v2\/comments?post=9654"}],"version-history":[{"count":2,"href":"https:\/\/ist.blogs.inrae.fr\/allenvi\/wp-json\/wp\/v2\/posts\/9654\/revisions"}],"predecessor-version":[{"id":9681,"href":"https:\/\/ist.blogs.inrae.fr\/allenvi\/wp-json\/wp\/v2\/posts\/9654\/revisions\/9681"}],"wp:featuredmedia":[{"embeddable":true,"href":"https:\/\/ist.blogs.inrae.fr\/allenvi\/wp-json\/wp\/v2\/media\/9587"}],"wp:attachment":[{"href":"https:\/\/ist.blogs.inrae.fr\/allenvi\/wp-json\/wp\/v2\/media?parent=9654"}],"wp:term":[{"taxonomy":"category","embeddable":true,"href":"https:\/\/ist.blogs.inrae.fr\/allenvi\/wp-json\/wp\/v2\/categories?post=9654"},{"taxonomy":"post_tag","embeddable":true,"href":"https:\/\/ist.blogs.inrae.fr\/allenvi\/wp-json\/wp\/v2\/tags?post=9654"}],"curies":[{"name":"wp","href":"https:\/\/api.w.org\/{rel}","templated":true}]}}