{"id":9559,"date":"2014-05-20T10:38:00","date_gmt":"2014-05-20T10:38:00","guid":{"rendered":"https:\/\/www.allenvi.fr\/?p=9559"},"modified":"2022-07-05T12:26:36","modified_gmt":"2022-07-05T12:26:36","slug":"projet-chiffre-second-seminaire","status":"publish","type":"post","link":"https:\/\/ist.blogs.inrae.fr\/allenvi\/projet-chiffre-second-seminaire\/","title":{"rendered":"Projet CHIFFRE : second s\u00e9minaire"},"content":{"rendered":"\n<p>La seconde \u00e9dition des s\u00e9minaire du projet CHIFFRE aura lieu \u00e0 Paris le 27 mai prochain. Cette s\u00e9rie d\u2019\u00e9v\u00e9nement se concentre sur les indicateurs \u00e9cologiques utilis\u00e9s pour g\u00e9rer les eaux et les for\u00eats. L\u2019objectif est d\u2019en tirer des enseignements \u00e0 partir de comparaisons entre plusieurs cas.<\/p>\n\n\n\n<p>Cet \u00e9v\u00e9nement est le second de la s\u00e9rie de s\u00e9minaires li\u00e9s au projet Chiffre (Construction historique des indicateurs de faune et flore -dans l\u2019eau et la for\u00eat- et repr\u00e9sentations de l\u2019environnement).<\/p>\n\n\n\n<p>Ce s\u00e9minaire a pour objectif d\u2019\u00e9tudier le contexte sociopolitique dans lequel les indicateurs \u00e9cologiques utilis\u00e9s pour g\u00e9rer les eaux et les for\u00eats ont \u00e9t\u00e9 construits, afin d\u2019en tirer des enseignements \u00e0 partir de comparaisons entre plusieurs cas (indicateur bois mort en for\u00eat, indicateur biotique et indicateurs DCE en rivi\u00e8re, indicateur macroalgue pour les mar\u00e9es vertes en Bretagne, indicateur de d\u00e9p\u00e9rissement des for\u00eats\u2026).<br>Il fait le lien entre les analyses sociopolitiques des probl\u00e8mes publics (leur \u00e9mergence, les mobilisations pour leur publicit\u00e9, leur prise en charge politique puis administrative et leur \u00e9ventuelle disparition de l\u2019agenda politique) avec la construction scientifique d\u2019indicateurs permettant d\u2019objectiver des probl\u00e8mes \u00e9cologiques.<\/p>\n\n\n\n<p>A partir de plusieurs cas, le s\u00e9minaire essaie de d\u00e9gager des processus communs \u00e0 ces diff\u00e9rentes trajectoires de construction d\u2019indicateurs.<\/p>\n\n\n\n<p>Le s\u00e9minaire Chiffre est financ\u00e9 par l\u2019Irstea dans le cadre d\u2019un appel \u00e0 recherche sur les indicateurs \u00e9cologiques, commun \u00e0 l\u2019Irstea et l\u2019Ecole des Mines.<br>Il est soutenu par le groupe th\u00e9matique \u00ab <a href=\"https:\/\/ist.blogs.inrae.fr\/allenvi\/\" target=\"_blank\" rel=\"noreferrer noopener\">\u00c9valuation environnementale et cycle de vie<\/a> \u00bb d\u2019AllEnvi. Il est coordonn\u00e9 par G. Bouleau, Ph. Deuffic, Y. Paillet, D. Pont et F. Gosselin.<\/p>\n\n\n\n<p>Ce s\u00e9minaire se r\u00e9unit tous les six mois pendant trois ans. La premi\u00e8re s\u00e9ance a eu lieu le 10 d\u00e9cembre 2013. La seconde aura lieu le 27 mai 2014 \u00e0 l\u2019Engref de Paris, 19 avenue du Maine, de 10h \u00e0 17h.<\/p>\n\n\n\n<p>Inscription pr\u00e9alable obligatoire aupr\u00e8s de <a href=\"mailto:gabrielle.bouleau@irstea.fr\" target=\"_blank\" rel=\"noreferrer noopener\">Gabrielle Bouleau<\/a>\u00a0pour le repas.<\/p>\n\n\n\n<p><\/p>\n\n\n\n<div class=\"wp-block-file\"><a id=\"wp-block-file--media-d74b8bde-4993-4736-98dd-3c0e40cffba5\" href=\"https:\/\/ist.blogs.inrae.fr\/allenvi\/wp-content\/uploads\/sites\/52\/2022\/07\/Le-programme-du-se\u0301minaire-CHIFFRE_27.05.14.pdf\" target=\"_blank\" rel=\"noreferrer noopener\">Le-programme-du-se\u0301minaire-CHIFFRE_27.05.14<\/a><a href=\"https:\/\/ist.blogs.inrae.fr\/allenvi\/wp-content\/uploads\/sites\/52\/2022\/07\/Le-programme-du-se\u0301minaire-CHIFFRE_27.05.14.pdf\" class=\"wp-block-file__button\" download aria-describedby=\"wp-block-file--media-d74b8bde-4993-4736-98dd-3c0e40cffba5\">T\u00e9l\u00e9charger<\/a><\/div>\n","protected":false},"excerpt":{"rendered":"<p>La seconde \u00e9dition des s\u00e9minaire du projet CHIFFRE aura lieu \u00e0 Paris le 27 mai prochain. Cette s\u00e9rie d\u2019\u00e9v\u00e9nement se concentre sur les indicateurs \u00e9cologiques utilis\u00e9s pour g\u00e9rer les eaux et les for\u00eats. L\u2019objectif est d\u2019en tirer des enseignements \u00e0 partir de comparaisons entre plusieurs cas. Cet \u00e9v\u00e9nement est le second de la s\u00e9rie de [&hellip;]<\/p>\n","protected":false},"author":199,"featured_media":9554,"comment_status":"closed","ping_status":"open","sticky":false,"template":"","format":"standard","meta":{"_et_pb_use_builder":"off","_et_pb_old_content":"","_et_gb_content_width":"","inline_featured_image":false,"footnotes":""},"categories":[22],"tags":[],"class_list":["post-9559","post","type-post","status-publish","format-standard","has-post-thumbnail","hentry","category-nos-actualites"],"yoast_head":"<!-- This site is optimized with the Yoast SEO plugin v27.4 - https:\/\/yoast.com\/product\/yoast-seo-wordpress\/ -->\n<title>Projet CHIFFRE : second s\u00e9minaire - Alliance Allenvi<\/title>\n<meta name=\"robots\" content=\"noindex, follow, max-snippet:-1, max-image-preview:large, max-video-preview:-1\" \/>\n<meta property=\"og:locale\" content=\"fr_FR\" \/>\n<meta property=\"og:type\" content=\"article\" \/>\n<meta property=\"og:title\" content=\"Projet CHIFFRE : second s\u00e9minaire - Alliance Allenvi\" \/>\n<meta property=\"og:description\" content=\"La seconde \u00e9dition des s\u00e9minaire du projet CHIFFRE aura lieu \u00e0 Paris le 27 mai prochain. Cette s\u00e9rie d\u2019\u00e9v\u00e9nement se concentre sur les indicateurs \u00e9cologiques utilis\u00e9s pour g\u00e9rer les eaux et les for\u00eats. L\u2019objectif est d\u2019en tirer des enseignements \u00e0 partir de comparaisons entre plusieurs cas. Cet \u00e9v\u00e9nement est le second de la s\u00e9rie de [&hellip;]\" \/>\n<meta property=\"og:url\" content=\"https:\/\/ist.blogs.inrae.fr\/allenvi\/projet-chiffre-second-seminaire\/\" \/>\n<meta property=\"og:site_name\" content=\"Alliance Allenvi\" \/>\n<meta property=\"article:published_time\" content=\"2014-05-20T10:38:00+00:00\" \/>\n<meta property=\"article:modified_time\" content=\"2022-07-05T12:26:36+00:00\" \/>\n<meta property=\"og:image\" content=\"https:\/\/ist.blogs.inrae.fr\/allenvi\/wp-content\/uploads\/sites\/52\/2022\/07\/projet-chiffre_2e-seminaire.jpg\" \/>\n\t<meta property=\"og:image:width\" content=\"597\" \/>\n\t<meta property=\"og:image:height\" content=\"320\" \/>\n\t<meta property=\"og:image:type\" content=\"image\/jpeg\" \/>\n<meta name=\"author\" content=\"Sonya\" \/>\n<meta name=\"twitter:card\" content=\"summary_large_image\" \/>\n<meta name=\"twitter:label1\" content=\"\u00c9crit par\" \/>\n\t<meta name=\"twitter:data1\" content=\"Sonya\" \/>\n\t<meta name=\"twitter:label2\" content=\"Dur\u00e9e de lecture estim\u00e9e\" \/>\n\t<meta name=\"twitter:data2\" content=\"2 minutes\" \/>\n<script type=\"application\/ld+json\" class=\"yoast-schema-graph\">{\"@context\":\"https:\\\/\\\/schema.org\",\"@graph\":[{\"@type\":\"Article\",\"@id\":\"https:\\\/\\\/ist.blogs.inrae.fr\\\/allenvi\\\/projet-chiffre-second-seminaire\\\/#article\",\"isPartOf\":{\"@id\":\"https:\\\/\\\/ist.blogs.inrae.fr\\\/allenvi\\\/projet-chiffre-second-seminaire\\\/\"},\"author\":{\"name\":\"Sonya\",\"@id\":\"https:\\\/\\\/ist.blogs.inrae.fr\\\/allenvi\\\/#\\\/schema\\\/person\\\/ffd88b01709e892b89bdb3e74a5216d0\"},\"headline\":\"Projet CHIFFRE : second s\u00e9minaire\",\"datePublished\":\"2014-05-20T10:38:00+00:00\",\"dateModified\":\"2022-07-05T12:26:36+00:00\",\"mainEntityOfPage\":{\"@id\":\"https:\\\/\\\/ist.blogs.inrae.fr\\\/allenvi\\\/projet-chiffre-second-seminaire\\\/\"},\"wordCount\":355,\"image\":{\"@id\":\"https:\\\/\\\/ist.blogs.inrae.fr\\\/allenvi\\\/projet-chiffre-second-seminaire\\\/#primaryimage\"},\"thumbnailUrl\":\"https:\\\/\\\/ist.blogs.inrae.fr\\\/allenvi\\\/wp-content\\\/uploads\\\/sites\\\/52\\\/2022\\\/07\\\/projet-chiffre_2e-seminaire.jpg\",\"articleSection\":[\"Actualit\u00e9s\"],\"inLanguage\":\"fr-FR\"},{\"@type\":\"WebPage\",\"@id\":\"https:\\\/\\\/ist.blogs.inrae.fr\\\/allenvi\\\/projet-chiffre-second-seminaire\\\/\",\"url\":\"https:\\\/\\\/ist.blogs.inrae.fr\\\/allenvi\\\/projet-chiffre-second-seminaire\\\/\",\"name\":\"Projet CHIFFRE : second s\u00e9minaire - Alliance Allenvi\",\"isPartOf\":{\"@id\":\"https:\\\/\\\/ist.blogs.inrae.fr\\\/allenvi\\\/#website\"},\"primaryImageOfPage\":{\"@id\":\"https:\\\/\\\/ist.blogs.inrae.fr\\\/allenvi\\\/projet-chiffre-second-seminaire\\\/#primaryimage\"},\"image\":{\"@id\":\"https:\\\/\\\/ist.blogs.inrae.fr\\\/allenvi\\\/projet-chiffre-second-seminaire\\\/#primaryimage\"},\"thumbnailUrl\":\"https:\\\/\\\/ist.blogs.inrae.fr\\\/allenvi\\\/wp-content\\\/uploads\\\/sites\\\/52\\\/2022\\\/07\\\/projet-chiffre_2e-seminaire.jpg\",\"datePublished\":\"2014-05-20T10:38:00+00:00\",\"dateModified\":\"2022-07-05T12:26:36+00:00\",\"author\":{\"@id\":\"https:\\\/\\\/ist.blogs.inrae.fr\\\/allenvi\\\/#\\\/schema\\\/person\\\/ffd88b01709e892b89bdb3e74a5216d0\"},\"breadcrumb\":{\"@id\":\"https:\\\/\\\/ist.blogs.inrae.fr\\\/allenvi\\\/projet-chiffre-second-seminaire\\\/#breadcrumb\"},\"inLanguage\":\"fr-FR\",\"potentialAction\":[{\"@type\":\"ReadAction\",\"target\":[\"https:\\\/\\\/ist.blogs.inrae.fr\\\/allenvi\\\/projet-chiffre-second-seminaire\\\/\"]}]},{\"@type\":\"ImageObject\",\"inLanguage\":\"fr-FR\",\"@id\":\"https:\\\/\\\/ist.blogs.inrae.fr\\\/allenvi\\\/projet-chiffre-second-seminaire\\\/#primaryimage\",\"url\":\"https:\\\/\\\/ist.blogs.inrae.fr\\\/allenvi\\\/wp-content\\\/uploads\\\/sites\\\/52\\\/2022\\\/07\\\/projet-chiffre_2e-seminaire.jpg\",\"contentUrl\":\"https:\\\/\\\/ist.blogs.inrae.fr\\\/allenvi\\\/wp-content\\\/uploads\\\/sites\\\/52\\\/2022\\\/07\\\/projet-chiffre_2e-seminaire.jpg\",\"width\":597,\"height\":320,\"caption\":\"Vues subaquatiques du Verdon\"},{\"@type\":\"BreadcrumbList\",\"@id\":\"https:\\\/\\\/ist.blogs.inrae.fr\\\/allenvi\\\/projet-chiffre-second-seminaire\\\/#breadcrumb\",\"itemListElement\":[{\"@type\":\"ListItem\",\"position\":1,\"name\":\"Accueil\",\"item\":\"https:\\\/\\\/ist.blogs.inrae.fr\\\/allenvi\\\/\"},{\"@type\":\"ListItem\",\"position\":2,\"name\":\"Projet CHIFFRE : second s\u00e9minaire\"}]},{\"@type\":\"WebSite\",\"@id\":\"https:\\\/\\\/ist.blogs.inrae.fr\\\/allenvi\\\/#website\",\"url\":\"https:\\\/\\\/ist.blogs.inrae.fr\\\/allenvi\\\/\",\"name\":\"Alliance Allenvi\",\"description\":\"\",\"potentialAction\":[{\"@type\":\"SearchAction\",\"target\":{\"@type\":\"EntryPoint\",\"urlTemplate\":\"https:\\\/\\\/ist.blogs.inrae.fr\\\/allenvi\\\/?s={search_term_string}\"},\"query-input\":{\"@type\":\"PropertyValueSpecification\",\"valueRequired\":true,\"valueName\":\"search_term_string\"}}],\"inLanguage\":\"fr-FR\"},{\"@type\":\"Person\",\"@id\":\"https:\\\/\\\/ist.blogs.inrae.fr\\\/allenvi\\\/#\\\/schema\\\/person\\\/ffd88b01709e892b89bdb3e74a5216d0\",\"name\":\"Sonya\",\"image\":{\"@type\":\"ImageObject\",\"inLanguage\":\"fr-FR\",\"@id\":\"https:\\\/\\\/secure.gravatar.com\\\/avatar\\\/c1b735e3106a434d078f2a829a0ca4731c3e2f746b44fc8c1a6dd118f1c87dce?s=96&d=mm&r=g\",\"url\":\"https:\\\/\\\/secure.gravatar.com\\\/avatar\\\/c1b735e3106a434d078f2a829a0ca4731c3e2f746b44fc8c1a6dd118f1c87dce?s=96&d=mm&r=g\",\"contentUrl\":\"https:\\\/\\\/secure.gravatar.com\\\/avatar\\\/c1b735e3106a434d078f2a829a0ca4731c3e2f746b44fc8c1a6dd118f1c87dce?s=96&d=mm&r=g\",\"caption\":\"Sonya\"},\"url\":\"https:\\\/\\\/ist.blogs.inrae.fr\\\/allenvi\\\/author\\\/sonya\\\/\"}]}<\/script>\n<!-- \/ Yoast SEO plugin. -->","yoast_head_json":{"title":"Projet CHIFFRE : second s\u00e9minaire - Alliance Allenvi","robots":{"index":"noindex","follow":"follow","max-snippet":"max-snippet:-1","max-image-preview":"max-image-preview:large","max-video-preview":"max-video-preview:-1"},"og_locale":"fr_FR","og_type":"article","og_title":"Projet CHIFFRE : second s\u00e9minaire - Alliance Allenvi","og_description":"La seconde \u00e9dition des s\u00e9minaire du projet CHIFFRE aura lieu \u00e0 Paris le 27 mai prochain. Cette s\u00e9rie d\u2019\u00e9v\u00e9nement se concentre sur les indicateurs \u00e9cologiques utilis\u00e9s pour g\u00e9rer les eaux et les for\u00eats. L\u2019objectif est d\u2019en tirer des enseignements \u00e0 partir de comparaisons entre plusieurs cas. Cet \u00e9v\u00e9nement est le second de la s\u00e9rie de [&hellip;]","og_url":"https:\/\/ist.blogs.inrae.fr\/allenvi\/projet-chiffre-second-seminaire\/","og_site_name":"Alliance Allenvi","article_published_time":"2014-05-20T10:38:00+00:00","article_modified_time":"2022-07-05T12:26:36+00:00","og_image":[{"width":597,"height":320,"url":"https:\/\/ist.blogs.inrae.fr\/allenvi\/wp-content\/uploads\/sites\/52\/2022\/07\/projet-chiffre_2e-seminaire.jpg","type":"image\/jpeg"}],"author":"Sonya","twitter_card":"summary_large_image","twitter_misc":{"\u00c9crit par":"Sonya","Dur\u00e9e de lecture estim\u00e9e":"2 minutes"},"schema":{"@context":"https:\/\/schema.org","@graph":[{"@type":"Article","@id":"https:\/\/ist.blogs.inrae.fr\/allenvi\/projet-chiffre-second-seminaire\/#article","isPartOf":{"@id":"https:\/\/ist.blogs.inrae.fr\/allenvi\/projet-chiffre-second-seminaire\/"},"author":{"name":"Sonya","@id":"https:\/\/ist.blogs.inrae.fr\/allenvi\/#\/schema\/person\/ffd88b01709e892b89bdb3e74a5216d0"},"headline":"Projet CHIFFRE : second s\u00e9minaire","datePublished":"2014-05-20T10:38:00+00:00","dateModified":"2022-07-05T12:26:36+00:00","mainEntityOfPage":{"@id":"https:\/\/ist.blogs.inrae.fr\/allenvi\/projet-chiffre-second-seminaire\/"},"wordCount":355,"image":{"@id":"https:\/\/ist.blogs.inrae.fr\/allenvi\/projet-chiffre-second-seminaire\/#primaryimage"},"thumbnailUrl":"https:\/\/ist.blogs.inrae.fr\/allenvi\/wp-content\/uploads\/sites\/52\/2022\/07\/projet-chiffre_2e-seminaire.jpg","articleSection":["Actualit\u00e9s"],"inLanguage":"fr-FR"},{"@type":"WebPage","@id":"https:\/\/ist.blogs.inrae.fr\/allenvi\/projet-chiffre-second-seminaire\/","url":"https:\/\/ist.blogs.inrae.fr\/allenvi\/projet-chiffre-second-seminaire\/","name":"Projet CHIFFRE : second s\u00e9minaire - Alliance Allenvi","isPartOf":{"@id":"https:\/\/ist.blogs.inrae.fr\/allenvi\/#website"},"primaryImageOfPage":{"@id":"https:\/\/ist.blogs.inrae.fr\/allenvi\/projet-chiffre-second-seminaire\/#primaryimage"},"image":{"@id":"https:\/\/ist.blogs.inrae.fr\/allenvi\/projet-chiffre-second-seminaire\/#primaryimage"},"thumbnailUrl":"https:\/\/ist.blogs.inrae.fr\/allenvi\/wp-content\/uploads\/sites\/52\/2022\/07\/projet-chiffre_2e-seminaire.jpg","datePublished":"2014-05-20T10:38:00+00:00","dateModified":"2022-07-05T12:26:36+00:00","author":{"@id":"https:\/\/ist.blogs.inrae.fr\/allenvi\/#\/schema\/person\/ffd88b01709e892b89bdb3e74a5216d0"},"breadcrumb":{"@id":"https:\/\/ist.blogs.inrae.fr\/allenvi\/projet-chiffre-second-seminaire\/#breadcrumb"},"inLanguage":"fr-FR","potentialAction":[{"@type":"ReadAction","target":["https:\/\/ist.blogs.inrae.fr\/allenvi\/projet-chiffre-second-seminaire\/"]}]},{"@type":"ImageObject","inLanguage":"fr-FR","@id":"https:\/\/ist.blogs.inrae.fr\/allenvi\/projet-chiffre-second-seminaire\/#primaryimage","url":"https:\/\/ist.blogs.inrae.fr\/allenvi\/wp-content\/uploads\/sites\/52\/2022\/07\/projet-chiffre_2e-seminaire.jpg","contentUrl":"https:\/\/ist.blogs.inrae.fr\/allenvi\/wp-content\/uploads\/sites\/52\/2022\/07\/projet-chiffre_2e-seminaire.jpg","width":597,"height":320,"caption":"Vues subaquatiques du Verdon"},{"@type":"BreadcrumbList","@id":"https:\/\/ist.blogs.inrae.fr\/allenvi\/projet-chiffre-second-seminaire\/#breadcrumb","itemListElement":[{"@type":"ListItem","position":1,"name":"Accueil","item":"https:\/\/ist.blogs.inrae.fr\/allenvi\/"},{"@type":"ListItem","position":2,"name":"Projet CHIFFRE : second s\u00e9minaire"}]},{"@type":"WebSite","@id":"https:\/\/ist.blogs.inrae.fr\/allenvi\/#website","url":"https:\/\/ist.blogs.inrae.fr\/allenvi\/","name":"Alliance Allenvi","description":"","potentialAction":[{"@type":"SearchAction","target":{"@type":"EntryPoint","urlTemplate":"https:\/\/ist.blogs.inrae.fr\/allenvi\/?s={search_term_string}"},"query-input":{"@type":"PropertyValueSpecification","valueRequired":true,"valueName":"search_term_string"}}],"inLanguage":"fr-FR"},{"@type":"Person","@id":"https:\/\/ist.blogs.inrae.fr\/allenvi\/#\/schema\/person\/ffd88b01709e892b89bdb3e74a5216d0","name":"Sonya","image":{"@type":"ImageObject","inLanguage":"fr-FR","@id":"https:\/\/secure.gravatar.com\/avatar\/c1b735e3106a434d078f2a829a0ca4731c3e2f746b44fc8c1a6dd118f1c87dce?s=96&d=mm&r=g","url":"https:\/\/secure.gravatar.com\/avatar\/c1b735e3106a434d078f2a829a0ca4731c3e2f746b44fc8c1a6dd118f1c87dce?s=96&d=mm&r=g","contentUrl":"https:\/\/secure.gravatar.com\/avatar\/c1b735e3106a434d078f2a829a0ca4731c3e2f746b44fc8c1a6dd118f1c87dce?s=96&d=mm&r=g","caption":"Sonya"},"url":"https:\/\/ist.blogs.inrae.fr\/allenvi\/author\/sonya\/"}]}},"_links":{"self":[{"href":"https:\/\/ist.blogs.inrae.fr\/allenvi\/wp-json\/wp\/v2\/posts\/9559","targetHints":{"allow":["GET"]}}],"collection":[{"href":"https:\/\/ist.blogs.inrae.fr\/allenvi\/wp-json\/wp\/v2\/posts"}],"about":[{"href":"https:\/\/ist.blogs.inrae.fr\/allenvi\/wp-json\/wp\/v2\/types\/post"}],"author":[{"embeddable":true,"href":"https:\/\/ist.blogs.inrae.fr\/allenvi\/wp-json\/wp\/v2\/users\/199"}],"replies":[{"embeddable":true,"href":"https:\/\/ist.blogs.inrae.fr\/allenvi\/wp-json\/wp\/v2\/comments?post=9559"}],"version-history":[{"count":2,"href":"https:\/\/ist.blogs.inrae.fr\/allenvi\/wp-json\/wp\/v2\/posts\/9559\/revisions"}],"predecessor-version":[{"id":9605,"href":"https:\/\/ist.blogs.inrae.fr\/allenvi\/wp-json\/wp\/v2\/posts\/9559\/revisions\/9605"}],"wp:featuredmedia":[{"embeddable":true,"href":"https:\/\/ist.blogs.inrae.fr\/allenvi\/wp-json\/wp\/v2\/media\/9554"}],"wp:attachment":[{"href":"https:\/\/ist.blogs.inrae.fr\/allenvi\/wp-json\/wp\/v2\/media?parent=9559"}],"wp:term":[{"taxonomy":"category","embeddable":true,"href":"https:\/\/ist.blogs.inrae.fr\/allenvi\/wp-json\/wp\/v2\/categories?post=9559"},{"taxonomy":"post_tag","embeddable":true,"href":"https:\/\/ist.blogs.inrae.fr\/allenvi\/wp-json\/wp\/v2\/tags?post=9559"}],"curies":[{"name":"wp","href":"https:\/\/api.w.org\/{rel}","templated":true}]}}