{"id":9541,"date":"2014-07-02T10:12:00","date_gmt":"2014-07-02T10:12:00","guid":{"rendered":"https:\/\/www.allenvi.fr\/?p=9541"},"modified":"2022-07-05T10:24:42","modified_gmt":"2022-07-05T10:24:42","slug":"services-climatiques-allenvi-devient-force-de-proposition","status":"publish","type":"post","link":"https:\/\/ist.blogs.inrae.fr\/allenvi\/services-climatiques-allenvi-devient-force-de-proposition\/","title":{"rendered":"Services climatiques : AllEnvi devient force de proposition"},"content":{"rendered":"\n<p>Le groupe Climat vient de finaliser un document proposant une strat\u00e9gie scientifique fran\u00e7aise de d\u00e9veloppement des services climatiques.<\/p>\n\n\n\n<p>Une strat\u00e9gie scientifique fran\u00e7aise de d\u00e9veloppement des services climatiques, c&rsquo;est ce que vient de pr\u00e9senter le groupe th\u00e9matique Climat au conseil de l&rsquo;alliance. Sa mise en \u0153uvre est d\u00e9taill\u00e9e dans le document t\u00e9l\u00e9chargeable ci-contre.<\/p>\n\n\n\n<p>Pour Philippe Bougeault, co-animateur du groupe Climat, \u00a0\u00bb <em>il est important que tous les organismes d&rsquo;AllEnvi mettent en commun et coordonnent toutes ces informations sur l&rsquo;\u00e9volution du climat et les impacts qui en d\u00e9coulent pour informer au mieux la soci\u00e9t\u00e9 civile et les d\u00e9cideurs.<\/em>&nbsp;\u00a0\u00bb C&rsquo;est aussi cela le r\u00f4le des acteurs de la recherche.<\/p>\n\n\n\n<p>L&rsquo;id\u00e9e est de coordonner les travaux de d\u00e9veloppement des portails de donn\u00e9e, en d&rsquo;autres termes, des sites web, pour diffuser de mani\u00e8re plus efficiente les donn\u00e9es et informations issues de la communaut\u00e9 scientifique et relatives au changement climatique. L\u2019action sera structur\u00e9e autour de cinq axes :<\/p>\n\n\n\n<ul class=\"wp-block-list\"><li>Appuyer les services climatiques sur une recherche forte<\/li><li>D\u00e9velopper des portails de donn\u00e9es coordonn\u00e9s<\/li><li>Analyser les r\u00e9sultats des projets utilisant les donn\u00e9es des portails<\/li><li>Renforcer la formation sur l\u2019adaptation au changement climatique, notamment pour pr\u00e9parer l\u2019\u00e9mergence d\u2019un secteur priv\u00e9 dynamique qui prendra le relais des institutions publiques pour r\u00e9aliser l\u2019adaptation<\/li><li>D\u00e9velopper les services d\u2019adaptation proprement dits<\/li><\/ul>\n\n\n\n<p>La notion de services climatiques est assez r\u00e9cente. Elle couvre l\u2019ensemble des informations et prestations qui permettent d\u2019\u00e9valuer et de qualifier le climat pass\u00e9, pr\u00e9sent ou futur, d&rsquo;appr\u00e9cier la vuln\u00e9rabilit\u00e9 des activit\u00e9s \u00e9conomiques, de l\u2019environnement et de la soci\u00e9t\u00e9 au changement climatique, et de fournir des \u00e9l\u00e9ments pour entreprendre des mesures d\u2019att\u00e9nuation et d&rsquo;adaptation. De pr\u00e9cieuses informations qui sont en passe de devenir un enjeu de comp\u00e9tition internationale.<br>D&rsquo;ailleurs, le CVT d&rsquo;AllEnvi engage en parall\u00e8le plusieurs \u00e9tudes en intelligence \u00e9conomique sur la pr\u00e9vention et l\u2019adaptation aux cons\u00e9quences du changement climatique.<\/p>\n\n\n\n<p><\/p>\n\n\n\n<div class=\"wp-block-file\"><a id=\"wp-block-file--media-3fd3b210-aa7d-4198-a778-07f587bdd342\" href=\"https:\/\/ist.blogs.inrae.fr\/allenvi\/wp-content\/uploads\/sites\/52\/2022\/07\/Strate\u0301giescientifiquedede\u0301veloppementdesservicesclimatiques.pdf\" target=\"_blank\" rel=\"noreferrer noopener\">Strate\u0301gie scientifique de de\u0301veloppement des services climatiques<\/a><a href=\"https:\/\/ist.blogs.inrae.fr\/allenvi\/wp-content\/uploads\/sites\/52\/2022\/07\/Strate\u0301giescientifiquedede\u0301veloppementdesservicesclimatiques.pdf\" class=\"wp-block-file__button\" download aria-describedby=\"wp-block-file--media-3fd3b210-aa7d-4198-a778-07f587bdd342\">T\u00e9l\u00e9charger<\/a><\/div>\n","protected":false},"excerpt":{"rendered":"<p>Le groupe Climat vient de finaliser un document proposant une strat\u00e9gie scientifique fran\u00e7aise de d\u00e9veloppement des services climatiques. Une strat\u00e9gie scientifique fran\u00e7aise de d\u00e9veloppement des services climatiques, c&rsquo;est ce que vient de pr\u00e9senter le groupe th\u00e9matique Climat au conseil de l&rsquo;alliance. Sa mise en \u0153uvre est d\u00e9taill\u00e9e dans le document t\u00e9l\u00e9chargeable ci-contre. Pour Philippe Bougeault, [&hellip;]<\/p>\n","protected":false},"author":199,"featured_media":9543,"comment_status":"closed","ping_status":"open","sticky":false,"template":"","format":"standard","meta":{"_et_pb_use_builder":"off","_et_pb_old_content":"","_et_gb_content_width":"","inline_featured_image":false,"footnotes":""},"categories":[22],"tags":[],"class_list":["post-9541","post","type-post","status-publish","format-standard","has-post-thumbnail","hentry","category-nos-actualites"],"yoast_head":"<!-- This site is optimized with the Yoast SEO plugin v27.4 - https:\/\/yoast.com\/product\/yoast-seo-wordpress\/ -->\n<title>Services climatiques : AllEnvi devient force de proposition - Alliance Allenvi<\/title>\n<meta name=\"robots\" content=\"noindex, follow, max-snippet:-1, max-image-preview:large, max-video-preview:-1\" \/>\n<meta property=\"og:locale\" content=\"fr_FR\" \/>\n<meta property=\"og:type\" content=\"article\" \/>\n<meta property=\"og:title\" content=\"Services climatiques : AllEnvi devient force de proposition - Alliance Allenvi\" \/>\n<meta property=\"og:description\" content=\"Le groupe Climat vient de finaliser un document proposant une strat\u00e9gie scientifique fran\u00e7aise de d\u00e9veloppement des services climatiques. Une strat\u00e9gie scientifique fran\u00e7aise de d\u00e9veloppement des services climatiques, c&rsquo;est ce que vient de pr\u00e9senter le groupe th\u00e9matique Climat au conseil de l&rsquo;alliance. Sa mise en \u0153uvre est d\u00e9taill\u00e9e dans le document t\u00e9l\u00e9chargeable ci-contre. Pour Philippe Bougeault, [&hellip;]\" \/>\n<meta property=\"og:url\" content=\"https:\/\/ist.blogs.inrae.fr\/allenvi\/services-climatiques-allenvi-devient-force-de-proposition\/\" \/>\n<meta property=\"og:site_name\" content=\"Alliance Allenvi\" \/>\n<meta property=\"article:published_time\" content=\"2014-07-02T10:12:00+00:00\" \/>\n<meta property=\"article:modified_time\" content=\"2022-07-05T10:24:42+00:00\" \/>\n<meta property=\"og:image\" content=\"https:\/\/ist.blogs.inrae.fr\/allenvi\/wp-content\/uploads\/sites\/52\/2022\/07\/strategie-scientifique-sur-les-services-climatiques.jpg\" \/>\n\t<meta property=\"og:image:width\" content=\"597\" \/>\n\t<meta property=\"og:image:height\" content=\"320\" \/>\n\t<meta property=\"og:image:type\" content=\"image\/jpeg\" \/>\n<meta name=\"author\" content=\"Sonya\" \/>\n<meta name=\"twitter:card\" content=\"summary_large_image\" \/>\n<meta name=\"twitter:label1\" content=\"\u00c9crit par\" \/>\n\t<meta name=\"twitter:data1\" content=\"Sonya\" \/>\n\t<meta name=\"twitter:label2\" content=\"Dur\u00e9e de lecture estim\u00e9e\" \/>\n\t<meta name=\"twitter:data2\" content=\"2 minutes\" \/>\n<script type=\"application\/ld+json\" class=\"yoast-schema-graph\">{\"@context\":\"https:\\\/\\\/schema.org\",\"@graph\":[{\"@type\":\"Article\",\"@id\":\"https:\\\/\\\/ist.blogs.inrae.fr\\\/allenvi\\\/services-climatiques-allenvi-devient-force-de-proposition\\\/#article\",\"isPartOf\":{\"@id\":\"https:\\\/\\\/ist.blogs.inrae.fr\\\/allenvi\\\/services-climatiques-allenvi-devient-force-de-proposition\\\/\"},\"author\":{\"name\":\"Sonya\",\"@id\":\"https:\\\/\\\/ist.blogs.inrae.fr\\\/allenvi\\\/#\\\/schema\\\/person\\\/ffd88b01709e892b89bdb3e74a5216d0\"},\"headline\":\"Services climatiques : AllEnvi devient force de proposition\",\"datePublished\":\"2014-07-02T10:12:00+00:00\",\"dateModified\":\"2022-07-05T10:24:42+00:00\",\"mainEntityOfPage\":{\"@id\":\"https:\\\/\\\/ist.blogs.inrae.fr\\\/allenvi\\\/services-climatiques-allenvi-devient-force-de-proposition\\\/\"},\"wordCount\":381,\"image\":{\"@id\":\"https:\\\/\\\/ist.blogs.inrae.fr\\\/allenvi\\\/services-climatiques-allenvi-devient-force-de-proposition\\\/#primaryimage\"},\"thumbnailUrl\":\"https:\\\/\\\/ist.blogs.inrae.fr\\\/allenvi\\\/wp-content\\\/uploads\\\/sites\\\/52\\\/2022\\\/07\\\/strategie-scientifique-sur-les-services-climatiques.jpg\",\"articleSection\":[\"Actualit\u00e9s\"],\"inLanguage\":\"fr-FR\"},{\"@type\":\"WebPage\",\"@id\":\"https:\\\/\\\/ist.blogs.inrae.fr\\\/allenvi\\\/services-climatiques-allenvi-devient-force-de-proposition\\\/\",\"url\":\"https:\\\/\\\/ist.blogs.inrae.fr\\\/allenvi\\\/services-climatiques-allenvi-devient-force-de-proposition\\\/\",\"name\":\"Services climatiques : AllEnvi devient force de proposition - Alliance Allenvi\",\"isPartOf\":{\"@id\":\"https:\\\/\\\/ist.blogs.inrae.fr\\\/allenvi\\\/#website\"},\"primaryImageOfPage\":{\"@id\":\"https:\\\/\\\/ist.blogs.inrae.fr\\\/allenvi\\\/services-climatiques-allenvi-devient-force-de-proposition\\\/#primaryimage\"},\"image\":{\"@id\":\"https:\\\/\\\/ist.blogs.inrae.fr\\\/allenvi\\\/services-climatiques-allenvi-devient-force-de-proposition\\\/#primaryimage\"},\"thumbnailUrl\":\"https:\\\/\\\/ist.blogs.inrae.fr\\\/allenvi\\\/wp-content\\\/uploads\\\/sites\\\/52\\\/2022\\\/07\\\/strategie-scientifique-sur-les-services-climatiques.jpg\",\"datePublished\":\"2014-07-02T10:12:00+00:00\",\"dateModified\":\"2022-07-05T10:24:42+00:00\",\"author\":{\"@id\":\"https:\\\/\\\/ist.blogs.inrae.fr\\\/allenvi\\\/#\\\/schema\\\/person\\\/ffd88b01709e892b89bdb3e74a5216d0\"},\"breadcrumb\":{\"@id\":\"https:\\\/\\\/ist.blogs.inrae.fr\\\/allenvi\\\/services-climatiques-allenvi-devient-force-de-proposition\\\/#breadcrumb\"},\"inLanguage\":\"fr-FR\",\"potentialAction\":[{\"@type\":\"ReadAction\",\"target\":[\"https:\\\/\\\/ist.blogs.inrae.fr\\\/allenvi\\\/services-climatiques-allenvi-devient-force-de-proposition\\\/\"]}]},{\"@type\":\"ImageObject\",\"inLanguage\":\"fr-FR\",\"@id\":\"https:\\\/\\\/ist.blogs.inrae.fr\\\/allenvi\\\/services-climatiques-allenvi-devient-force-de-proposition\\\/#primaryimage\",\"url\":\"https:\\\/\\\/ist.blogs.inrae.fr\\\/allenvi\\\/wp-content\\\/uploads\\\/sites\\\/52\\\/2022\\\/07\\\/strategie-scientifique-sur-les-services-climatiques.jpg\",\"contentUrl\":\"https:\\\/\\\/ist.blogs.inrae.fr\\\/allenvi\\\/wp-content\\\/uploads\\\/sites\\\/52\\\/2022\\\/07\\\/strategie-scientifique-sur-les-services-climatiques.jpg\",\"width\":597,\"height\":320},{\"@type\":\"BreadcrumbList\",\"@id\":\"https:\\\/\\\/ist.blogs.inrae.fr\\\/allenvi\\\/services-climatiques-allenvi-devient-force-de-proposition\\\/#breadcrumb\",\"itemListElement\":[{\"@type\":\"ListItem\",\"position\":1,\"name\":\"Accueil\",\"item\":\"https:\\\/\\\/ist.blogs.inrae.fr\\\/allenvi\\\/\"},{\"@type\":\"ListItem\",\"position\":2,\"name\":\"Services climatiques : AllEnvi devient force de proposition\"}]},{\"@type\":\"WebSite\",\"@id\":\"https:\\\/\\\/ist.blogs.inrae.fr\\\/allenvi\\\/#website\",\"url\":\"https:\\\/\\\/ist.blogs.inrae.fr\\\/allenvi\\\/\",\"name\":\"Alliance Allenvi\",\"description\":\"\",\"potentialAction\":[{\"@type\":\"SearchAction\",\"target\":{\"@type\":\"EntryPoint\",\"urlTemplate\":\"https:\\\/\\\/ist.blogs.inrae.fr\\\/allenvi\\\/?s={search_term_string}\"},\"query-input\":{\"@type\":\"PropertyValueSpecification\",\"valueRequired\":true,\"valueName\":\"search_term_string\"}}],\"inLanguage\":\"fr-FR\"},{\"@type\":\"Person\",\"@id\":\"https:\\\/\\\/ist.blogs.inrae.fr\\\/allenvi\\\/#\\\/schema\\\/person\\\/ffd88b01709e892b89bdb3e74a5216d0\",\"name\":\"Sonya\",\"image\":{\"@type\":\"ImageObject\",\"inLanguage\":\"fr-FR\",\"@id\":\"https:\\\/\\\/secure.gravatar.com\\\/avatar\\\/c1b735e3106a434d078f2a829a0ca4731c3e2f746b44fc8c1a6dd118f1c87dce?s=96&d=mm&r=g\",\"url\":\"https:\\\/\\\/secure.gravatar.com\\\/avatar\\\/c1b735e3106a434d078f2a829a0ca4731c3e2f746b44fc8c1a6dd118f1c87dce?s=96&d=mm&r=g\",\"contentUrl\":\"https:\\\/\\\/secure.gravatar.com\\\/avatar\\\/c1b735e3106a434d078f2a829a0ca4731c3e2f746b44fc8c1a6dd118f1c87dce?s=96&d=mm&r=g\",\"caption\":\"Sonya\"},\"url\":\"https:\\\/\\\/ist.blogs.inrae.fr\\\/allenvi\\\/author\\\/sonya\\\/\"}]}<\/script>\n<!-- \/ Yoast SEO plugin. -->","yoast_head_json":{"title":"Services climatiques : AllEnvi devient force de proposition - Alliance Allenvi","robots":{"index":"noindex","follow":"follow","max-snippet":"max-snippet:-1","max-image-preview":"max-image-preview:large","max-video-preview":"max-video-preview:-1"},"og_locale":"fr_FR","og_type":"article","og_title":"Services climatiques : AllEnvi devient force de proposition - Alliance Allenvi","og_description":"Le groupe Climat vient de finaliser un document proposant une strat\u00e9gie scientifique fran\u00e7aise de d\u00e9veloppement des services climatiques. Une strat\u00e9gie scientifique fran\u00e7aise de d\u00e9veloppement des services climatiques, c&rsquo;est ce que vient de pr\u00e9senter le groupe th\u00e9matique Climat au conseil de l&rsquo;alliance. Sa mise en \u0153uvre est d\u00e9taill\u00e9e dans le document t\u00e9l\u00e9chargeable ci-contre. Pour Philippe Bougeault, [&hellip;]","og_url":"https:\/\/ist.blogs.inrae.fr\/allenvi\/services-climatiques-allenvi-devient-force-de-proposition\/","og_site_name":"Alliance Allenvi","article_published_time":"2014-07-02T10:12:00+00:00","article_modified_time":"2022-07-05T10:24:42+00:00","og_image":[{"width":597,"height":320,"url":"https:\/\/ist.blogs.inrae.fr\/allenvi\/wp-content\/uploads\/sites\/52\/2022\/07\/strategie-scientifique-sur-les-services-climatiques.jpg","type":"image\/jpeg"}],"author":"Sonya","twitter_card":"summary_large_image","twitter_misc":{"\u00c9crit par":"Sonya","Dur\u00e9e de lecture estim\u00e9e":"2 minutes"},"schema":{"@context":"https:\/\/schema.org","@graph":[{"@type":"Article","@id":"https:\/\/ist.blogs.inrae.fr\/allenvi\/services-climatiques-allenvi-devient-force-de-proposition\/#article","isPartOf":{"@id":"https:\/\/ist.blogs.inrae.fr\/allenvi\/services-climatiques-allenvi-devient-force-de-proposition\/"},"author":{"name":"Sonya","@id":"https:\/\/ist.blogs.inrae.fr\/allenvi\/#\/schema\/person\/ffd88b01709e892b89bdb3e74a5216d0"},"headline":"Services climatiques : AllEnvi devient force de proposition","datePublished":"2014-07-02T10:12:00+00:00","dateModified":"2022-07-05T10:24:42+00:00","mainEntityOfPage":{"@id":"https:\/\/ist.blogs.inrae.fr\/allenvi\/services-climatiques-allenvi-devient-force-de-proposition\/"},"wordCount":381,"image":{"@id":"https:\/\/ist.blogs.inrae.fr\/allenvi\/services-climatiques-allenvi-devient-force-de-proposition\/#primaryimage"},"thumbnailUrl":"https:\/\/ist.blogs.inrae.fr\/allenvi\/wp-content\/uploads\/sites\/52\/2022\/07\/strategie-scientifique-sur-les-services-climatiques.jpg","articleSection":["Actualit\u00e9s"],"inLanguage":"fr-FR"},{"@type":"WebPage","@id":"https:\/\/ist.blogs.inrae.fr\/allenvi\/services-climatiques-allenvi-devient-force-de-proposition\/","url":"https:\/\/ist.blogs.inrae.fr\/allenvi\/services-climatiques-allenvi-devient-force-de-proposition\/","name":"Services climatiques : AllEnvi devient force de proposition - Alliance Allenvi","isPartOf":{"@id":"https:\/\/ist.blogs.inrae.fr\/allenvi\/#website"},"primaryImageOfPage":{"@id":"https:\/\/ist.blogs.inrae.fr\/allenvi\/services-climatiques-allenvi-devient-force-de-proposition\/#primaryimage"},"image":{"@id":"https:\/\/ist.blogs.inrae.fr\/allenvi\/services-climatiques-allenvi-devient-force-de-proposition\/#primaryimage"},"thumbnailUrl":"https:\/\/ist.blogs.inrae.fr\/allenvi\/wp-content\/uploads\/sites\/52\/2022\/07\/strategie-scientifique-sur-les-services-climatiques.jpg","datePublished":"2014-07-02T10:12:00+00:00","dateModified":"2022-07-05T10:24:42+00:00","author":{"@id":"https:\/\/ist.blogs.inrae.fr\/allenvi\/#\/schema\/person\/ffd88b01709e892b89bdb3e74a5216d0"},"breadcrumb":{"@id":"https:\/\/ist.blogs.inrae.fr\/allenvi\/services-climatiques-allenvi-devient-force-de-proposition\/#breadcrumb"},"inLanguage":"fr-FR","potentialAction":[{"@type":"ReadAction","target":["https:\/\/ist.blogs.inrae.fr\/allenvi\/services-climatiques-allenvi-devient-force-de-proposition\/"]}]},{"@type":"ImageObject","inLanguage":"fr-FR","@id":"https:\/\/ist.blogs.inrae.fr\/allenvi\/services-climatiques-allenvi-devient-force-de-proposition\/#primaryimage","url":"https:\/\/ist.blogs.inrae.fr\/allenvi\/wp-content\/uploads\/sites\/52\/2022\/07\/strategie-scientifique-sur-les-services-climatiques.jpg","contentUrl":"https:\/\/ist.blogs.inrae.fr\/allenvi\/wp-content\/uploads\/sites\/52\/2022\/07\/strategie-scientifique-sur-les-services-climatiques.jpg","width":597,"height":320},{"@type":"BreadcrumbList","@id":"https:\/\/ist.blogs.inrae.fr\/allenvi\/services-climatiques-allenvi-devient-force-de-proposition\/#breadcrumb","itemListElement":[{"@type":"ListItem","position":1,"name":"Accueil","item":"https:\/\/ist.blogs.inrae.fr\/allenvi\/"},{"@type":"ListItem","position":2,"name":"Services climatiques : AllEnvi devient force de proposition"}]},{"@type":"WebSite","@id":"https:\/\/ist.blogs.inrae.fr\/allenvi\/#website","url":"https:\/\/ist.blogs.inrae.fr\/allenvi\/","name":"Alliance Allenvi","description":"","potentialAction":[{"@type":"SearchAction","target":{"@type":"EntryPoint","urlTemplate":"https:\/\/ist.blogs.inrae.fr\/allenvi\/?s={search_term_string}"},"query-input":{"@type":"PropertyValueSpecification","valueRequired":true,"valueName":"search_term_string"}}],"inLanguage":"fr-FR"},{"@type":"Person","@id":"https:\/\/ist.blogs.inrae.fr\/allenvi\/#\/schema\/person\/ffd88b01709e892b89bdb3e74a5216d0","name":"Sonya","image":{"@type":"ImageObject","inLanguage":"fr-FR","@id":"https:\/\/secure.gravatar.com\/avatar\/c1b735e3106a434d078f2a829a0ca4731c3e2f746b44fc8c1a6dd118f1c87dce?s=96&d=mm&r=g","url":"https:\/\/secure.gravatar.com\/avatar\/c1b735e3106a434d078f2a829a0ca4731c3e2f746b44fc8c1a6dd118f1c87dce?s=96&d=mm&r=g","contentUrl":"https:\/\/secure.gravatar.com\/avatar\/c1b735e3106a434d078f2a829a0ca4731c3e2f746b44fc8c1a6dd118f1c87dce?s=96&d=mm&r=g","caption":"Sonya"},"url":"https:\/\/ist.blogs.inrae.fr\/allenvi\/author\/sonya\/"}]}},"_links":{"self":[{"href":"https:\/\/ist.blogs.inrae.fr\/allenvi\/wp-json\/wp\/v2\/posts\/9541","targetHints":{"allow":["GET"]}}],"collection":[{"href":"https:\/\/ist.blogs.inrae.fr\/allenvi\/wp-json\/wp\/v2\/posts"}],"about":[{"href":"https:\/\/ist.blogs.inrae.fr\/allenvi\/wp-json\/wp\/v2\/types\/post"}],"author":[{"embeddable":true,"href":"https:\/\/ist.blogs.inrae.fr\/allenvi\/wp-json\/wp\/v2\/users\/199"}],"replies":[{"embeddable":true,"href":"https:\/\/ist.blogs.inrae.fr\/allenvi\/wp-json\/wp\/v2\/comments?post=9541"}],"version-history":[{"count":2,"href":"https:\/\/ist.blogs.inrae.fr\/allenvi\/wp-json\/wp\/v2\/posts\/9541\/revisions"}],"predecessor-version":[{"id":9547,"href":"https:\/\/ist.blogs.inrae.fr\/allenvi\/wp-json\/wp\/v2\/posts\/9541\/revisions\/9547"}],"wp:featuredmedia":[{"embeddable":true,"href":"https:\/\/ist.blogs.inrae.fr\/allenvi\/wp-json\/wp\/v2\/media\/9543"}],"wp:attachment":[{"href":"https:\/\/ist.blogs.inrae.fr\/allenvi\/wp-json\/wp\/v2\/media?parent=9541"}],"wp:term":[{"taxonomy":"category","embeddable":true,"href":"https:\/\/ist.blogs.inrae.fr\/allenvi\/wp-json\/wp\/v2\/categories?post=9541"},{"taxonomy":"post_tag","embeddable":true,"href":"https:\/\/ist.blogs.inrae.fr\/allenvi\/wp-json\/wp\/v2\/tags?post=9541"}],"curies":[{"name":"wp","href":"https:\/\/api.w.org\/{rel}","templated":true}]}}