{"id":9536,"date":"2014-07-08T10:01:00","date_gmt":"2014-07-08T10:01:00","guid":{"rendered":"https:\/\/www.allenvi.fr\/?p=9536"},"modified":"2022-07-05T10:12:06","modified_gmt":"2022-07-05T10:12:06","slug":"les-echos-dallenvi-n3","status":"publish","type":"post","link":"https:\/\/ist.blogs.inrae.fr\/allenvi\/les-echos-dallenvi-n3\/","title":{"rendered":"Les Echos d\u2019AllEnvi n\u00b03"},"content":{"rendered":"\n<p>Retrouvez toute l\u2019actualit\u00e9 de l\u2019alliance dans ce troisi\u00e8me num\u00e9ro de la lettre d\u2019information <em>Les Echos d\u2019AllEnvi<\/em> &#8211; juillet 2014.<\/p>\n\n\n\n<p><strong>Au sommaire :<\/strong><\/p>\n\n\n\n<p><em>ANR-AllEnvi<\/em><br><strong>Nouvelles modalit\u00e9s d&rsquo;interactions<\/strong><\/p>\n\n\n\n<p>L&rsquo;Agence nationale de la recherche met en place un nouveau syst\u00e8me de programmation scientifique qui implique davantage les alliances de recherche. Fran\u00e7ois Houllier et St\u00e9phanie Thi\u00e9bault, Pr\u00e9sident et Vice-pr\u00e9sidente d\u2019AllEnvi en charge de la programmation, d\u00e9taillent les changements qui en d\u00e9coulent pour l&rsquo;alliance et dressent un bilan de cette premi\u00e8re ann\u00e9e.<\/p>\n\n\n\n<p><em>Du c\u00f4t\u00e9 des labos<\/em><br><strong>Une recherche environnementale fran\u00e7aise r\u00e9compens\u00e9e<\/strong><\/p>\n\n\n\n<p>La recherche environnementale fran\u00e7aise est bien repr\u00e9sent\u00e9e dans les laur\u00e9ats des bourses accord\u00e9es par le Conseil europ\u00e9en de la recherche. Une preuve de son dynamisme et de son excellence et une illustration de l\u2019\u00e9norme besoin de connaissances pour comprendre les processus \u00e0 l\u2019\u0153uvre dans l\u2019environnement.<\/p>\n\n\n\n<p><em>Ev\u00e9nement<\/em><br><strong>Favoriser la transversalit\u00e9 : un enjeu pour l&rsquo;alliance<\/strong><\/p>\n\n\n\n<p>Le 14 janvier dernier, l&rsquo;alliance organisait son s\u00e9minaire annuel des animateurs de groupes th\u00e9matiques et transversaux. Retour sur une journ\u00e9e d&rsquo;\u00e9changes intenses qui a permis de dynamiser les relations intergroupes.<\/p>\n\n\n\n<p><em>A la pointe<\/em><br><strong>Bio\u00e9conomie : AllEnvi s&rsquo;implique<\/strong><\/p>\n\n\n\n<p>Bio\u00e9conomie, si ce terme a la faveur des medias, il n&rsquo;en d\u00e9signe pas moins une tendance de fond bien r\u00e9elle : les fili\u00e8res \u00e9conomiques et industrielles de valorisation de la biomasse se multiplient et se r\u00e9organisent. Un potentiel consid\u00e9rable pour relever les grands d\u00e9fis soci\u00e9taux, mais qui soul\u00e8ve des questions. Questions dont la recherche environnementale fran\u00e7aise s&#8217;empare.<\/p>\n\n\n\n<p><em>Br\u00e8ves<\/em><\/p>\n\n\n\n<ul class=\"wp-block-list\"><li>Conf\u00e9rence Paris Climat 2015 : AllEnvi se mobilise<\/li><li>La Strat\u00e9gie nationale de recherche bient\u00f4t finalis\u00e9e<\/li><li>Services climatiques, AllEnvi devient force de proposition<\/li><\/ul>\n\n\n\n<div class=\"wp-block-file\"><a id=\"wp-block-file--media-40328103-b370-4256-9e3c-881b26aaabfb\" href=\"https:\/\/ist.blogs.inrae.fr\/allenvi\/wp-content\/uploads\/sites\/52\/2022\/07\/LesEchosdAllEnvin\u00b03.pdf\" target=\"_blank\" rel=\"noreferrer noopener\">Les Echos dAllEnvi n\u00b03<\/a><a href=\"https:\/\/ist.blogs.inrae.fr\/allenvi\/wp-content\/uploads\/sites\/52\/2022\/07\/LesEchosdAllEnvin\u00b03.pdf\" class=\"wp-block-file__button\" download aria-describedby=\"wp-block-file--media-40328103-b370-4256-9e3c-881b26aaabfb\">T\u00e9l\u00e9charger<\/a><\/div>\n\n\n\n<p><\/p>\n","protected":false},"excerpt":{"rendered":"<p>Retrouvez toute l\u2019actualit\u00e9 de l\u2019alliance dans ce troisi\u00e8me num\u00e9ro de la lettre d\u2019information Les Echos d\u2019AllEnvi &#8211; juillet 2014. Au sommaire : ANR-AllEnviNouvelles modalit\u00e9s d&rsquo;interactions L&rsquo;Agence nationale de la recherche met en place un nouveau syst\u00e8me de programmation scientifique qui implique davantage les alliances de recherche. Fran\u00e7ois Houllier et St\u00e9phanie Thi\u00e9bault, Pr\u00e9sident et Vice-pr\u00e9sidente d\u2019AllEnvi [&hellip;]<\/p>\n","protected":false},"author":199,"featured_media":9538,"comment_status":"closed","ping_status":"open","sticky":false,"template":"","format":"standard","meta":{"_et_pb_use_builder":"off","_et_pb_old_content":"","_et_gb_content_width":"","inline_featured_image":false,"footnotes":""},"categories":[22],"tags":[],"class_list":["post-9536","post","type-post","status-publish","format-standard","has-post-thumbnail","hentry","category-nos-actualites"],"yoast_head":"<!-- This site is optimized with the Yoast SEO plugin v27.4 - https:\/\/yoast.com\/product\/yoast-seo-wordpress\/ -->\n<title>Les Echos d\u2019AllEnvi n\u00b03 - Alliance Allenvi<\/title>\n<meta name=\"robots\" content=\"noindex, follow, max-snippet:-1, max-image-preview:large, max-video-preview:-1\" \/>\n<meta property=\"og:locale\" content=\"fr_FR\" \/>\n<meta property=\"og:type\" content=\"article\" \/>\n<meta property=\"og:title\" content=\"Les Echos d\u2019AllEnvi n\u00b03 - Alliance Allenvi\" \/>\n<meta property=\"og:description\" content=\"Retrouvez toute l\u2019actualit\u00e9 de l\u2019alliance dans ce troisi\u00e8me num\u00e9ro de la lettre d\u2019information Les Echos d\u2019AllEnvi &#8211; juillet 2014. Au sommaire : ANR-AllEnviNouvelles modalit\u00e9s d&rsquo;interactions L&rsquo;Agence nationale de la recherche met en place un nouveau syst\u00e8me de programmation scientifique qui implique davantage les alliances de recherche. Fran\u00e7ois Houllier et St\u00e9phanie Thi\u00e9bault, Pr\u00e9sident et Vice-pr\u00e9sidente d\u2019AllEnvi [&hellip;]\" \/>\n<meta property=\"og:url\" content=\"https:\/\/ist.blogs.inrae.fr\/allenvi\/les-echos-dallenvi-n3\/\" \/>\n<meta property=\"og:site_name\" content=\"Alliance Allenvi\" \/>\n<meta property=\"article:published_time\" content=\"2014-07-08T10:01:00+00:00\" \/>\n<meta property=\"article:modified_time\" content=\"2022-07-05T10:12:06+00:00\" \/>\n<meta property=\"og:image\" content=\"https:\/\/ist.blogs.inrae.fr\/allenvi\/wp-content\/uploads\/sites\/52\/2022\/07\/echos-d-allenvi-n-3.jpg\" \/>\n\t<meta property=\"og:image:width\" content=\"597\" \/>\n\t<meta property=\"og:image:height\" content=\"320\" \/>\n\t<meta property=\"og:image:type\" content=\"image\/jpeg\" \/>\n<meta name=\"author\" content=\"Sonya\" \/>\n<meta name=\"twitter:card\" content=\"summary_large_image\" \/>\n<meta name=\"twitter:label1\" content=\"\u00c9crit par\" \/>\n\t<meta name=\"twitter:data1\" content=\"Sonya\" \/>\n\t<meta name=\"twitter:label2\" content=\"Dur\u00e9e de lecture estim\u00e9e\" \/>\n\t<meta name=\"twitter:data2\" content=\"2 minutes\" \/>\n<script type=\"application\/ld+json\" class=\"yoast-schema-graph\">{\"@context\":\"https:\\\/\\\/schema.org\",\"@graph\":[{\"@type\":\"Article\",\"@id\":\"https:\\\/\\\/ist.blogs.inrae.fr\\\/allenvi\\\/les-echos-dallenvi-n3\\\/#article\",\"isPartOf\":{\"@id\":\"https:\\\/\\\/ist.blogs.inrae.fr\\\/allenvi\\\/les-echos-dallenvi-n3\\\/\"},\"author\":{\"name\":\"Sonya\",\"@id\":\"https:\\\/\\\/ist.blogs.inrae.fr\\\/allenvi\\\/#\\\/schema\\\/person\\\/ffd88b01709e892b89bdb3e74a5216d0\"},\"headline\":\"Les Echos d\u2019AllEnvi n\u00b03\",\"datePublished\":\"2014-07-08T10:01:00+00:00\",\"dateModified\":\"2022-07-05T10:12:06+00:00\",\"mainEntityOfPage\":{\"@id\":\"https:\\\/\\\/ist.blogs.inrae.fr\\\/allenvi\\\/les-echos-dallenvi-n3\\\/\"},\"wordCount\":320,\"image\":{\"@id\":\"https:\\\/\\\/ist.blogs.inrae.fr\\\/allenvi\\\/les-echos-dallenvi-n3\\\/#primaryimage\"},\"thumbnailUrl\":\"https:\\\/\\\/ist.blogs.inrae.fr\\\/allenvi\\\/wp-content\\\/uploads\\\/sites\\\/52\\\/2022\\\/07\\\/echos-d-allenvi-n-3.jpg\",\"articleSection\":[\"Actualit\u00e9s\"],\"inLanguage\":\"fr-FR\"},{\"@type\":\"WebPage\",\"@id\":\"https:\\\/\\\/ist.blogs.inrae.fr\\\/allenvi\\\/les-echos-dallenvi-n3\\\/\",\"url\":\"https:\\\/\\\/ist.blogs.inrae.fr\\\/allenvi\\\/les-echos-dallenvi-n3\\\/\",\"name\":\"Les Echos d\u2019AllEnvi n\u00b03 - Alliance Allenvi\",\"isPartOf\":{\"@id\":\"https:\\\/\\\/ist.blogs.inrae.fr\\\/allenvi\\\/#website\"},\"primaryImageOfPage\":{\"@id\":\"https:\\\/\\\/ist.blogs.inrae.fr\\\/allenvi\\\/les-echos-dallenvi-n3\\\/#primaryimage\"},\"image\":{\"@id\":\"https:\\\/\\\/ist.blogs.inrae.fr\\\/allenvi\\\/les-echos-dallenvi-n3\\\/#primaryimage\"},\"thumbnailUrl\":\"https:\\\/\\\/ist.blogs.inrae.fr\\\/allenvi\\\/wp-content\\\/uploads\\\/sites\\\/52\\\/2022\\\/07\\\/echos-d-allenvi-n-3.jpg\",\"datePublished\":\"2014-07-08T10:01:00+00:00\",\"dateModified\":\"2022-07-05T10:12:06+00:00\",\"author\":{\"@id\":\"https:\\\/\\\/ist.blogs.inrae.fr\\\/allenvi\\\/#\\\/schema\\\/person\\\/ffd88b01709e892b89bdb3e74a5216d0\"},\"breadcrumb\":{\"@id\":\"https:\\\/\\\/ist.blogs.inrae.fr\\\/allenvi\\\/les-echos-dallenvi-n3\\\/#breadcrumb\"},\"inLanguage\":\"fr-FR\",\"potentialAction\":[{\"@type\":\"ReadAction\",\"target\":[\"https:\\\/\\\/ist.blogs.inrae.fr\\\/allenvi\\\/les-echos-dallenvi-n3\\\/\"]}]},{\"@type\":\"ImageObject\",\"inLanguage\":\"fr-FR\",\"@id\":\"https:\\\/\\\/ist.blogs.inrae.fr\\\/allenvi\\\/les-echos-dallenvi-n3\\\/#primaryimage\",\"url\":\"https:\\\/\\\/ist.blogs.inrae.fr\\\/allenvi\\\/wp-content\\\/uploads\\\/sites\\\/52\\\/2022\\\/07\\\/echos-d-allenvi-n-3.jpg\",\"contentUrl\":\"https:\\\/\\\/ist.blogs.inrae.fr\\\/allenvi\\\/wp-content\\\/uploads\\\/sites\\\/52\\\/2022\\\/07\\\/echos-d-allenvi-n-3.jpg\",\"width\":597,\"height\":320,\"caption\":\"Chemostats pour culture d'algues en continu.\"},{\"@type\":\"BreadcrumbList\",\"@id\":\"https:\\\/\\\/ist.blogs.inrae.fr\\\/allenvi\\\/les-echos-dallenvi-n3\\\/#breadcrumb\",\"itemListElement\":[{\"@type\":\"ListItem\",\"position\":1,\"name\":\"Accueil\",\"item\":\"https:\\\/\\\/ist.blogs.inrae.fr\\\/allenvi\\\/\"},{\"@type\":\"ListItem\",\"position\":2,\"name\":\"Les Echos d\u2019AllEnvi n\u00b03\"}]},{\"@type\":\"WebSite\",\"@id\":\"https:\\\/\\\/ist.blogs.inrae.fr\\\/allenvi\\\/#website\",\"url\":\"https:\\\/\\\/ist.blogs.inrae.fr\\\/allenvi\\\/\",\"name\":\"Alliance Allenvi\",\"description\":\"\",\"potentialAction\":[{\"@type\":\"SearchAction\",\"target\":{\"@type\":\"EntryPoint\",\"urlTemplate\":\"https:\\\/\\\/ist.blogs.inrae.fr\\\/allenvi\\\/?s={search_term_string}\"},\"query-input\":{\"@type\":\"PropertyValueSpecification\",\"valueRequired\":true,\"valueName\":\"search_term_string\"}}],\"inLanguage\":\"fr-FR\"},{\"@type\":\"Person\",\"@id\":\"https:\\\/\\\/ist.blogs.inrae.fr\\\/allenvi\\\/#\\\/schema\\\/person\\\/ffd88b01709e892b89bdb3e74a5216d0\",\"name\":\"Sonya\",\"image\":{\"@type\":\"ImageObject\",\"inLanguage\":\"fr-FR\",\"@id\":\"https:\\\/\\\/secure.gravatar.com\\\/avatar\\\/c1b735e3106a434d078f2a829a0ca4731c3e2f746b44fc8c1a6dd118f1c87dce?s=96&d=mm&r=g\",\"url\":\"https:\\\/\\\/secure.gravatar.com\\\/avatar\\\/c1b735e3106a434d078f2a829a0ca4731c3e2f746b44fc8c1a6dd118f1c87dce?s=96&d=mm&r=g\",\"contentUrl\":\"https:\\\/\\\/secure.gravatar.com\\\/avatar\\\/c1b735e3106a434d078f2a829a0ca4731c3e2f746b44fc8c1a6dd118f1c87dce?s=96&d=mm&r=g\",\"caption\":\"Sonya\"},\"url\":\"https:\\\/\\\/ist.blogs.inrae.fr\\\/allenvi\\\/author\\\/sonya\\\/\"}]}<\/script>\n<!-- \/ Yoast SEO plugin. -->","yoast_head_json":{"title":"Les Echos d\u2019AllEnvi n\u00b03 - Alliance Allenvi","robots":{"index":"noindex","follow":"follow","max-snippet":"max-snippet:-1","max-image-preview":"max-image-preview:large","max-video-preview":"max-video-preview:-1"},"og_locale":"fr_FR","og_type":"article","og_title":"Les Echos d\u2019AllEnvi n\u00b03 - Alliance Allenvi","og_description":"Retrouvez toute l\u2019actualit\u00e9 de l\u2019alliance dans ce troisi\u00e8me num\u00e9ro de la lettre d\u2019information Les Echos d\u2019AllEnvi &#8211; juillet 2014. Au sommaire : ANR-AllEnviNouvelles modalit\u00e9s d&rsquo;interactions L&rsquo;Agence nationale de la recherche met en place un nouveau syst\u00e8me de programmation scientifique qui implique davantage les alliances de recherche. Fran\u00e7ois Houllier et St\u00e9phanie Thi\u00e9bault, Pr\u00e9sident et Vice-pr\u00e9sidente d\u2019AllEnvi [&hellip;]","og_url":"https:\/\/ist.blogs.inrae.fr\/allenvi\/les-echos-dallenvi-n3\/","og_site_name":"Alliance Allenvi","article_published_time":"2014-07-08T10:01:00+00:00","article_modified_time":"2022-07-05T10:12:06+00:00","og_image":[{"width":597,"height":320,"url":"https:\/\/ist.blogs.inrae.fr\/allenvi\/wp-content\/uploads\/sites\/52\/2022\/07\/echos-d-allenvi-n-3.jpg","type":"image\/jpeg"}],"author":"Sonya","twitter_card":"summary_large_image","twitter_misc":{"\u00c9crit par":"Sonya","Dur\u00e9e de lecture estim\u00e9e":"2 minutes"},"schema":{"@context":"https:\/\/schema.org","@graph":[{"@type":"Article","@id":"https:\/\/ist.blogs.inrae.fr\/allenvi\/les-echos-dallenvi-n3\/#article","isPartOf":{"@id":"https:\/\/ist.blogs.inrae.fr\/allenvi\/les-echos-dallenvi-n3\/"},"author":{"name":"Sonya","@id":"https:\/\/ist.blogs.inrae.fr\/allenvi\/#\/schema\/person\/ffd88b01709e892b89bdb3e74a5216d0"},"headline":"Les Echos d\u2019AllEnvi n\u00b03","datePublished":"2014-07-08T10:01:00+00:00","dateModified":"2022-07-05T10:12:06+00:00","mainEntityOfPage":{"@id":"https:\/\/ist.blogs.inrae.fr\/allenvi\/les-echos-dallenvi-n3\/"},"wordCount":320,"image":{"@id":"https:\/\/ist.blogs.inrae.fr\/allenvi\/les-echos-dallenvi-n3\/#primaryimage"},"thumbnailUrl":"https:\/\/ist.blogs.inrae.fr\/allenvi\/wp-content\/uploads\/sites\/52\/2022\/07\/echos-d-allenvi-n-3.jpg","articleSection":["Actualit\u00e9s"],"inLanguage":"fr-FR"},{"@type":"WebPage","@id":"https:\/\/ist.blogs.inrae.fr\/allenvi\/les-echos-dallenvi-n3\/","url":"https:\/\/ist.blogs.inrae.fr\/allenvi\/les-echos-dallenvi-n3\/","name":"Les Echos d\u2019AllEnvi n\u00b03 - Alliance Allenvi","isPartOf":{"@id":"https:\/\/ist.blogs.inrae.fr\/allenvi\/#website"},"primaryImageOfPage":{"@id":"https:\/\/ist.blogs.inrae.fr\/allenvi\/les-echos-dallenvi-n3\/#primaryimage"},"image":{"@id":"https:\/\/ist.blogs.inrae.fr\/allenvi\/les-echos-dallenvi-n3\/#primaryimage"},"thumbnailUrl":"https:\/\/ist.blogs.inrae.fr\/allenvi\/wp-content\/uploads\/sites\/52\/2022\/07\/echos-d-allenvi-n-3.jpg","datePublished":"2014-07-08T10:01:00+00:00","dateModified":"2022-07-05T10:12:06+00:00","author":{"@id":"https:\/\/ist.blogs.inrae.fr\/allenvi\/#\/schema\/person\/ffd88b01709e892b89bdb3e74a5216d0"},"breadcrumb":{"@id":"https:\/\/ist.blogs.inrae.fr\/allenvi\/les-echos-dallenvi-n3\/#breadcrumb"},"inLanguage":"fr-FR","potentialAction":[{"@type":"ReadAction","target":["https:\/\/ist.blogs.inrae.fr\/allenvi\/les-echos-dallenvi-n3\/"]}]},{"@type":"ImageObject","inLanguage":"fr-FR","@id":"https:\/\/ist.blogs.inrae.fr\/allenvi\/les-echos-dallenvi-n3\/#primaryimage","url":"https:\/\/ist.blogs.inrae.fr\/allenvi\/wp-content\/uploads\/sites\/52\/2022\/07\/echos-d-allenvi-n-3.jpg","contentUrl":"https:\/\/ist.blogs.inrae.fr\/allenvi\/wp-content\/uploads\/sites\/52\/2022\/07\/echos-d-allenvi-n-3.jpg","width":597,"height":320,"caption":"Chemostats pour culture d'algues en continu."},{"@type":"BreadcrumbList","@id":"https:\/\/ist.blogs.inrae.fr\/allenvi\/les-echos-dallenvi-n3\/#breadcrumb","itemListElement":[{"@type":"ListItem","position":1,"name":"Accueil","item":"https:\/\/ist.blogs.inrae.fr\/allenvi\/"},{"@type":"ListItem","position":2,"name":"Les Echos d\u2019AllEnvi n\u00b03"}]},{"@type":"WebSite","@id":"https:\/\/ist.blogs.inrae.fr\/allenvi\/#website","url":"https:\/\/ist.blogs.inrae.fr\/allenvi\/","name":"Alliance Allenvi","description":"","potentialAction":[{"@type":"SearchAction","target":{"@type":"EntryPoint","urlTemplate":"https:\/\/ist.blogs.inrae.fr\/allenvi\/?s={search_term_string}"},"query-input":{"@type":"PropertyValueSpecification","valueRequired":true,"valueName":"search_term_string"}}],"inLanguage":"fr-FR"},{"@type":"Person","@id":"https:\/\/ist.blogs.inrae.fr\/allenvi\/#\/schema\/person\/ffd88b01709e892b89bdb3e74a5216d0","name":"Sonya","image":{"@type":"ImageObject","inLanguage":"fr-FR","@id":"https:\/\/secure.gravatar.com\/avatar\/c1b735e3106a434d078f2a829a0ca4731c3e2f746b44fc8c1a6dd118f1c87dce?s=96&d=mm&r=g","url":"https:\/\/secure.gravatar.com\/avatar\/c1b735e3106a434d078f2a829a0ca4731c3e2f746b44fc8c1a6dd118f1c87dce?s=96&d=mm&r=g","contentUrl":"https:\/\/secure.gravatar.com\/avatar\/c1b735e3106a434d078f2a829a0ca4731c3e2f746b44fc8c1a6dd118f1c87dce?s=96&d=mm&r=g","caption":"Sonya"},"url":"https:\/\/ist.blogs.inrae.fr\/allenvi\/author\/sonya\/"}]}},"_links":{"self":[{"href":"https:\/\/ist.blogs.inrae.fr\/allenvi\/wp-json\/wp\/v2\/posts\/9536","targetHints":{"allow":["GET"]}}],"collection":[{"href":"https:\/\/ist.blogs.inrae.fr\/allenvi\/wp-json\/wp\/v2\/posts"}],"about":[{"href":"https:\/\/ist.blogs.inrae.fr\/allenvi\/wp-json\/wp\/v2\/types\/post"}],"author":[{"embeddable":true,"href":"https:\/\/ist.blogs.inrae.fr\/allenvi\/wp-json\/wp\/v2\/users\/199"}],"replies":[{"embeddable":true,"href":"https:\/\/ist.blogs.inrae.fr\/allenvi\/wp-json\/wp\/v2\/comments?post=9536"}],"version-history":[{"count":2,"href":"https:\/\/ist.blogs.inrae.fr\/allenvi\/wp-json\/wp\/v2\/posts\/9536\/revisions"}],"predecessor-version":[{"id":9540,"href":"https:\/\/ist.blogs.inrae.fr\/allenvi\/wp-json\/wp\/v2\/posts\/9536\/revisions\/9540"}],"wp:featuredmedia":[{"embeddable":true,"href":"https:\/\/ist.blogs.inrae.fr\/allenvi\/wp-json\/wp\/v2\/media\/9538"}],"wp:attachment":[{"href":"https:\/\/ist.blogs.inrae.fr\/allenvi\/wp-json\/wp\/v2\/media?parent=9536"}],"wp:term":[{"taxonomy":"category","embeddable":true,"href":"https:\/\/ist.blogs.inrae.fr\/allenvi\/wp-json\/wp\/v2\/categories?post=9536"},{"taxonomy":"post_tag","embeddable":true,"href":"https:\/\/ist.blogs.inrae.fr\/allenvi\/wp-json\/wp\/v2\/tags?post=9536"}],"curies":[{"name":"wp","href":"https:\/\/api.w.org\/{rel}","templated":true}]}}