{"id":2291,"date":"2015-06-25T13:03:00","date_gmt":"2015-06-25T13:03:00","guid":{"rendered":"https:\/\/www.allenvi.fr\/?p=2291"},"modified":"2022-07-05T15:16:51","modified_gmt":"2022-07-05T15:16:51","slug":"our-common-future-under-climate-change","status":"publish","type":"post","link":"https:\/\/ist.blogs.inrae.fr\/allenvi\/our-common-future-under-climate-change\/","title":{"rendered":"Our Common Future under Climate Change"},"content":{"rendered":"\n<p>AllEnvi est partenaire du plus important forum scientifique international pr\u00e9c\u00e9dent la COP21. <em>Our Common Future under Climate Change<\/em> r\u00e9unira quelques 2000 participants du 7 au 10 juillet 2015 \u00e0 Paris.<\/p>\n\n\n\n<p>Quelques mois avant la 21<sup>e<\/sup>&nbsp;conf\u00e9rence des parties de la convention-cadre des Nations unies sur les changements climatiques (COP21), une conf\u00e9rence scientifique internationale intitul\u00e9e <em>Our Common Future under climate change<\/em>&nbsp;se tiendra \u00e0 l\u2019Unesco, du 7 au 11 juillet 2015.<\/p>\n\n\n\n<p>En s\u2019appuyant sur les r\u00e9sultats du 5e rapport d\u2019\u00e9valuation du Giec, la conf\u00e9rence abordera les questions essentielles concernant le d\u00e9r\u00e8glement climatique, dans le contexte plus large des changements globaux. Il s\u2019agira de mettre l\u2019accent sur \u200b\u200ble passage de la connaissance actuelle \u00e0 des&nbsp;solutions d\u2019avenir.<\/p>\n\n\n\n<p>Quatre objectifs principaux vont orienter cet \u00e9v\u00e9nement&nbsp;:<\/p>\n\n\n\n<ul class=\"wp-block-list\"><li>fournir un aper\u00e7u des connaissances scientifiques les plus avanc\u00e9es sur le changement climatique,<\/li><li>explorer un vaste \u00e9ventail de solutions possibles combinant l\u2019att\u00e9nuation et l\u2019adaptation au changement climatique avec le d\u00e9veloppement durable,<\/li><li>\u00e9valuer le potentiel de solutions fond\u00e9es sur des preuves scientifiques pour faire face aux d\u00e9fis pos\u00e9s par le changement climatique,<\/li><li>contribuer \u00e0 un dialogue entre la communaut\u00e9 scientifique et la soci\u00e9t\u00e9 au sens large du terme.<\/li><\/ul>\n\n\n\n<p>La conf\u00e9rence est organis\u00e9e avec le soutien du gouvernement fran\u00e7ais et sous l\u2019\u00e9gide du Conseil international pour la science (<a href=\"https:\/\/ist.blogs.inrae.fr\/allenvi\/Conseil%20international%20pour%20la%20science\" target=\"_blank\" rel=\"noreferrer noopener\">ICSU<\/a>), de <a href=\"http:\/\/www.futureearth.org\/\" target=\"_blank\" rel=\"noreferrer noopener\">Future Earth<\/a>, de l\u2019<a href=\"http:\/\/fr.unesco.org\/\" target=\"_blank\" rel=\"noreferrer noopener\">Unesco<\/a>&nbsp;et des grands organismes scientifiques fran\u00e7ais, dont la plupart sont membres d\u2019AllEnvi.<\/p>\n","protected":false},"excerpt":{"rendered":"<p>AllEnvi est partenaire du plus important forum scientifique international pr\u00e9c\u00e9dent la COP21. Our Common Future under Climate Change r\u00e9unira quelques 2000 participants du 7 au 10 juillet 2015 \u00e0 Paris. Quelques mois avant la 21e&nbsp;conf\u00e9rence des parties de la convention-cadre des Nations unies sur les changements climatiques (COP21), une conf\u00e9rence scientifique internationale intitul\u00e9e Our Common [&hellip;]<\/p>\n","protected":false},"author":199,"featured_media":9777,"comment_status":"closed","ping_status":"open","sticky":false,"template":"","format":"standard","meta":{"_et_pb_use_builder":"off","_et_pb_old_content":"","_et_gb_content_width":"","inline_featured_image":false,"footnotes":""},"categories":[22],"tags":[],"class_list":["post-2291","post","type-post","status-publish","format-standard","has-post-thumbnail","hentry","category-nos-actualites"],"yoast_head":"<!-- This site is optimized with the Yoast SEO plugin v27.4 - https:\/\/yoast.com\/product\/yoast-seo-wordpress\/ -->\n<title>Our Common Future under Climate Change - Alliance Allenvi<\/title>\n<meta name=\"robots\" content=\"noindex, follow, max-snippet:-1, max-image-preview:large, max-video-preview:-1\" \/>\n<meta property=\"og:locale\" content=\"fr_FR\" \/>\n<meta property=\"og:type\" content=\"article\" \/>\n<meta property=\"og:title\" content=\"Our Common Future under Climate Change - Alliance Allenvi\" \/>\n<meta property=\"og:description\" content=\"AllEnvi est partenaire du plus important forum scientifique international pr\u00e9c\u00e9dent la COP21. Our Common Future under Climate Change r\u00e9unira quelques 2000 participants du 7 au 10 juillet 2015 \u00e0 Paris. Quelques mois avant la 21e&nbsp;conf\u00e9rence des parties de la convention-cadre des Nations unies sur les changements climatiques (COP21), une conf\u00e9rence scientifique internationale intitul\u00e9e Our Common [&hellip;]\" \/>\n<meta property=\"og:url\" content=\"https:\/\/ist.blogs.inrae.fr\/allenvi\/our-common-future-under-climate-change\/\" \/>\n<meta property=\"og:site_name\" content=\"Alliance Allenvi\" \/>\n<meta property=\"article:published_time\" content=\"2015-06-25T13:03:00+00:00\" \/>\n<meta property=\"article:modified_time\" content=\"2022-07-05T15:16:51+00:00\" \/>\n<meta property=\"og:image\" content=\"https:\/\/ist.blogs.inrae.fr\/allenvi\/wp-content\/uploads\/sites\/52\/2015\/12\/our-common-future-under-climate-change.jpg\" \/>\n\t<meta property=\"og:image:width\" content=\"597\" \/>\n\t<meta property=\"og:image:height\" content=\"320\" \/>\n\t<meta property=\"og:image:type\" content=\"image\/jpeg\" \/>\n<meta name=\"author\" content=\"Sonya\" \/>\n<meta name=\"twitter:card\" content=\"summary_large_image\" \/>\n<meta name=\"twitter:label1\" content=\"\u00c9crit par\" \/>\n\t<meta name=\"twitter:data1\" content=\"Sonya\" \/>\n\t<meta name=\"twitter:label2\" content=\"Dur\u00e9e de lecture estim\u00e9e\" \/>\n\t<meta name=\"twitter:data2\" content=\"2 minutes\" \/>\n<script type=\"application\/ld+json\" class=\"yoast-schema-graph\">{\"@context\":\"https:\\\/\\\/schema.org\",\"@graph\":[{\"@type\":\"Article\",\"@id\":\"https:\\\/\\\/ist.blogs.inrae.fr\\\/allenvi\\\/our-common-future-under-climate-change\\\/#article\",\"isPartOf\":{\"@id\":\"https:\\\/\\\/ist.blogs.inrae.fr\\\/allenvi\\\/our-common-future-under-climate-change\\\/\"},\"author\":{\"name\":\"Sonya\",\"@id\":\"https:\\\/\\\/ist.blogs.inrae.fr\\\/allenvi\\\/#\\\/schema\\\/person\\\/ffd88b01709e892b89bdb3e74a5216d0\"},\"headline\":\"Our Common Future under Climate Change\",\"datePublished\":\"2015-06-25T13:03:00+00:00\",\"dateModified\":\"2022-07-05T15:16:51+00:00\",\"mainEntityOfPage\":{\"@id\":\"https:\\\/\\\/ist.blogs.inrae.fr\\\/allenvi\\\/our-common-future-under-climate-change\\\/\"},\"wordCount\":260,\"image\":{\"@id\":\"https:\\\/\\\/ist.blogs.inrae.fr\\\/allenvi\\\/our-common-future-under-climate-change\\\/#primaryimage\"},\"thumbnailUrl\":\"https:\\\/\\\/ist.blogs.inrae.fr\\\/allenvi\\\/wp-content\\\/uploads\\\/sites\\\/52\\\/2015\\\/12\\\/our-common-future-under-climate-change.jpg\",\"articleSection\":[\"Actualit\u00e9s\"],\"inLanguage\":\"fr-FR\"},{\"@type\":\"WebPage\",\"@id\":\"https:\\\/\\\/ist.blogs.inrae.fr\\\/allenvi\\\/our-common-future-under-climate-change\\\/\",\"url\":\"https:\\\/\\\/ist.blogs.inrae.fr\\\/allenvi\\\/our-common-future-under-climate-change\\\/\",\"name\":\"Our Common Future under Climate Change - Alliance Allenvi\",\"isPartOf\":{\"@id\":\"https:\\\/\\\/ist.blogs.inrae.fr\\\/allenvi\\\/#website\"},\"primaryImageOfPage\":{\"@id\":\"https:\\\/\\\/ist.blogs.inrae.fr\\\/allenvi\\\/our-common-future-under-climate-change\\\/#primaryimage\"},\"image\":{\"@id\":\"https:\\\/\\\/ist.blogs.inrae.fr\\\/allenvi\\\/our-common-future-under-climate-change\\\/#primaryimage\"},\"thumbnailUrl\":\"https:\\\/\\\/ist.blogs.inrae.fr\\\/allenvi\\\/wp-content\\\/uploads\\\/sites\\\/52\\\/2015\\\/12\\\/our-common-future-under-climate-change.jpg\",\"datePublished\":\"2015-06-25T13:03:00+00:00\",\"dateModified\":\"2022-07-05T15:16:51+00:00\",\"author\":{\"@id\":\"https:\\\/\\\/ist.blogs.inrae.fr\\\/allenvi\\\/#\\\/schema\\\/person\\\/ffd88b01709e892b89bdb3e74a5216d0\"},\"breadcrumb\":{\"@id\":\"https:\\\/\\\/ist.blogs.inrae.fr\\\/allenvi\\\/our-common-future-under-climate-change\\\/#breadcrumb\"},\"inLanguage\":\"fr-FR\",\"potentialAction\":[{\"@type\":\"ReadAction\",\"target\":[\"https:\\\/\\\/ist.blogs.inrae.fr\\\/allenvi\\\/our-common-future-under-climate-change\\\/\"]}]},{\"@type\":\"ImageObject\",\"inLanguage\":\"fr-FR\",\"@id\":\"https:\\\/\\\/ist.blogs.inrae.fr\\\/allenvi\\\/our-common-future-under-climate-change\\\/#primaryimage\",\"url\":\"https:\\\/\\\/ist.blogs.inrae.fr\\\/allenvi\\\/wp-content\\\/uploads\\\/sites\\\/52\\\/2015\\\/12\\\/our-common-future-under-climate-change.jpg\",\"contentUrl\":\"https:\\\/\\\/ist.blogs.inrae.fr\\\/allenvi\\\/wp-content\\\/uploads\\\/sites\\\/52\\\/2015\\\/12\\\/our-common-future-under-climate-change.jpg\",\"width\":597,\"height\":320,\"caption\":\"Le cyclone Evan, toujours de categorie 3 Image du 16\\\/12\\\/2012 a 03h00 UTC - MTSAT1R. Apres etre passe sur Wallis et Futuna, le cyclone Evan atteint maintenant les iles Fidji. 20121216_0300_Cyclone_Evan_categorie_3_mtsat01_169.jpg\"},{\"@type\":\"BreadcrumbList\",\"@id\":\"https:\\\/\\\/ist.blogs.inrae.fr\\\/allenvi\\\/our-common-future-under-climate-change\\\/#breadcrumb\",\"itemListElement\":[{\"@type\":\"ListItem\",\"position\":1,\"name\":\"Accueil\",\"item\":\"https:\\\/\\\/ist.blogs.inrae.fr\\\/allenvi\\\/\"},{\"@type\":\"ListItem\",\"position\":2,\"name\":\"Our Common Future under Climate Change\"}]},{\"@type\":\"WebSite\",\"@id\":\"https:\\\/\\\/ist.blogs.inrae.fr\\\/allenvi\\\/#website\",\"url\":\"https:\\\/\\\/ist.blogs.inrae.fr\\\/allenvi\\\/\",\"name\":\"Alliance Allenvi\",\"description\":\"\",\"potentialAction\":[{\"@type\":\"SearchAction\",\"target\":{\"@type\":\"EntryPoint\",\"urlTemplate\":\"https:\\\/\\\/ist.blogs.inrae.fr\\\/allenvi\\\/?s={search_term_string}\"},\"query-input\":{\"@type\":\"PropertyValueSpecification\",\"valueRequired\":true,\"valueName\":\"search_term_string\"}}],\"inLanguage\":\"fr-FR\"},{\"@type\":\"Person\",\"@id\":\"https:\\\/\\\/ist.blogs.inrae.fr\\\/allenvi\\\/#\\\/schema\\\/person\\\/ffd88b01709e892b89bdb3e74a5216d0\",\"name\":\"Sonya\",\"image\":{\"@type\":\"ImageObject\",\"inLanguage\":\"fr-FR\",\"@id\":\"https:\\\/\\\/secure.gravatar.com\\\/avatar\\\/c1b735e3106a434d078f2a829a0ca4731c3e2f746b44fc8c1a6dd118f1c87dce?s=96&d=mm&r=g\",\"url\":\"https:\\\/\\\/secure.gravatar.com\\\/avatar\\\/c1b735e3106a434d078f2a829a0ca4731c3e2f746b44fc8c1a6dd118f1c87dce?s=96&d=mm&r=g\",\"contentUrl\":\"https:\\\/\\\/secure.gravatar.com\\\/avatar\\\/c1b735e3106a434d078f2a829a0ca4731c3e2f746b44fc8c1a6dd118f1c87dce?s=96&d=mm&r=g\",\"caption\":\"Sonya\"},\"url\":\"https:\\\/\\\/ist.blogs.inrae.fr\\\/allenvi\\\/author\\\/sonya\\\/\"}]}<\/script>\n<!-- \/ Yoast SEO plugin. -->","yoast_head_json":{"title":"Our Common Future under Climate Change - Alliance Allenvi","robots":{"index":"noindex","follow":"follow","max-snippet":"max-snippet:-1","max-image-preview":"max-image-preview:large","max-video-preview":"max-video-preview:-1"},"og_locale":"fr_FR","og_type":"article","og_title":"Our Common Future under Climate Change - Alliance Allenvi","og_description":"AllEnvi est partenaire du plus important forum scientifique international pr\u00e9c\u00e9dent la COP21. Our Common Future under Climate Change r\u00e9unira quelques 2000 participants du 7 au 10 juillet 2015 \u00e0 Paris. Quelques mois avant la 21e&nbsp;conf\u00e9rence des parties de la convention-cadre des Nations unies sur les changements climatiques (COP21), une conf\u00e9rence scientifique internationale intitul\u00e9e Our Common [&hellip;]","og_url":"https:\/\/ist.blogs.inrae.fr\/allenvi\/our-common-future-under-climate-change\/","og_site_name":"Alliance Allenvi","article_published_time":"2015-06-25T13:03:00+00:00","article_modified_time":"2022-07-05T15:16:51+00:00","og_image":[{"width":597,"height":320,"url":"https:\/\/ist.blogs.inrae.fr\/allenvi\/wp-content\/uploads\/sites\/52\/2015\/12\/our-common-future-under-climate-change.jpg","type":"image\/jpeg"}],"author":"Sonya","twitter_card":"summary_large_image","twitter_misc":{"\u00c9crit par":"Sonya","Dur\u00e9e de lecture estim\u00e9e":"2 minutes"},"schema":{"@context":"https:\/\/schema.org","@graph":[{"@type":"Article","@id":"https:\/\/ist.blogs.inrae.fr\/allenvi\/our-common-future-under-climate-change\/#article","isPartOf":{"@id":"https:\/\/ist.blogs.inrae.fr\/allenvi\/our-common-future-under-climate-change\/"},"author":{"name":"Sonya","@id":"https:\/\/ist.blogs.inrae.fr\/allenvi\/#\/schema\/person\/ffd88b01709e892b89bdb3e74a5216d0"},"headline":"Our Common Future under Climate Change","datePublished":"2015-06-25T13:03:00+00:00","dateModified":"2022-07-05T15:16:51+00:00","mainEntityOfPage":{"@id":"https:\/\/ist.blogs.inrae.fr\/allenvi\/our-common-future-under-climate-change\/"},"wordCount":260,"image":{"@id":"https:\/\/ist.blogs.inrae.fr\/allenvi\/our-common-future-under-climate-change\/#primaryimage"},"thumbnailUrl":"https:\/\/ist.blogs.inrae.fr\/allenvi\/wp-content\/uploads\/sites\/52\/2015\/12\/our-common-future-under-climate-change.jpg","articleSection":["Actualit\u00e9s"],"inLanguage":"fr-FR"},{"@type":"WebPage","@id":"https:\/\/ist.blogs.inrae.fr\/allenvi\/our-common-future-under-climate-change\/","url":"https:\/\/ist.blogs.inrae.fr\/allenvi\/our-common-future-under-climate-change\/","name":"Our Common Future under Climate Change - Alliance Allenvi","isPartOf":{"@id":"https:\/\/ist.blogs.inrae.fr\/allenvi\/#website"},"primaryImageOfPage":{"@id":"https:\/\/ist.blogs.inrae.fr\/allenvi\/our-common-future-under-climate-change\/#primaryimage"},"image":{"@id":"https:\/\/ist.blogs.inrae.fr\/allenvi\/our-common-future-under-climate-change\/#primaryimage"},"thumbnailUrl":"https:\/\/ist.blogs.inrae.fr\/allenvi\/wp-content\/uploads\/sites\/52\/2015\/12\/our-common-future-under-climate-change.jpg","datePublished":"2015-06-25T13:03:00+00:00","dateModified":"2022-07-05T15:16:51+00:00","author":{"@id":"https:\/\/ist.blogs.inrae.fr\/allenvi\/#\/schema\/person\/ffd88b01709e892b89bdb3e74a5216d0"},"breadcrumb":{"@id":"https:\/\/ist.blogs.inrae.fr\/allenvi\/our-common-future-under-climate-change\/#breadcrumb"},"inLanguage":"fr-FR","potentialAction":[{"@type":"ReadAction","target":["https:\/\/ist.blogs.inrae.fr\/allenvi\/our-common-future-under-climate-change\/"]}]},{"@type":"ImageObject","inLanguage":"fr-FR","@id":"https:\/\/ist.blogs.inrae.fr\/allenvi\/our-common-future-under-climate-change\/#primaryimage","url":"https:\/\/ist.blogs.inrae.fr\/allenvi\/wp-content\/uploads\/sites\/52\/2015\/12\/our-common-future-under-climate-change.jpg","contentUrl":"https:\/\/ist.blogs.inrae.fr\/allenvi\/wp-content\/uploads\/sites\/52\/2015\/12\/our-common-future-under-climate-change.jpg","width":597,"height":320,"caption":"Le cyclone Evan, toujours de categorie 3 Image du 16\/12\/2012 a 03h00 UTC - MTSAT1R. Apres etre passe sur Wallis et Futuna, le cyclone Evan atteint maintenant les iles Fidji. 20121216_0300_Cyclone_Evan_categorie_3_mtsat01_169.jpg"},{"@type":"BreadcrumbList","@id":"https:\/\/ist.blogs.inrae.fr\/allenvi\/our-common-future-under-climate-change\/#breadcrumb","itemListElement":[{"@type":"ListItem","position":1,"name":"Accueil","item":"https:\/\/ist.blogs.inrae.fr\/allenvi\/"},{"@type":"ListItem","position":2,"name":"Our Common Future under Climate Change"}]},{"@type":"WebSite","@id":"https:\/\/ist.blogs.inrae.fr\/allenvi\/#website","url":"https:\/\/ist.blogs.inrae.fr\/allenvi\/","name":"Alliance Allenvi","description":"","potentialAction":[{"@type":"SearchAction","target":{"@type":"EntryPoint","urlTemplate":"https:\/\/ist.blogs.inrae.fr\/allenvi\/?s={search_term_string}"},"query-input":{"@type":"PropertyValueSpecification","valueRequired":true,"valueName":"search_term_string"}}],"inLanguage":"fr-FR"},{"@type":"Person","@id":"https:\/\/ist.blogs.inrae.fr\/allenvi\/#\/schema\/person\/ffd88b01709e892b89bdb3e74a5216d0","name":"Sonya","image":{"@type":"ImageObject","inLanguage":"fr-FR","@id":"https:\/\/secure.gravatar.com\/avatar\/c1b735e3106a434d078f2a829a0ca4731c3e2f746b44fc8c1a6dd118f1c87dce?s=96&d=mm&r=g","url":"https:\/\/secure.gravatar.com\/avatar\/c1b735e3106a434d078f2a829a0ca4731c3e2f746b44fc8c1a6dd118f1c87dce?s=96&d=mm&r=g","contentUrl":"https:\/\/secure.gravatar.com\/avatar\/c1b735e3106a434d078f2a829a0ca4731c3e2f746b44fc8c1a6dd118f1c87dce?s=96&d=mm&r=g","caption":"Sonya"},"url":"https:\/\/ist.blogs.inrae.fr\/allenvi\/author\/sonya\/"}]}},"_links":{"self":[{"href":"https:\/\/ist.blogs.inrae.fr\/allenvi\/wp-json\/wp\/v2\/posts\/2291","targetHints":{"allow":["GET"]}}],"collection":[{"href":"https:\/\/ist.blogs.inrae.fr\/allenvi\/wp-json\/wp\/v2\/posts"}],"about":[{"href":"https:\/\/ist.blogs.inrae.fr\/allenvi\/wp-json\/wp\/v2\/types\/post"}],"author":[{"embeddable":true,"href":"https:\/\/ist.blogs.inrae.fr\/allenvi\/wp-json\/wp\/v2\/users\/199"}],"replies":[{"embeddable":true,"href":"https:\/\/ist.blogs.inrae.fr\/allenvi\/wp-json\/wp\/v2\/comments?post=2291"}],"version-history":[{"count":2,"href":"https:\/\/ist.blogs.inrae.fr\/allenvi\/wp-json\/wp\/v2\/posts\/2291\/revisions"}],"predecessor-version":[{"id":9794,"href":"https:\/\/ist.blogs.inrae.fr\/allenvi\/wp-json\/wp\/v2\/posts\/2291\/revisions\/9794"}],"wp:featuredmedia":[{"embeddable":true,"href":"https:\/\/ist.blogs.inrae.fr\/allenvi\/wp-json\/wp\/v2\/media\/9777"}],"wp:attachment":[{"href":"https:\/\/ist.blogs.inrae.fr\/allenvi\/wp-json\/wp\/v2\/media?parent=2291"}],"wp:term":[{"taxonomy":"category","embeddable":true,"href":"https:\/\/ist.blogs.inrae.fr\/allenvi\/wp-json\/wp\/v2\/categories?post=2291"},{"taxonomy":"post_tag","embeddable":true,"href":"https:\/\/ist.blogs.inrae.fr\/allenvi\/wp-json\/wp\/v2\/tags?post=2291"}],"curies":[{"name":"wp","href":"https:\/\/api.w.org\/{rel}","templated":true}]}}