{"id":2272,"date":"2015-09-11T12:48:00","date_gmt":"2015-09-11T12:48:00","guid":{"rendered":"https:\/\/www.allenvi.fr\/?p=2272"},"modified":"2022-07-05T15:15:39","modified_gmt":"2022-07-05T15:15:39","slug":"cop21-la-recherche-en-action","status":"publish","type":"post","link":"https:\/\/ist.blogs.inrae.fr\/allenvi\/cop21-la-recherche-en-action\/","title":{"rendered":"COP21 : la recherche en action"},"content":{"rendered":"\n<p>Dans la perspective de la COP 21, qui se tient \u00e0 Paris fin 2015, AllEnvi organisait cette semaine une conf\u00e9rence de presse. Objectifs : sensibiliser aux d\u00e9fis des changements climatiques et annoncer la parution d\u2019un ouvrage exceptionnel intitul\u00e9 60 succ\u00e8s de la recherche pour une plan\u00e8te durable.<\/p>\n\n\n\n<p>Les changements climatiques sont une probl\u00e9matique au c\u0153ur de la recherche environnementale fran\u00e7aise r\u00e9unie sous la banni\u00e8re d\u2019AllEnvi. Pour informer et sensibiliser aussi bien les d\u00e9cideurs que la soci\u00e9t\u00e9, l\u2019alliance publiera tr\u00e8s prochainement un ouvrage exceptionnel sous forme d\u2019un magazine de 64 pages, intitul\u00e9 <em>60 succ\u00e8s de la recherche pour une plan\u00e8te durable<\/em>. Chacun pourra se rendre compte de la mobilisation exceptionnelle des scientifiques fran\u00e7ais pour mettre en commun des expertises transversales et pluridisciplinaires.<\/p>\n\n\n\n<p>AllEnvi \u00e0 convi\u00e9 les journalistes pour leur montrer la forte mobilisation de la communaut\u00e9 scientifique environnementale sur les questions climatiques. Apr\u00e8s une introduction de Fran\u00e7ois Houllier, pr\u00e9sident d\u2019AllEnvi, quatre scientifiques ont pr\u00e9sent\u00e9 quelques-uns des grands enjeux que la soci\u00e9t\u00e9 doit relever pour faire face aux d\u00e9r\u00e8glements climatiques&nbsp;:<\/p>\n\n\n\n<ul class=\"wp-block-list\"><li>\u00c9ric Guilyardi, oc\u00e9anographe et climatologue au CNRS, s\u2019est exprim\u00e9 sur les enjeux autour de la variabilit\u00e9 et de la pr\u00e9visibilit\u00e9 du climat, en prenant notamment l\u2019exemple du ph\u00e9nom\u00e8ne El Ni\u00f1o.<\/li><li>Benjamin Sultan, climatologue \u00e0 l\u2019IRD, a pr\u00e9sent\u00e9 une \u00e9tude de cas au Sahel concernant l\u2019\u00e9volution de la productivit\u00e9 des syst\u00e8mes agricoles et leur n\u00e9cessaire adaptation dans le contexte du changement climatique.<\/li><li>Florence Habets, hydrom\u00e9t\u00e9orologue au CNRS, a expos\u00e9 les impacts en France du changement climatique sur les ressources en eau, ainsi que des pistes d\u2019adaptation.<\/li><li>Val\u00e9ry Masson, climatologue urbain \u00e0 M\u00e9t\u00e9o France, a abord\u00e9 les questions du r\u00e9chauffement en ville et leur prise en compte dans les processus de planification urbaine.<\/li><\/ul>\n\n\n\n<p><strong>Informer et sensibiliser&nbsp;: morceaux choisis de la conf\u00e9rence de presse<\/strong><\/p>\n\n\n\n<p>Seulement 20&nbsp;% de la population sait que le changement climatique est d\u00fb aux gaz \u00e0 effet de serre. Or, les gens doivent comprendre pour avoir envie d\u2019agir. On n\u2019arrivera pas \u00e0 contenir le d\u00e9r\u00e8glement climatique sans une mobilisation de tous et de chacun&nbsp;!<br>Rappelons que le d\u00e9fi est consid\u00e9rable&nbsp;: pour limiter le r\u00e9chauffement \u00e0 une moyenne de 2&nbsp;\u00b0C, il faudrait laisser dans nos sous-sols 80&nbsp;% des ressources facilement exploitables de charbon et de p\u00e9trole, ces \u00e9nergies fossiles principales \u00e9mettrices de gaz \u00e0 effet de serre. Pour autant, des solutions existent&nbsp;! La recherche, apr\u00e8s avoir tir\u00e9 la sonnette d\u2019alarme, a d\u00e9j\u00e0 commenc\u00e9 \u00e0 proposer des solutions, comme en t\u00e9moignera tr\u00e8s bient\u00f4t l\u2019ouvrage <em>60 succ\u00e8s de la recherche pour une plan\u00e8te durable<\/em>.<\/p>\n","protected":false},"excerpt":{"rendered":"<p>Dans la perspective de la COP 21, qui se tient \u00e0 Paris fin 2015, AllEnvi organisait cette semaine une conf\u00e9rence de presse. Objectifs : sensibiliser aux d\u00e9fis des changements climatiques et annoncer la parution d\u2019un ouvrage exceptionnel intitul\u00e9 60 succ\u00e8s de la recherche pour une plan\u00e8te durable. Les changements climatiques sont une probl\u00e9matique au c\u0153ur [&hellip;]<\/p>\n","protected":false},"author":199,"featured_media":9770,"comment_status":"closed","ping_status":"open","sticky":false,"template":"","format":"standard","meta":{"_et_pb_use_builder":"off","_et_pb_old_content":"","_et_gb_content_width":"","inline_featured_image":false,"footnotes":""},"categories":[22],"tags":[],"class_list":["post-2272","post","type-post","status-publish","format-standard","has-post-thumbnail","hentry","category-nos-actualites"],"yoast_head":"<!-- This site is optimized with the Yoast SEO plugin v27.4 - https:\/\/yoast.com\/product\/yoast-seo-wordpress\/ -->\n<title>COP21 : la recherche en action - Alliance Allenvi<\/title>\n<meta name=\"robots\" content=\"noindex, follow, max-snippet:-1, max-image-preview:large, max-video-preview:-1\" \/>\n<meta property=\"og:locale\" content=\"fr_FR\" \/>\n<meta property=\"og:type\" content=\"article\" \/>\n<meta property=\"og:title\" content=\"COP21 : la recherche en action - Alliance Allenvi\" \/>\n<meta property=\"og:description\" content=\"Dans la perspective de la COP 21, qui se tient \u00e0 Paris fin 2015, AllEnvi organisait cette semaine une conf\u00e9rence de presse. Objectifs : sensibiliser aux d\u00e9fis des changements climatiques et annoncer la parution d\u2019un ouvrage exceptionnel intitul\u00e9 60 succ\u00e8s de la recherche pour une plan\u00e8te durable. Les changements climatiques sont une probl\u00e9matique au c\u0153ur [&hellip;]\" \/>\n<meta property=\"og:url\" content=\"https:\/\/ist.blogs.inrae.fr\/allenvi\/cop21-la-recherche-en-action\/\" \/>\n<meta property=\"og:site_name\" content=\"Alliance Allenvi\" \/>\n<meta property=\"article:published_time\" content=\"2015-09-11T12:48:00+00:00\" \/>\n<meta property=\"article:modified_time\" content=\"2022-07-05T15:15:39+00:00\" \/>\n<meta property=\"og:image\" content=\"https:\/\/ist.blogs.inrae.fr\/allenvi\/wp-content\/uploads\/sites\/52\/2015\/12\/cop21-la-recherche-en-action.jpg\" \/>\n\t<meta property=\"og:image:width\" content=\"597\" \/>\n\t<meta property=\"og:image:height\" content=\"320\" \/>\n\t<meta property=\"og:image:type\" content=\"image\/jpeg\" \/>\n<meta name=\"author\" content=\"Sonya\" \/>\n<meta name=\"twitter:card\" content=\"summary_large_image\" \/>\n<meta name=\"twitter:label1\" content=\"\u00c9crit par\" \/>\n\t<meta name=\"twitter:data1\" content=\"Sonya\" \/>\n\t<meta name=\"twitter:label2\" content=\"Dur\u00e9e de lecture estim\u00e9e\" \/>\n\t<meta name=\"twitter:data2\" content=\"3 minutes\" \/>\n<script type=\"application\/ld+json\" class=\"yoast-schema-graph\">{\"@context\":\"https:\\\/\\\/schema.org\",\"@graph\":[{\"@type\":\"Article\",\"@id\":\"https:\\\/\\\/ist.blogs.inrae.fr\\\/allenvi\\\/cop21-la-recherche-en-action\\\/#article\",\"isPartOf\":{\"@id\":\"https:\\\/\\\/ist.blogs.inrae.fr\\\/allenvi\\\/cop21-la-recherche-en-action\\\/\"},\"author\":{\"name\":\"Sonya\",\"@id\":\"https:\\\/\\\/ist.blogs.inrae.fr\\\/allenvi\\\/#\\\/schema\\\/person\\\/ffd88b01709e892b89bdb3e74a5216d0\"},\"headline\":\"COP21 : la recherche en action\",\"datePublished\":\"2015-09-11T12:48:00+00:00\",\"dateModified\":\"2022-07-05T15:15:39+00:00\",\"mainEntityOfPage\":{\"@id\":\"https:\\\/\\\/ist.blogs.inrae.fr\\\/allenvi\\\/cop21-la-recherche-en-action\\\/\"},\"wordCount\":468,\"image\":{\"@id\":\"https:\\\/\\\/ist.blogs.inrae.fr\\\/allenvi\\\/cop21-la-recherche-en-action\\\/#primaryimage\"},\"thumbnailUrl\":\"https:\\\/\\\/ist.blogs.inrae.fr\\\/allenvi\\\/wp-content\\\/uploads\\\/sites\\\/52\\\/2015\\\/12\\\/cop21-la-recherche-en-action.jpg\",\"articleSection\":[\"Actualit\u00e9s\"],\"inLanguage\":\"fr-FR\"},{\"@type\":\"WebPage\",\"@id\":\"https:\\\/\\\/ist.blogs.inrae.fr\\\/allenvi\\\/cop21-la-recherche-en-action\\\/\",\"url\":\"https:\\\/\\\/ist.blogs.inrae.fr\\\/allenvi\\\/cop21-la-recherche-en-action\\\/\",\"name\":\"COP21 : la recherche en action - Alliance Allenvi\",\"isPartOf\":{\"@id\":\"https:\\\/\\\/ist.blogs.inrae.fr\\\/allenvi\\\/#website\"},\"primaryImageOfPage\":{\"@id\":\"https:\\\/\\\/ist.blogs.inrae.fr\\\/allenvi\\\/cop21-la-recherche-en-action\\\/#primaryimage\"},\"image\":{\"@id\":\"https:\\\/\\\/ist.blogs.inrae.fr\\\/allenvi\\\/cop21-la-recherche-en-action\\\/#primaryimage\"},\"thumbnailUrl\":\"https:\\\/\\\/ist.blogs.inrae.fr\\\/allenvi\\\/wp-content\\\/uploads\\\/sites\\\/52\\\/2015\\\/12\\\/cop21-la-recherche-en-action.jpg\",\"datePublished\":\"2015-09-11T12:48:00+00:00\",\"dateModified\":\"2022-07-05T15:15:39+00:00\",\"author\":{\"@id\":\"https:\\\/\\\/ist.blogs.inrae.fr\\\/allenvi\\\/#\\\/schema\\\/person\\\/ffd88b01709e892b89bdb3e74a5216d0\"},\"breadcrumb\":{\"@id\":\"https:\\\/\\\/ist.blogs.inrae.fr\\\/allenvi\\\/cop21-la-recherche-en-action\\\/#breadcrumb\"},\"inLanguage\":\"fr-FR\",\"potentialAction\":[{\"@type\":\"ReadAction\",\"target\":[\"https:\\\/\\\/ist.blogs.inrae.fr\\\/allenvi\\\/cop21-la-recherche-en-action\\\/\"]}]},{\"@type\":\"ImageObject\",\"inLanguage\":\"fr-FR\",\"@id\":\"https:\\\/\\\/ist.blogs.inrae.fr\\\/allenvi\\\/cop21-la-recherche-en-action\\\/#primaryimage\",\"url\":\"https:\\\/\\\/ist.blogs.inrae.fr\\\/allenvi\\\/wp-content\\\/uploads\\\/sites\\\/52\\\/2015\\\/12\\\/cop21-la-recherche-en-action.jpg\",\"contentUrl\":\"https:\\\/\\\/ist.blogs.inrae.fr\\\/allenvi\\\/wp-content\\\/uploads\\\/sites\\\/52\\\/2015\\\/12\\\/cop21-la-recherche-en-action.jpg\",\"width\":597,\"height\":320,\"caption\":\"SONY DSC\"},{\"@type\":\"BreadcrumbList\",\"@id\":\"https:\\\/\\\/ist.blogs.inrae.fr\\\/allenvi\\\/cop21-la-recherche-en-action\\\/#breadcrumb\",\"itemListElement\":[{\"@type\":\"ListItem\",\"position\":1,\"name\":\"Accueil\",\"item\":\"https:\\\/\\\/ist.blogs.inrae.fr\\\/allenvi\\\/\"},{\"@type\":\"ListItem\",\"position\":2,\"name\":\"COP21 : la recherche en action\"}]},{\"@type\":\"WebSite\",\"@id\":\"https:\\\/\\\/ist.blogs.inrae.fr\\\/allenvi\\\/#website\",\"url\":\"https:\\\/\\\/ist.blogs.inrae.fr\\\/allenvi\\\/\",\"name\":\"Alliance Allenvi\",\"description\":\"\",\"potentialAction\":[{\"@type\":\"SearchAction\",\"target\":{\"@type\":\"EntryPoint\",\"urlTemplate\":\"https:\\\/\\\/ist.blogs.inrae.fr\\\/allenvi\\\/?s={search_term_string}\"},\"query-input\":{\"@type\":\"PropertyValueSpecification\",\"valueRequired\":true,\"valueName\":\"search_term_string\"}}],\"inLanguage\":\"fr-FR\"},{\"@type\":\"Person\",\"@id\":\"https:\\\/\\\/ist.blogs.inrae.fr\\\/allenvi\\\/#\\\/schema\\\/person\\\/ffd88b01709e892b89bdb3e74a5216d0\",\"name\":\"Sonya\",\"image\":{\"@type\":\"ImageObject\",\"inLanguage\":\"fr-FR\",\"@id\":\"https:\\\/\\\/secure.gravatar.com\\\/avatar\\\/c1b735e3106a434d078f2a829a0ca4731c3e2f746b44fc8c1a6dd118f1c87dce?s=96&d=mm&r=g\",\"url\":\"https:\\\/\\\/secure.gravatar.com\\\/avatar\\\/c1b735e3106a434d078f2a829a0ca4731c3e2f746b44fc8c1a6dd118f1c87dce?s=96&d=mm&r=g\",\"contentUrl\":\"https:\\\/\\\/secure.gravatar.com\\\/avatar\\\/c1b735e3106a434d078f2a829a0ca4731c3e2f746b44fc8c1a6dd118f1c87dce?s=96&d=mm&r=g\",\"caption\":\"Sonya\"},\"url\":\"https:\\\/\\\/ist.blogs.inrae.fr\\\/allenvi\\\/author\\\/sonya\\\/\"}]}<\/script>\n<!-- \/ Yoast SEO plugin. -->","yoast_head_json":{"title":"COP21 : la recherche en action - Alliance Allenvi","robots":{"index":"noindex","follow":"follow","max-snippet":"max-snippet:-1","max-image-preview":"max-image-preview:large","max-video-preview":"max-video-preview:-1"},"og_locale":"fr_FR","og_type":"article","og_title":"COP21 : la recherche en action - Alliance Allenvi","og_description":"Dans la perspective de la COP 21, qui se tient \u00e0 Paris fin 2015, AllEnvi organisait cette semaine une conf\u00e9rence de presse. Objectifs : sensibiliser aux d\u00e9fis des changements climatiques et annoncer la parution d\u2019un ouvrage exceptionnel intitul\u00e9 60 succ\u00e8s de la recherche pour une plan\u00e8te durable. Les changements climatiques sont une probl\u00e9matique au c\u0153ur [&hellip;]","og_url":"https:\/\/ist.blogs.inrae.fr\/allenvi\/cop21-la-recherche-en-action\/","og_site_name":"Alliance Allenvi","article_published_time":"2015-09-11T12:48:00+00:00","article_modified_time":"2022-07-05T15:15:39+00:00","og_image":[{"width":597,"height":320,"url":"https:\/\/ist.blogs.inrae.fr\/allenvi\/wp-content\/uploads\/sites\/52\/2015\/12\/cop21-la-recherche-en-action.jpg","type":"image\/jpeg"}],"author":"Sonya","twitter_card":"summary_large_image","twitter_misc":{"\u00c9crit par":"Sonya","Dur\u00e9e de lecture estim\u00e9e":"3 minutes"},"schema":{"@context":"https:\/\/schema.org","@graph":[{"@type":"Article","@id":"https:\/\/ist.blogs.inrae.fr\/allenvi\/cop21-la-recherche-en-action\/#article","isPartOf":{"@id":"https:\/\/ist.blogs.inrae.fr\/allenvi\/cop21-la-recherche-en-action\/"},"author":{"name":"Sonya","@id":"https:\/\/ist.blogs.inrae.fr\/allenvi\/#\/schema\/person\/ffd88b01709e892b89bdb3e74a5216d0"},"headline":"COP21 : la recherche en action","datePublished":"2015-09-11T12:48:00+00:00","dateModified":"2022-07-05T15:15:39+00:00","mainEntityOfPage":{"@id":"https:\/\/ist.blogs.inrae.fr\/allenvi\/cop21-la-recherche-en-action\/"},"wordCount":468,"image":{"@id":"https:\/\/ist.blogs.inrae.fr\/allenvi\/cop21-la-recherche-en-action\/#primaryimage"},"thumbnailUrl":"https:\/\/ist.blogs.inrae.fr\/allenvi\/wp-content\/uploads\/sites\/52\/2015\/12\/cop21-la-recherche-en-action.jpg","articleSection":["Actualit\u00e9s"],"inLanguage":"fr-FR"},{"@type":"WebPage","@id":"https:\/\/ist.blogs.inrae.fr\/allenvi\/cop21-la-recherche-en-action\/","url":"https:\/\/ist.blogs.inrae.fr\/allenvi\/cop21-la-recherche-en-action\/","name":"COP21 : la recherche en action - Alliance Allenvi","isPartOf":{"@id":"https:\/\/ist.blogs.inrae.fr\/allenvi\/#website"},"primaryImageOfPage":{"@id":"https:\/\/ist.blogs.inrae.fr\/allenvi\/cop21-la-recherche-en-action\/#primaryimage"},"image":{"@id":"https:\/\/ist.blogs.inrae.fr\/allenvi\/cop21-la-recherche-en-action\/#primaryimage"},"thumbnailUrl":"https:\/\/ist.blogs.inrae.fr\/allenvi\/wp-content\/uploads\/sites\/52\/2015\/12\/cop21-la-recherche-en-action.jpg","datePublished":"2015-09-11T12:48:00+00:00","dateModified":"2022-07-05T15:15:39+00:00","author":{"@id":"https:\/\/ist.blogs.inrae.fr\/allenvi\/#\/schema\/person\/ffd88b01709e892b89bdb3e74a5216d0"},"breadcrumb":{"@id":"https:\/\/ist.blogs.inrae.fr\/allenvi\/cop21-la-recherche-en-action\/#breadcrumb"},"inLanguage":"fr-FR","potentialAction":[{"@type":"ReadAction","target":["https:\/\/ist.blogs.inrae.fr\/allenvi\/cop21-la-recherche-en-action\/"]}]},{"@type":"ImageObject","inLanguage":"fr-FR","@id":"https:\/\/ist.blogs.inrae.fr\/allenvi\/cop21-la-recherche-en-action\/#primaryimage","url":"https:\/\/ist.blogs.inrae.fr\/allenvi\/wp-content\/uploads\/sites\/52\/2015\/12\/cop21-la-recherche-en-action.jpg","contentUrl":"https:\/\/ist.blogs.inrae.fr\/allenvi\/wp-content\/uploads\/sites\/52\/2015\/12\/cop21-la-recherche-en-action.jpg","width":597,"height":320,"caption":"SONY DSC"},{"@type":"BreadcrumbList","@id":"https:\/\/ist.blogs.inrae.fr\/allenvi\/cop21-la-recherche-en-action\/#breadcrumb","itemListElement":[{"@type":"ListItem","position":1,"name":"Accueil","item":"https:\/\/ist.blogs.inrae.fr\/allenvi\/"},{"@type":"ListItem","position":2,"name":"COP21 : la recherche en action"}]},{"@type":"WebSite","@id":"https:\/\/ist.blogs.inrae.fr\/allenvi\/#website","url":"https:\/\/ist.blogs.inrae.fr\/allenvi\/","name":"Alliance Allenvi","description":"","potentialAction":[{"@type":"SearchAction","target":{"@type":"EntryPoint","urlTemplate":"https:\/\/ist.blogs.inrae.fr\/allenvi\/?s={search_term_string}"},"query-input":{"@type":"PropertyValueSpecification","valueRequired":true,"valueName":"search_term_string"}}],"inLanguage":"fr-FR"},{"@type":"Person","@id":"https:\/\/ist.blogs.inrae.fr\/allenvi\/#\/schema\/person\/ffd88b01709e892b89bdb3e74a5216d0","name":"Sonya","image":{"@type":"ImageObject","inLanguage":"fr-FR","@id":"https:\/\/secure.gravatar.com\/avatar\/c1b735e3106a434d078f2a829a0ca4731c3e2f746b44fc8c1a6dd118f1c87dce?s=96&d=mm&r=g","url":"https:\/\/secure.gravatar.com\/avatar\/c1b735e3106a434d078f2a829a0ca4731c3e2f746b44fc8c1a6dd118f1c87dce?s=96&d=mm&r=g","contentUrl":"https:\/\/secure.gravatar.com\/avatar\/c1b735e3106a434d078f2a829a0ca4731c3e2f746b44fc8c1a6dd118f1c87dce?s=96&d=mm&r=g","caption":"Sonya"},"url":"https:\/\/ist.blogs.inrae.fr\/allenvi\/author\/sonya\/"}]}},"_links":{"self":[{"href":"https:\/\/ist.blogs.inrae.fr\/allenvi\/wp-json\/wp\/v2\/posts\/2272","targetHints":{"allow":["GET"]}}],"collection":[{"href":"https:\/\/ist.blogs.inrae.fr\/allenvi\/wp-json\/wp\/v2\/posts"}],"about":[{"href":"https:\/\/ist.blogs.inrae.fr\/allenvi\/wp-json\/wp\/v2\/types\/post"}],"author":[{"embeddable":true,"href":"https:\/\/ist.blogs.inrae.fr\/allenvi\/wp-json\/wp\/v2\/users\/199"}],"replies":[{"embeddable":true,"href":"https:\/\/ist.blogs.inrae.fr\/allenvi\/wp-json\/wp\/v2\/comments?post=2272"}],"version-history":[{"count":1,"href":"https:\/\/ist.blogs.inrae.fr\/allenvi\/wp-json\/wp\/v2\/posts\/2272\/revisions"}],"predecessor-version":[{"id":2273,"href":"https:\/\/ist.blogs.inrae.fr\/allenvi\/wp-json\/wp\/v2\/posts\/2272\/revisions\/2273"}],"wp:featuredmedia":[{"embeddable":true,"href":"https:\/\/ist.blogs.inrae.fr\/allenvi\/wp-json\/wp\/v2\/media\/9770"}],"wp:attachment":[{"href":"https:\/\/ist.blogs.inrae.fr\/allenvi\/wp-json\/wp\/v2\/media?parent=2272"}],"wp:term":[{"taxonomy":"category","embeddable":true,"href":"https:\/\/ist.blogs.inrae.fr\/allenvi\/wp-json\/wp\/v2\/categories?post=2272"},{"taxonomy":"post_tag","embeddable":true,"href":"https:\/\/ist.blogs.inrae.fr\/allenvi\/wp-json\/wp\/v2\/tags?post=2272"}],"curies":[{"name":"wp","href":"https:\/\/api.w.org\/{rel}","templated":true}]}}