{"id":2262,"date":"2015-11-02T12:36:00","date_gmt":"2015-11-02T12:36:00","guid":{"rendered":"https:\/\/www.allenvi.fr\/?p=2262"},"modified":"2022-07-05T15:13:50","modified_gmt":"2022-07-05T15:13:50","slug":"le-cvt-une-dynamique-prolifique","status":"publish","type":"post","link":"https:\/\/ist.blogs.inrae.fr\/allenvi\/le-cvt-une-dynamique-prolifique\/","title":{"rendered":"Le CVT, une dynamique prolifique"},"content":{"rendered":"\n<p>Depuis son lancement en 2013, le Consortium de valorisation th\u00e9matique d\u2019AllEnvi a diversifi\u00e9 ses productions et \u00e9largi son champ d\u2019exploration. R\u00e9sultat : une ann\u00e9e 2015 riche en \u00e9v\u00e9nements.<\/p>\n\n\n\n<p><strong>Favoriser les \u00e9changes public-priv\u00e9<\/strong><\/p>\n\n\n\n<p>Depuis le d\u00e9but de l\u2019ann\u00e9e, le Consortium de valorisation th\u00e9matique (CVT) organise en moyenne un atelier par mois. Ils restituent une analyse th\u00e9matique* pilot\u00e9e par un expert scientifique, un professionnel de la valorisation et un charg\u00e9 d\u2019intelligence \u00e9conomique. \u00ab&nbsp;<em>Au-del\u00e0 des pr\u00e9sentations et des \u00e9changes qui animent ces journ\u00e9es, nous visons la formation de v\u00e9ritables communaut\u00e9s public-priv\u00e9<\/em>&nbsp;\u00bb, explique Marc Chaussade, directeur ex\u00e9cutif du CVT. Le succ\u00e8s est au rendez-vous puisque ces ateliers font salle comble et les retours sont tr\u00e8s positifs. Pierre Chantry,&nbsp;de la soci\u00e9t\u00e9 Climpact,&nbsp;est convaincu de l\u2019utilit\u00e9 de telles rencontres. Il a d\u2019ailleurs d\u00e9j\u00e0 pris contact avec plusieurs participants de l\u2019atelier sur l\u2019observation environnementale auquel il a assist\u00e9.<\/p>\n\n\n\n<p><strong>Identifier des axes d\u2019innovation et des potentiels de valorisation<\/strong><\/p>\n\n\n\n<p>Deux s\u00e9minaires de restitution d\u2019analyses strat\u00e9giques collectives (Asco) ont \u00e9t\u00e9 organis\u00e9s \u00e0 ce jour&nbsp;: \u00ab&nbsp;Prot\u00e9ines v\u00e9g\u00e9tales pour l\u2019alimentation&nbsp;\u00bb et \u00ab&nbsp;Observation environnementale pour l\u2019agriculture et les risques naturels&nbsp;\u00bb. Jean-Baptiste Bruggeman, agriculteur dans l\u2019Aude et pr\u00e9sident de DroneAgri Services, \u00e9tait pr\u00e9sent au second&nbsp;: \u00ab&nbsp;<em>j\u2019ai rencontr\u00e9 plusieurs personnes qui vont me permettre de faire avancer mes projets, \u00e0 la fois par leur l\u2019expertise technique et gr\u00e2ce \u00e0 d\u2019\u00e9ventuelles collaborations.<\/em>&nbsp;\u00bb Quant \u00e0 Mathilde Closset, responsable du service Farmstar chez Arvalis \u2014 Institut du v\u00e9g\u00e9tal, elle a assist\u00e9 au s\u00e9minaire sur l\u2019observation environnementale&nbsp;pour mener une veille \u00ab&nbsp;<em>aussi bien scientifique qu\u2019\u00e9conomique, sur ce sujet qui est au c\u0153ur de <\/em>[ses]<em>&nbsp;activit\u00e9s.<\/em>&nbsp;\u00bb<br>Deux autres restitutions d\u2019Asco sont pr\u00e9vues d\u2019ici la fin de l\u2019ann\u00e9e sur&nbsp;la biologie de synth\u00e8se et le recyclage des m\u00e9taux critiques. Les Asco sont r\u00e9alis\u00e9es avec des experts des membres d\u2019AllEnvi, elles font le point sur des axes d\u2019innovation, sur les potentiels de valorisation par secteur et sur la position de la recherche fran\u00e7aise dans le paysage international.<\/p>\n\n\n\n<p><strong>\u00c9v\u00e9nements \u00e0 venir<\/strong><\/p>\n\n\n\n<p><strong>Ateliers&nbsp;:<\/strong><\/p>\n\n\n\n<ul class=\"wp-block-list\"><li>Atelier<strong>&nbsp;Biodiversit\u00e9<\/strong>&nbsp;(pr\u00e9\u00e9tude) : 5 novembre, Paris<\/li><li>3<sup>e<\/sup>&nbsp;atelier <strong>Recyclage des m\u00e9taux critiques<\/strong>&nbsp;: 5 novembre, Paris<\/li><li>2<sup>e<\/sup>&nbsp;atelier <strong>Water Reuse<\/strong>&nbsp;: 10 novembre, Montpellier<\/li><\/ul>\n\n\n\n<p><strong>S\u00e9minaires&nbsp;:<\/strong><\/p>\n\n\n\n<ul class=\"wp-block-list\"><li>S\u00e9minaire de restitution de l\u2019Asco <strong>Biologie de synth\u00e8se&nbsp;: \u00e9mergence&nbsp;d\u2019une nouvelle ing\u00e9nierie du vivant&nbsp;?<\/strong>&nbsp;<strong>\u2013 perspectives en chimie, \u00e9nergie et environnement<\/strong><br>&nbsp;27 novembre &#8211; Paris &#8211; <a href=\"http:\/\/www.cvtallenvi-biosyn.fr\/\" target=\"_blank\" rel=\"noreferrer noopener\">inscriptions<\/a><\/li><li>S\u00e9minaire de restitution de l\u2019Asco <strong>Recyclage des m\u00e9taux critiques<\/strong><br>&nbsp;8&nbsp;d\u00e9cembre &#8211; Paris &#8211; <a href=\"http:\/\/www.cvtallenvi-recyclagemetaux.fr\/\" target=\"_blank\" rel=\"noreferrer noopener\">inscriptions<\/a><\/li><\/ul>\n","protected":false},"excerpt":{"rendered":"<p>Depuis son lancement en 2013, le Consortium de valorisation th\u00e9matique d\u2019AllEnvi a diversifi\u00e9 ses productions et \u00e9largi son champ d\u2019exploration. R\u00e9sultat : une ann\u00e9e 2015 riche en \u00e9v\u00e9nements. Favoriser les \u00e9changes public-priv\u00e9 Depuis le d\u00e9but de l\u2019ann\u00e9e, le Consortium de valorisation th\u00e9matique (CVT) organise en moyenne un atelier par mois. Ils restituent une analyse th\u00e9matique* [&hellip;]<\/p>\n","protected":false},"author":199,"featured_media":9775,"comment_status":"closed","ping_status":"open","sticky":false,"template":"","format":"standard","meta":{"_et_pb_use_builder":"off","_et_pb_old_content":"","_et_gb_content_width":"","inline_featured_image":false,"footnotes":""},"categories":[22],"tags":[],"class_list":["post-2262","post","type-post","status-publish","format-standard","has-post-thumbnail","hentry","category-nos-actualites"],"yoast_head":"<!-- This site is optimized with the Yoast SEO plugin v27.4 - https:\/\/yoast.com\/product\/yoast-seo-wordpress\/ -->\n<title>Le CVT, une dynamique prolifique - Alliance Allenvi<\/title>\n<meta name=\"robots\" content=\"noindex, follow, max-snippet:-1, max-image-preview:large, max-video-preview:-1\" \/>\n<meta property=\"og:locale\" content=\"fr_FR\" \/>\n<meta property=\"og:type\" content=\"article\" \/>\n<meta property=\"og:title\" content=\"Le CVT, une dynamique prolifique - Alliance Allenvi\" \/>\n<meta property=\"og:description\" content=\"Depuis son lancement en 2013, le Consortium de valorisation th\u00e9matique d\u2019AllEnvi a diversifi\u00e9 ses productions et \u00e9largi son champ d\u2019exploration. R\u00e9sultat : une ann\u00e9e 2015 riche en \u00e9v\u00e9nements. Favoriser les \u00e9changes public-priv\u00e9 Depuis le d\u00e9but de l\u2019ann\u00e9e, le Consortium de valorisation th\u00e9matique (CVT) organise en moyenne un atelier par mois. Ils restituent une analyse th\u00e9matique* [&hellip;]\" \/>\n<meta property=\"og:url\" content=\"https:\/\/ist.blogs.inrae.fr\/allenvi\/le-cvt-une-dynamique-prolifique\/\" \/>\n<meta property=\"og:site_name\" content=\"Alliance Allenvi\" \/>\n<meta property=\"article:published_time\" content=\"2015-11-02T12:36:00+00:00\" \/>\n<meta property=\"article:modified_time\" content=\"2022-07-05T15:13:50+00:00\" \/>\n<meta property=\"og:image\" content=\"https:\/\/ist.blogs.inrae.fr\/allenvi\/wp-content\/uploads\/sites\/52\/2015\/12\/le-cvt-un-dynamisme-prolifique_aLaUne_1.jpg\" \/>\n\t<meta property=\"og:image:width\" content=\"497\" \/>\n\t<meta property=\"og:image:height\" content=\"266\" \/>\n\t<meta property=\"og:image:type\" content=\"image\/jpeg\" \/>\n<meta name=\"author\" content=\"Sonya\" \/>\n<meta name=\"twitter:card\" content=\"summary_large_image\" \/>\n<meta name=\"twitter:label1\" content=\"\u00c9crit par\" \/>\n\t<meta name=\"twitter:data1\" content=\"Sonya\" \/>\n\t<meta name=\"twitter:label2\" content=\"Dur\u00e9e de lecture estim\u00e9e\" \/>\n\t<meta name=\"twitter:data2\" content=\"2 minutes\" \/>\n<script type=\"application\/ld+json\" class=\"yoast-schema-graph\">{\"@context\":\"https:\\\/\\\/schema.org\",\"@graph\":[{\"@type\":\"Article\",\"@id\":\"https:\\\/\\\/ist.blogs.inrae.fr\\\/allenvi\\\/le-cvt-une-dynamique-prolifique\\\/#article\",\"isPartOf\":{\"@id\":\"https:\\\/\\\/ist.blogs.inrae.fr\\\/allenvi\\\/le-cvt-une-dynamique-prolifique\\\/\"},\"author\":{\"name\":\"Sonya\",\"@id\":\"https:\\\/\\\/ist.blogs.inrae.fr\\\/allenvi\\\/#\\\/schema\\\/person\\\/ffd88b01709e892b89bdb3e74a5216d0\"},\"headline\":\"Le CVT, une dynamique prolifique\",\"datePublished\":\"2015-11-02T12:36:00+00:00\",\"dateModified\":\"2022-07-05T15:13:50+00:00\",\"mainEntityOfPage\":{\"@id\":\"https:\\\/\\\/ist.blogs.inrae.fr\\\/allenvi\\\/le-cvt-une-dynamique-prolifique\\\/\"},\"wordCount\":483,\"image\":{\"@id\":\"https:\\\/\\\/ist.blogs.inrae.fr\\\/allenvi\\\/le-cvt-une-dynamique-prolifique\\\/#primaryimage\"},\"thumbnailUrl\":\"https:\\\/\\\/ist.blogs.inrae.fr\\\/allenvi\\\/wp-content\\\/uploads\\\/sites\\\/52\\\/2015\\\/12\\\/le-cvt-un-dynamisme-prolifique_aLaUne_1.jpg\",\"articleSection\":[\"Actualit\u00e9s\"],\"inLanguage\":\"fr-FR\"},{\"@type\":\"WebPage\",\"@id\":\"https:\\\/\\\/ist.blogs.inrae.fr\\\/allenvi\\\/le-cvt-une-dynamique-prolifique\\\/\",\"url\":\"https:\\\/\\\/ist.blogs.inrae.fr\\\/allenvi\\\/le-cvt-une-dynamique-prolifique\\\/\",\"name\":\"Le CVT, une dynamique prolifique - Alliance Allenvi\",\"isPartOf\":{\"@id\":\"https:\\\/\\\/ist.blogs.inrae.fr\\\/allenvi\\\/#website\"},\"primaryImageOfPage\":{\"@id\":\"https:\\\/\\\/ist.blogs.inrae.fr\\\/allenvi\\\/le-cvt-une-dynamique-prolifique\\\/#primaryimage\"},\"image\":{\"@id\":\"https:\\\/\\\/ist.blogs.inrae.fr\\\/allenvi\\\/le-cvt-une-dynamique-prolifique\\\/#primaryimage\"},\"thumbnailUrl\":\"https:\\\/\\\/ist.blogs.inrae.fr\\\/allenvi\\\/wp-content\\\/uploads\\\/sites\\\/52\\\/2015\\\/12\\\/le-cvt-un-dynamisme-prolifique_aLaUne_1.jpg\",\"datePublished\":\"2015-11-02T12:36:00+00:00\",\"dateModified\":\"2022-07-05T15:13:50+00:00\",\"author\":{\"@id\":\"https:\\\/\\\/ist.blogs.inrae.fr\\\/allenvi\\\/#\\\/schema\\\/person\\\/ffd88b01709e892b89bdb3e74a5216d0\"},\"breadcrumb\":{\"@id\":\"https:\\\/\\\/ist.blogs.inrae.fr\\\/allenvi\\\/le-cvt-une-dynamique-prolifique\\\/#breadcrumb\"},\"inLanguage\":\"fr-FR\",\"potentialAction\":[{\"@type\":\"ReadAction\",\"target\":[\"https:\\\/\\\/ist.blogs.inrae.fr\\\/allenvi\\\/le-cvt-une-dynamique-prolifique\\\/\"]}]},{\"@type\":\"ImageObject\",\"inLanguage\":\"fr-FR\",\"@id\":\"https:\\\/\\\/ist.blogs.inrae.fr\\\/allenvi\\\/le-cvt-une-dynamique-prolifique\\\/#primaryimage\",\"url\":\"https:\\\/\\\/ist.blogs.inrae.fr\\\/allenvi\\\/wp-content\\\/uploads\\\/sites\\\/52\\\/2015\\\/12\\\/le-cvt-un-dynamisme-prolifique_aLaUne_1.jpg\",\"contentUrl\":\"https:\\\/\\\/ist.blogs.inrae.fr\\\/allenvi\\\/wp-content\\\/uploads\\\/sites\\\/52\\\/2015\\\/12\\\/le-cvt-un-dynamisme-prolifique_aLaUne_1.jpg\",\"width\":497,\"height\":266,\"caption\":\"SONY DSC\"},{\"@type\":\"BreadcrumbList\",\"@id\":\"https:\\\/\\\/ist.blogs.inrae.fr\\\/allenvi\\\/le-cvt-une-dynamique-prolifique\\\/#breadcrumb\",\"itemListElement\":[{\"@type\":\"ListItem\",\"position\":1,\"name\":\"Accueil\",\"item\":\"https:\\\/\\\/ist.blogs.inrae.fr\\\/allenvi\\\/\"},{\"@type\":\"ListItem\",\"position\":2,\"name\":\"Le CVT, une dynamique prolifique\"}]},{\"@type\":\"WebSite\",\"@id\":\"https:\\\/\\\/ist.blogs.inrae.fr\\\/allenvi\\\/#website\",\"url\":\"https:\\\/\\\/ist.blogs.inrae.fr\\\/allenvi\\\/\",\"name\":\"Alliance Allenvi\",\"description\":\"\",\"potentialAction\":[{\"@type\":\"SearchAction\",\"target\":{\"@type\":\"EntryPoint\",\"urlTemplate\":\"https:\\\/\\\/ist.blogs.inrae.fr\\\/allenvi\\\/?s={search_term_string}\"},\"query-input\":{\"@type\":\"PropertyValueSpecification\",\"valueRequired\":true,\"valueName\":\"search_term_string\"}}],\"inLanguage\":\"fr-FR\"},{\"@type\":\"Person\",\"@id\":\"https:\\\/\\\/ist.blogs.inrae.fr\\\/allenvi\\\/#\\\/schema\\\/person\\\/ffd88b01709e892b89bdb3e74a5216d0\",\"name\":\"Sonya\",\"image\":{\"@type\":\"ImageObject\",\"inLanguage\":\"fr-FR\",\"@id\":\"https:\\\/\\\/secure.gravatar.com\\\/avatar\\\/c1b735e3106a434d078f2a829a0ca4731c3e2f746b44fc8c1a6dd118f1c87dce?s=96&d=mm&r=g\",\"url\":\"https:\\\/\\\/secure.gravatar.com\\\/avatar\\\/c1b735e3106a434d078f2a829a0ca4731c3e2f746b44fc8c1a6dd118f1c87dce?s=96&d=mm&r=g\",\"contentUrl\":\"https:\\\/\\\/secure.gravatar.com\\\/avatar\\\/c1b735e3106a434d078f2a829a0ca4731c3e2f746b44fc8c1a6dd118f1c87dce?s=96&d=mm&r=g\",\"caption\":\"Sonya\"},\"url\":\"https:\\\/\\\/ist.blogs.inrae.fr\\\/allenvi\\\/author\\\/sonya\\\/\"}]}<\/script>\n<!-- \/ Yoast SEO plugin. -->","yoast_head_json":{"title":"Le CVT, une dynamique prolifique - Alliance Allenvi","robots":{"index":"noindex","follow":"follow","max-snippet":"max-snippet:-1","max-image-preview":"max-image-preview:large","max-video-preview":"max-video-preview:-1"},"og_locale":"fr_FR","og_type":"article","og_title":"Le CVT, une dynamique prolifique - Alliance Allenvi","og_description":"Depuis son lancement en 2013, le Consortium de valorisation th\u00e9matique d\u2019AllEnvi a diversifi\u00e9 ses productions et \u00e9largi son champ d\u2019exploration. R\u00e9sultat : une ann\u00e9e 2015 riche en \u00e9v\u00e9nements. Favoriser les \u00e9changes public-priv\u00e9 Depuis le d\u00e9but de l\u2019ann\u00e9e, le Consortium de valorisation th\u00e9matique (CVT) organise en moyenne un atelier par mois. Ils restituent une analyse th\u00e9matique* [&hellip;]","og_url":"https:\/\/ist.blogs.inrae.fr\/allenvi\/le-cvt-une-dynamique-prolifique\/","og_site_name":"Alliance Allenvi","article_published_time":"2015-11-02T12:36:00+00:00","article_modified_time":"2022-07-05T15:13:50+00:00","og_image":[{"width":497,"height":266,"url":"https:\/\/ist.blogs.inrae.fr\/allenvi\/wp-content\/uploads\/sites\/52\/2015\/12\/le-cvt-un-dynamisme-prolifique_aLaUne_1.jpg","type":"image\/jpeg"}],"author":"Sonya","twitter_card":"summary_large_image","twitter_misc":{"\u00c9crit par":"Sonya","Dur\u00e9e de lecture estim\u00e9e":"2 minutes"},"schema":{"@context":"https:\/\/schema.org","@graph":[{"@type":"Article","@id":"https:\/\/ist.blogs.inrae.fr\/allenvi\/le-cvt-une-dynamique-prolifique\/#article","isPartOf":{"@id":"https:\/\/ist.blogs.inrae.fr\/allenvi\/le-cvt-une-dynamique-prolifique\/"},"author":{"name":"Sonya","@id":"https:\/\/ist.blogs.inrae.fr\/allenvi\/#\/schema\/person\/ffd88b01709e892b89bdb3e74a5216d0"},"headline":"Le CVT, une dynamique prolifique","datePublished":"2015-11-02T12:36:00+00:00","dateModified":"2022-07-05T15:13:50+00:00","mainEntityOfPage":{"@id":"https:\/\/ist.blogs.inrae.fr\/allenvi\/le-cvt-une-dynamique-prolifique\/"},"wordCount":483,"image":{"@id":"https:\/\/ist.blogs.inrae.fr\/allenvi\/le-cvt-une-dynamique-prolifique\/#primaryimage"},"thumbnailUrl":"https:\/\/ist.blogs.inrae.fr\/allenvi\/wp-content\/uploads\/sites\/52\/2015\/12\/le-cvt-un-dynamisme-prolifique_aLaUne_1.jpg","articleSection":["Actualit\u00e9s"],"inLanguage":"fr-FR"},{"@type":"WebPage","@id":"https:\/\/ist.blogs.inrae.fr\/allenvi\/le-cvt-une-dynamique-prolifique\/","url":"https:\/\/ist.blogs.inrae.fr\/allenvi\/le-cvt-une-dynamique-prolifique\/","name":"Le CVT, une dynamique prolifique - Alliance Allenvi","isPartOf":{"@id":"https:\/\/ist.blogs.inrae.fr\/allenvi\/#website"},"primaryImageOfPage":{"@id":"https:\/\/ist.blogs.inrae.fr\/allenvi\/le-cvt-une-dynamique-prolifique\/#primaryimage"},"image":{"@id":"https:\/\/ist.blogs.inrae.fr\/allenvi\/le-cvt-une-dynamique-prolifique\/#primaryimage"},"thumbnailUrl":"https:\/\/ist.blogs.inrae.fr\/allenvi\/wp-content\/uploads\/sites\/52\/2015\/12\/le-cvt-un-dynamisme-prolifique_aLaUne_1.jpg","datePublished":"2015-11-02T12:36:00+00:00","dateModified":"2022-07-05T15:13:50+00:00","author":{"@id":"https:\/\/ist.blogs.inrae.fr\/allenvi\/#\/schema\/person\/ffd88b01709e892b89bdb3e74a5216d0"},"breadcrumb":{"@id":"https:\/\/ist.blogs.inrae.fr\/allenvi\/le-cvt-une-dynamique-prolifique\/#breadcrumb"},"inLanguage":"fr-FR","potentialAction":[{"@type":"ReadAction","target":["https:\/\/ist.blogs.inrae.fr\/allenvi\/le-cvt-une-dynamique-prolifique\/"]}]},{"@type":"ImageObject","inLanguage":"fr-FR","@id":"https:\/\/ist.blogs.inrae.fr\/allenvi\/le-cvt-une-dynamique-prolifique\/#primaryimage","url":"https:\/\/ist.blogs.inrae.fr\/allenvi\/wp-content\/uploads\/sites\/52\/2015\/12\/le-cvt-un-dynamisme-prolifique_aLaUne_1.jpg","contentUrl":"https:\/\/ist.blogs.inrae.fr\/allenvi\/wp-content\/uploads\/sites\/52\/2015\/12\/le-cvt-un-dynamisme-prolifique_aLaUne_1.jpg","width":497,"height":266,"caption":"SONY DSC"},{"@type":"BreadcrumbList","@id":"https:\/\/ist.blogs.inrae.fr\/allenvi\/le-cvt-une-dynamique-prolifique\/#breadcrumb","itemListElement":[{"@type":"ListItem","position":1,"name":"Accueil","item":"https:\/\/ist.blogs.inrae.fr\/allenvi\/"},{"@type":"ListItem","position":2,"name":"Le CVT, une dynamique prolifique"}]},{"@type":"WebSite","@id":"https:\/\/ist.blogs.inrae.fr\/allenvi\/#website","url":"https:\/\/ist.blogs.inrae.fr\/allenvi\/","name":"Alliance Allenvi","description":"","potentialAction":[{"@type":"SearchAction","target":{"@type":"EntryPoint","urlTemplate":"https:\/\/ist.blogs.inrae.fr\/allenvi\/?s={search_term_string}"},"query-input":{"@type":"PropertyValueSpecification","valueRequired":true,"valueName":"search_term_string"}}],"inLanguage":"fr-FR"},{"@type":"Person","@id":"https:\/\/ist.blogs.inrae.fr\/allenvi\/#\/schema\/person\/ffd88b01709e892b89bdb3e74a5216d0","name":"Sonya","image":{"@type":"ImageObject","inLanguage":"fr-FR","@id":"https:\/\/secure.gravatar.com\/avatar\/c1b735e3106a434d078f2a829a0ca4731c3e2f746b44fc8c1a6dd118f1c87dce?s=96&d=mm&r=g","url":"https:\/\/secure.gravatar.com\/avatar\/c1b735e3106a434d078f2a829a0ca4731c3e2f746b44fc8c1a6dd118f1c87dce?s=96&d=mm&r=g","contentUrl":"https:\/\/secure.gravatar.com\/avatar\/c1b735e3106a434d078f2a829a0ca4731c3e2f746b44fc8c1a6dd118f1c87dce?s=96&d=mm&r=g","caption":"Sonya"},"url":"https:\/\/ist.blogs.inrae.fr\/allenvi\/author\/sonya\/"}]}},"_links":{"self":[{"href":"https:\/\/ist.blogs.inrae.fr\/allenvi\/wp-json\/wp\/v2\/posts\/2262","targetHints":{"allow":["GET"]}}],"collection":[{"href":"https:\/\/ist.blogs.inrae.fr\/allenvi\/wp-json\/wp\/v2\/posts"}],"about":[{"href":"https:\/\/ist.blogs.inrae.fr\/allenvi\/wp-json\/wp\/v2\/types\/post"}],"author":[{"embeddable":true,"href":"https:\/\/ist.blogs.inrae.fr\/allenvi\/wp-json\/wp\/v2\/users\/199"}],"replies":[{"embeddable":true,"href":"https:\/\/ist.blogs.inrae.fr\/allenvi\/wp-json\/wp\/v2\/comments?post=2262"}],"version-history":[{"count":2,"href":"https:\/\/ist.blogs.inrae.fr\/allenvi\/wp-json\/wp\/v2\/posts\/2262\/revisions"}],"predecessor-version":[{"id":9789,"href":"https:\/\/ist.blogs.inrae.fr\/allenvi\/wp-json\/wp\/v2\/posts\/2262\/revisions\/9789"}],"wp:featuredmedia":[{"embeddable":true,"href":"https:\/\/ist.blogs.inrae.fr\/allenvi\/wp-json\/wp\/v2\/media\/9775"}],"wp:attachment":[{"href":"https:\/\/ist.blogs.inrae.fr\/allenvi\/wp-json\/wp\/v2\/media?parent=2262"}],"wp:term":[{"taxonomy":"category","embeddable":true,"href":"https:\/\/ist.blogs.inrae.fr\/allenvi\/wp-json\/wp\/v2\/categories?post=2262"},{"taxonomy":"post_tag","embeddable":true,"href":"https:\/\/ist.blogs.inrae.fr\/allenvi\/wp-json\/wp\/v2\/tags?post=2262"}],"curies":[{"name":"wp","href":"https:\/\/api.w.org\/{rel}","templated":true}]}}