{"id":2247,"date":"2015-11-23T12:21:00","date_gmt":"2015-11-23T12:21:00","guid":{"rendered":"https:\/\/www.allenvi.fr\/?p=2247"},"modified":"2022-07-05T15:12:50","modified_gmt":"2022-07-05T15:12:50","slug":"recyclage-des-metaux-critiques","status":"publish","type":"post","link":"https:\/\/ist.blogs.inrae.fr\/allenvi\/recyclage-des-metaux-critiques\/","title":{"rendered":"Recyclage des m\u00e9taux critiques"},"content":{"rendered":"\n<p>Recyclage des m\u00e9taux critiques, quels sont les d\u00e9fis scientifiques, techniques et \u00e9conomiques ? Un s\u00e9minaire organis\u00e9 par le Consortium de valorisation th\u00e9matique d\u2019AllEnvi fera le point sur la question, le 8 d\u00e9cembre prochain.<\/p>\n\n\n\n<p>Ce s\u00e9minaire restituera les principaux r\u00e9sultats d\u2019une analyse strat\u00e9gique collective (Asco) r\u00e9alis\u00e9e sur le recyclage des m\u00e9taux critiques par le <a href=\"http:\/\/www.cvt-allenvi.fr\/\" target=\"_blank\" rel=\"noreferrer noopener\">Consortium de valorisation th\u00e9matique<\/a>&nbsp;(CVT) d\u2019AllEnvi, le centre de ressources et d\u2019expertises de l\u2019alliance AllEnvi.<\/p>\n\n\n\n<p>La consommation de m\u00e9taux a consid\u00e9rablement cr\u00fb ces 100 derni\u00e8res ann\u00e9es. Du fait de leur importance \u00e9conomique et des risques de rupture de leur approvisionnement, ces mati\u00e8res premi\u00e8res sont dites critiques. Elles partagent certaines caract\u00e9ristiques communes&nbsp;: souvent utilis\u00e9es en concentrations tr\u00e8s faibles dans les biens de consommation, elles sont de plus g\u00e9n\u00e9ralement dilu\u00e9es dans des matrices complexes de mat\u00e9riaux divers. Leur r\u00e9cup\u00e9ration dans un proc\u00e9d\u00e9 de recyclage soul\u00e8ve par cons\u00e9quent des d\u00e9fis scientifiques, techniques et \u00e9conomiques particuli\u00e8rement ardus \u00e0 relever.<\/p>\n\n\n\n<p>En partant d\u2019un \u00e9tat de l\u2019art de l\u2019innovation sur le recyclage des m\u00e9taux critiques, le CVT AllEnvi a r\u00e9alis\u00e9 une analyse strat\u00e9gique dont \u00e9mergent les potentialit\u00e9s d\u2019innovation pour la recherche et pour l\u2019industrie.<\/p>\n\n\n\n<p>Cette journ\u00e9e s\u2019adresse aux professionnels des fili\u00e8res de recyclage, aux acteurs de la recherche publique et priv\u00e9e, afin de&nbsp;:<\/p>\n\n\n\n<ul class=\"wp-block-list\"><li>pr\u00e9senter les \u00e9l\u00e9ments essentiels de l\u2019analyse strat\u00e9gique r\u00e9alis\u00e9e,<\/li><li>identifier les partenariats potentiels.<\/li><\/ul>\n\n\n\n<p>Les th\u00e8mes abord\u00e9s au cours de la journ\u00e9e&nbsp;:<\/p>\n\n\n\n<ul class=\"wp-block-list\"><li>Les leviers technologiques mobilisables \u00e0 l\u2019\u00e9chelle des 10 prochaines ann\u00e9es<\/li><li>Le paysage de l\u2019innovation industrielle au niveau mondial<\/li><li>Les comp\u00e9tences des laboratoires de recherche fran\u00e7ais et europ\u00e9ens<\/li><li>Des t\u00e9moignages d\u2019acteurs industriels, acad\u00e9miques et institutionnels permettront de dessiner les contours des fili\u00e8res de recyclage fran\u00e7aises \u00e0 l\u2019horizon&nbsp;2025.<\/li><\/ul>\n\n\n\n<p><strong>Recyclage des m\u00e9taux critiques, d\u00e9fis scientifiques, techniques &amp; \u00e9conomiques<\/strong><br>Mardi 8 d\u00e9cembre 2015<br>&nbsp;de 10&nbsp;h \u00e0 18&nbsp;h<br>&nbsp;\u00e0 Biocitech<br>&nbsp;(Romainville, m\u00e9tro ligne 5 \u2014 station Raymond Queneau)<br>&nbsp;<a href=\"http:\/\/www.cvtallenvi-recyclagemetaux.fr\/inscription\/\" target=\"_blank\" rel=\"noreferrer noopener\">Inscription sur le site de l\u2019\u00e9v\u00e9nement<\/a><\/p>\n\n\n\n<p><\/p>\n\n\n\n<div class=\"wp-block-file\"><a id=\"wp-block-file--media-c11fde2e-d209-4984-af6b-44cac17dd7d8\" href=\"https:\/\/ist.blogs.inrae.fr\/allenvi\/wp-content\/uploads\/sites\/52\/2022\/05\/Programmeduse\u0301minaireRecyclagedesme\u0301tauxcritiques.pdf\" target=\"_blank\" rel=\"noreferrer noopener\">Programme+du+se\u0301minaire+Recyclage+des+me\u0301taux+critiques<\/a><a href=\"https:\/\/ist.blogs.inrae.fr\/allenvi\/wp-content\/uploads\/sites\/52\/2022\/05\/Programmeduse\u0301minaireRecyclagedesme\u0301tauxcritiques.pdf\" class=\"wp-block-file__button\" download aria-describedby=\"wp-block-file--media-c11fde2e-d209-4984-af6b-44cac17dd7d8\">T\u00e9l\u00e9charger<\/a><\/div>\n","protected":false},"excerpt":{"rendered":"<p>Recyclage des m\u00e9taux critiques, quels sont les d\u00e9fis scientifiques, techniques et \u00e9conomiques ? Un s\u00e9minaire organis\u00e9 par le Consortium de valorisation th\u00e9matique d\u2019AllEnvi fera le point sur la question, le 8 d\u00e9cembre prochain. Ce s\u00e9minaire restituera les principaux r\u00e9sultats d\u2019une analyse strat\u00e9gique collective (Asco) r\u00e9alis\u00e9e sur le recyclage des m\u00e9taux critiques par le Consortium de [&hellip;]<\/p>\n","protected":false},"author":199,"featured_media":9778,"comment_status":"closed","ping_status":"open","sticky":false,"template":"","format":"standard","meta":{"_et_pb_use_builder":"off","_et_pb_old_content":"","_et_gb_content_width":"","inline_featured_image":false,"footnotes":""},"categories":[22],"tags":[],"class_list":["post-2247","post","type-post","status-publish","format-standard","has-post-thumbnail","hentry","category-nos-actualites"],"yoast_head":"<!-- This site is optimized with the Yoast SEO plugin v27.4 - https:\/\/yoast.com\/product\/yoast-seo-wordpress\/ -->\n<title>Recyclage des m\u00e9taux critiques - Alliance Allenvi<\/title>\n<meta name=\"robots\" content=\"noindex, follow, max-snippet:-1, max-image-preview:large, max-video-preview:-1\" \/>\n<meta property=\"og:locale\" content=\"fr_FR\" \/>\n<meta property=\"og:type\" content=\"article\" \/>\n<meta property=\"og:title\" content=\"Recyclage des m\u00e9taux critiques - Alliance Allenvi\" \/>\n<meta property=\"og:description\" content=\"Recyclage des m\u00e9taux critiques, quels sont les d\u00e9fis scientifiques, techniques et \u00e9conomiques ? Un s\u00e9minaire organis\u00e9 par le Consortium de valorisation th\u00e9matique d\u2019AllEnvi fera le point sur la question, le 8 d\u00e9cembre prochain. Ce s\u00e9minaire restituera les principaux r\u00e9sultats d\u2019une analyse strat\u00e9gique collective (Asco) r\u00e9alis\u00e9e sur le recyclage des m\u00e9taux critiques par le Consortium de [&hellip;]\" \/>\n<meta property=\"og:url\" content=\"https:\/\/ist.blogs.inrae.fr\/allenvi\/recyclage-des-metaux-critiques\/\" \/>\n<meta property=\"og:site_name\" content=\"Alliance Allenvi\" \/>\n<meta property=\"article:published_time\" content=\"2015-11-23T12:21:00+00:00\" \/>\n<meta property=\"article:modified_time\" content=\"2022-07-05T15:12:50+00:00\" \/>\n<meta property=\"og:image\" content=\"https:\/\/ist.blogs.inrae.fr\/allenvi\/wp-content\/uploads\/sites\/52\/2015\/12\/recyclage-des-metaux-critiques.jpg\" \/>\n\t<meta property=\"og:image:width\" content=\"595\" \/>\n\t<meta property=\"og:image:height\" content=\"320\" \/>\n\t<meta property=\"og:image:type\" content=\"image\/jpeg\" \/>\n<meta name=\"author\" content=\"Sonya\" \/>\n<meta name=\"twitter:card\" content=\"summary_large_image\" \/>\n<meta name=\"twitter:label1\" content=\"\u00c9crit par\" \/>\n\t<meta name=\"twitter:data1\" content=\"Sonya\" \/>\n\t<meta name=\"twitter:label2\" content=\"Dur\u00e9e de lecture estim\u00e9e\" \/>\n\t<meta name=\"twitter:data2\" content=\"2 minutes\" \/>\n<script type=\"application\/ld+json\" class=\"yoast-schema-graph\">{\"@context\":\"https:\\\/\\\/schema.org\",\"@graph\":[{\"@type\":\"Article\",\"@id\":\"https:\\\/\\\/ist.blogs.inrae.fr\\\/allenvi\\\/recyclage-des-metaux-critiques\\\/#article\",\"isPartOf\":{\"@id\":\"https:\\\/\\\/ist.blogs.inrae.fr\\\/allenvi\\\/recyclage-des-metaux-critiques\\\/\"},\"author\":{\"name\":\"Sonya\",\"@id\":\"https:\\\/\\\/ist.blogs.inrae.fr\\\/allenvi\\\/#\\\/schema\\\/person\\\/ffd88b01709e892b89bdb3e74a5216d0\"},\"headline\":\"Recyclage des m\u00e9taux critiques\",\"datePublished\":\"2015-11-23T12:21:00+00:00\",\"dateModified\":\"2022-07-05T15:12:50+00:00\",\"mainEntityOfPage\":{\"@id\":\"https:\\\/\\\/ist.blogs.inrae.fr\\\/allenvi\\\/recyclage-des-metaux-critiques\\\/\"},\"wordCount\":391,\"image\":{\"@id\":\"https:\\\/\\\/ist.blogs.inrae.fr\\\/allenvi\\\/recyclage-des-metaux-critiques\\\/#primaryimage\"},\"thumbnailUrl\":\"https:\\\/\\\/ist.blogs.inrae.fr\\\/allenvi\\\/wp-content\\\/uploads\\\/sites\\\/52\\\/2015\\\/12\\\/recyclage-des-metaux-critiques.jpg\",\"articleSection\":[\"Actualit\u00e9s\"],\"inLanguage\":\"fr-FR\"},{\"@type\":\"WebPage\",\"@id\":\"https:\\\/\\\/ist.blogs.inrae.fr\\\/allenvi\\\/recyclage-des-metaux-critiques\\\/\",\"url\":\"https:\\\/\\\/ist.blogs.inrae.fr\\\/allenvi\\\/recyclage-des-metaux-critiques\\\/\",\"name\":\"Recyclage des m\u00e9taux critiques - Alliance Allenvi\",\"isPartOf\":{\"@id\":\"https:\\\/\\\/ist.blogs.inrae.fr\\\/allenvi\\\/#website\"},\"primaryImageOfPage\":{\"@id\":\"https:\\\/\\\/ist.blogs.inrae.fr\\\/allenvi\\\/recyclage-des-metaux-critiques\\\/#primaryimage\"},\"image\":{\"@id\":\"https:\\\/\\\/ist.blogs.inrae.fr\\\/allenvi\\\/recyclage-des-metaux-critiques\\\/#primaryimage\"},\"thumbnailUrl\":\"https:\\\/\\\/ist.blogs.inrae.fr\\\/allenvi\\\/wp-content\\\/uploads\\\/sites\\\/52\\\/2015\\\/12\\\/recyclage-des-metaux-critiques.jpg\",\"datePublished\":\"2015-11-23T12:21:00+00:00\",\"dateModified\":\"2022-07-05T15:12:50+00:00\",\"author\":{\"@id\":\"https:\\\/\\\/ist.blogs.inrae.fr\\\/allenvi\\\/#\\\/schema\\\/person\\\/ffd88b01709e892b89bdb3e74a5216d0\"},\"breadcrumb\":{\"@id\":\"https:\\\/\\\/ist.blogs.inrae.fr\\\/allenvi\\\/recyclage-des-metaux-critiques\\\/#breadcrumb\"},\"inLanguage\":\"fr-FR\",\"potentialAction\":[{\"@type\":\"ReadAction\",\"target\":[\"https:\\\/\\\/ist.blogs.inrae.fr\\\/allenvi\\\/recyclage-des-metaux-critiques\\\/\"]}]},{\"@type\":\"ImageObject\",\"inLanguage\":\"fr-FR\",\"@id\":\"https:\\\/\\\/ist.blogs.inrae.fr\\\/allenvi\\\/recyclage-des-metaux-critiques\\\/#primaryimage\",\"url\":\"https:\\\/\\\/ist.blogs.inrae.fr\\\/allenvi\\\/wp-content\\\/uploads\\\/sites\\\/52\\\/2015\\\/12\\\/recyclage-des-metaux-critiques.jpg\",\"contentUrl\":\"https:\\\/\\\/ist.blogs.inrae.fr\\\/allenvi\\\/wp-content\\\/uploads\\\/sites\\\/52\\\/2015\\\/12\\\/recyclage-des-metaux-critiques.jpg\",\"width\":595,\"height\":320,\"caption\":\"Tests sous pointes de circuits int\u00e9gr\u00e9s au LEPSI (R\u00e9f. Le Journal du CNRS Juillet-Ao\u00fbt 2000). UMR7500 Institut de recherches subatomiques (IRES) 20000001_1094\"},{\"@type\":\"BreadcrumbList\",\"@id\":\"https:\\\/\\\/ist.blogs.inrae.fr\\\/allenvi\\\/recyclage-des-metaux-critiques\\\/#breadcrumb\",\"itemListElement\":[{\"@type\":\"ListItem\",\"position\":1,\"name\":\"Accueil\",\"item\":\"https:\\\/\\\/ist.blogs.inrae.fr\\\/allenvi\\\/\"},{\"@type\":\"ListItem\",\"position\":2,\"name\":\"Recyclage des m\u00e9taux critiques\"}]},{\"@type\":\"WebSite\",\"@id\":\"https:\\\/\\\/ist.blogs.inrae.fr\\\/allenvi\\\/#website\",\"url\":\"https:\\\/\\\/ist.blogs.inrae.fr\\\/allenvi\\\/\",\"name\":\"Alliance Allenvi\",\"description\":\"\",\"potentialAction\":[{\"@type\":\"SearchAction\",\"target\":{\"@type\":\"EntryPoint\",\"urlTemplate\":\"https:\\\/\\\/ist.blogs.inrae.fr\\\/allenvi\\\/?s={search_term_string}\"},\"query-input\":{\"@type\":\"PropertyValueSpecification\",\"valueRequired\":true,\"valueName\":\"search_term_string\"}}],\"inLanguage\":\"fr-FR\"},{\"@type\":\"Person\",\"@id\":\"https:\\\/\\\/ist.blogs.inrae.fr\\\/allenvi\\\/#\\\/schema\\\/person\\\/ffd88b01709e892b89bdb3e74a5216d0\",\"name\":\"Sonya\",\"image\":{\"@type\":\"ImageObject\",\"inLanguage\":\"fr-FR\",\"@id\":\"https:\\\/\\\/secure.gravatar.com\\\/avatar\\\/c1b735e3106a434d078f2a829a0ca4731c3e2f746b44fc8c1a6dd118f1c87dce?s=96&d=mm&r=g\",\"url\":\"https:\\\/\\\/secure.gravatar.com\\\/avatar\\\/c1b735e3106a434d078f2a829a0ca4731c3e2f746b44fc8c1a6dd118f1c87dce?s=96&d=mm&r=g\",\"contentUrl\":\"https:\\\/\\\/secure.gravatar.com\\\/avatar\\\/c1b735e3106a434d078f2a829a0ca4731c3e2f746b44fc8c1a6dd118f1c87dce?s=96&d=mm&r=g\",\"caption\":\"Sonya\"},\"url\":\"https:\\\/\\\/ist.blogs.inrae.fr\\\/allenvi\\\/author\\\/sonya\\\/\"}]}<\/script>\n<!-- \/ Yoast SEO plugin. -->","yoast_head_json":{"title":"Recyclage des m\u00e9taux critiques - Alliance Allenvi","robots":{"index":"noindex","follow":"follow","max-snippet":"max-snippet:-1","max-image-preview":"max-image-preview:large","max-video-preview":"max-video-preview:-1"},"og_locale":"fr_FR","og_type":"article","og_title":"Recyclage des m\u00e9taux critiques - Alliance Allenvi","og_description":"Recyclage des m\u00e9taux critiques, quels sont les d\u00e9fis scientifiques, techniques et \u00e9conomiques ? Un s\u00e9minaire organis\u00e9 par le Consortium de valorisation th\u00e9matique d\u2019AllEnvi fera le point sur la question, le 8 d\u00e9cembre prochain. Ce s\u00e9minaire restituera les principaux r\u00e9sultats d\u2019une analyse strat\u00e9gique collective (Asco) r\u00e9alis\u00e9e sur le recyclage des m\u00e9taux critiques par le Consortium de [&hellip;]","og_url":"https:\/\/ist.blogs.inrae.fr\/allenvi\/recyclage-des-metaux-critiques\/","og_site_name":"Alliance Allenvi","article_published_time":"2015-11-23T12:21:00+00:00","article_modified_time":"2022-07-05T15:12:50+00:00","og_image":[{"width":595,"height":320,"url":"https:\/\/ist.blogs.inrae.fr\/allenvi\/wp-content\/uploads\/sites\/52\/2015\/12\/recyclage-des-metaux-critiques.jpg","type":"image\/jpeg"}],"author":"Sonya","twitter_card":"summary_large_image","twitter_misc":{"\u00c9crit par":"Sonya","Dur\u00e9e de lecture estim\u00e9e":"2 minutes"},"schema":{"@context":"https:\/\/schema.org","@graph":[{"@type":"Article","@id":"https:\/\/ist.blogs.inrae.fr\/allenvi\/recyclage-des-metaux-critiques\/#article","isPartOf":{"@id":"https:\/\/ist.blogs.inrae.fr\/allenvi\/recyclage-des-metaux-critiques\/"},"author":{"name":"Sonya","@id":"https:\/\/ist.blogs.inrae.fr\/allenvi\/#\/schema\/person\/ffd88b01709e892b89bdb3e74a5216d0"},"headline":"Recyclage des m\u00e9taux critiques","datePublished":"2015-11-23T12:21:00+00:00","dateModified":"2022-07-05T15:12:50+00:00","mainEntityOfPage":{"@id":"https:\/\/ist.blogs.inrae.fr\/allenvi\/recyclage-des-metaux-critiques\/"},"wordCount":391,"image":{"@id":"https:\/\/ist.blogs.inrae.fr\/allenvi\/recyclage-des-metaux-critiques\/#primaryimage"},"thumbnailUrl":"https:\/\/ist.blogs.inrae.fr\/allenvi\/wp-content\/uploads\/sites\/52\/2015\/12\/recyclage-des-metaux-critiques.jpg","articleSection":["Actualit\u00e9s"],"inLanguage":"fr-FR"},{"@type":"WebPage","@id":"https:\/\/ist.blogs.inrae.fr\/allenvi\/recyclage-des-metaux-critiques\/","url":"https:\/\/ist.blogs.inrae.fr\/allenvi\/recyclage-des-metaux-critiques\/","name":"Recyclage des m\u00e9taux critiques - Alliance Allenvi","isPartOf":{"@id":"https:\/\/ist.blogs.inrae.fr\/allenvi\/#website"},"primaryImageOfPage":{"@id":"https:\/\/ist.blogs.inrae.fr\/allenvi\/recyclage-des-metaux-critiques\/#primaryimage"},"image":{"@id":"https:\/\/ist.blogs.inrae.fr\/allenvi\/recyclage-des-metaux-critiques\/#primaryimage"},"thumbnailUrl":"https:\/\/ist.blogs.inrae.fr\/allenvi\/wp-content\/uploads\/sites\/52\/2015\/12\/recyclage-des-metaux-critiques.jpg","datePublished":"2015-11-23T12:21:00+00:00","dateModified":"2022-07-05T15:12:50+00:00","author":{"@id":"https:\/\/ist.blogs.inrae.fr\/allenvi\/#\/schema\/person\/ffd88b01709e892b89bdb3e74a5216d0"},"breadcrumb":{"@id":"https:\/\/ist.blogs.inrae.fr\/allenvi\/recyclage-des-metaux-critiques\/#breadcrumb"},"inLanguage":"fr-FR","potentialAction":[{"@type":"ReadAction","target":["https:\/\/ist.blogs.inrae.fr\/allenvi\/recyclage-des-metaux-critiques\/"]}]},{"@type":"ImageObject","inLanguage":"fr-FR","@id":"https:\/\/ist.blogs.inrae.fr\/allenvi\/recyclage-des-metaux-critiques\/#primaryimage","url":"https:\/\/ist.blogs.inrae.fr\/allenvi\/wp-content\/uploads\/sites\/52\/2015\/12\/recyclage-des-metaux-critiques.jpg","contentUrl":"https:\/\/ist.blogs.inrae.fr\/allenvi\/wp-content\/uploads\/sites\/52\/2015\/12\/recyclage-des-metaux-critiques.jpg","width":595,"height":320,"caption":"Tests sous pointes de circuits int\u00e9gr\u00e9s au LEPSI (R\u00e9f. Le Journal du CNRS Juillet-Ao\u00fbt 2000). UMR7500 Institut de recherches subatomiques (IRES) 20000001_1094"},{"@type":"BreadcrumbList","@id":"https:\/\/ist.blogs.inrae.fr\/allenvi\/recyclage-des-metaux-critiques\/#breadcrumb","itemListElement":[{"@type":"ListItem","position":1,"name":"Accueil","item":"https:\/\/ist.blogs.inrae.fr\/allenvi\/"},{"@type":"ListItem","position":2,"name":"Recyclage des m\u00e9taux critiques"}]},{"@type":"WebSite","@id":"https:\/\/ist.blogs.inrae.fr\/allenvi\/#website","url":"https:\/\/ist.blogs.inrae.fr\/allenvi\/","name":"Alliance Allenvi","description":"","potentialAction":[{"@type":"SearchAction","target":{"@type":"EntryPoint","urlTemplate":"https:\/\/ist.blogs.inrae.fr\/allenvi\/?s={search_term_string}"},"query-input":{"@type":"PropertyValueSpecification","valueRequired":true,"valueName":"search_term_string"}}],"inLanguage":"fr-FR"},{"@type":"Person","@id":"https:\/\/ist.blogs.inrae.fr\/allenvi\/#\/schema\/person\/ffd88b01709e892b89bdb3e74a5216d0","name":"Sonya","image":{"@type":"ImageObject","inLanguage":"fr-FR","@id":"https:\/\/secure.gravatar.com\/avatar\/c1b735e3106a434d078f2a829a0ca4731c3e2f746b44fc8c1a6dd118f1c87dce?s=96&d=mm&r=g","url":"https:\/\/secure.gravatar.com\/avatar\/c1b735e3106a434d078f2a829a0ca4731c3e2f746b44fc8c1a6dd118f1c87dce?s=96&d=mm&r=g","contentUrl":"https:\/\/secure.gravatar.com\/avatar\/c1b735e3106a434d078f2a829a0ca4731c3e2f746b44fc8c1a6dd118f1c87dce?s=96&d=mm&r=g","caption":"Sonya"},"url":"https:\/\/ist.blogs.inrae.fr\/allenvi\/author\/sonya\/"}]}},"_links":{"self":[{"href":"https:\/\/ist.blogs.inrae.fr\/allenvi\/wp-json\/wp\/v2\/posts\/2247","targetHints":{"allow":["GET"]}}],"collection":[{"href":"https:\/\/ist.blogs.inrae.fr\/allenvi\/wp-json\/wp\/v2\/posts"}],"about":[{"href":"https:\/\/ist.blogs.inrae.fr\/allenvi\/wp-json\/wp\/v2\/types\/post"}],"author":[{"embeddable":true,"href":"https:\/\/ist.blogs.inrae.fr\/allenvi\/wp-json\/wp\/v2\/users\/199"}],"replies":[{"embeddable":true,"href":"https:\/\/ist.blogs.inrae.fr\/allenvi\/wp-json\/wp\/v2\/comments?post=2247"}],"version-history":[{"count":2,"href":"https:\/\/ist.blogs.inrae.fr\/allenvi\/wp-json\/wp\/v2\/posts\/2247\/revisions"}],"predecessor-version":[{"id":9786,"href":"https:\/\/ist.blogs.inrae.fr\/allenvi\/wp-json\/wp\/v2\/posts\/2247\/revisions\/9786"}],"wp:featuredmedia":[{"embeddable":true,"href":"https:\/\/ist.blogs.inrae.fr\/allenvi\/wp-json\/wp\/v2\/media\/9778"}],"wp:attachment":[{"href":"https:\/\/ist.blogs.inrae.fr\/allenvi\/wp-json\/wp\/v2\/media?parent=2247"}],"wp:term":[{"taxonomy":"category","embeddable":true,"href":"https:\/\/ist.blogs.inrae.fr\/allenvi\/wp-json\/wp\/v2\/categories?post=2247"},{"taxonomy":"post_tag","embeddable":true,"href":"https:\/\/ist.blogs.inrae.fr\/allenvi\/wp-json\/wp\/v2\/tags?post=2247"}],"curies":[{"name":"wp","href":"https:\/\/api.w.org\/{rel}","templated":true}]}}