{"id":2175,"date":"2016-02-23T10:39:00","date_gmt":"2016-02-23T10:39:00","guid":{"rendered":"https:\/\/www.allenvi.fr\/?p=2175"},"modified":"2022-07-05T15:07:41","modified_gmt":"2022-07-05T15:07:41","slug":"programmation-un-seminaire-pour-orienter-la-recherche","status":"publish","type":"post","link":"https:\/\/ist.blogs.inrae.fr\/allenvi\/programmation-un-seminaire-pour-orienter-la-recherche\/","title":{"rendered":"Programmation : un s\u00e9minaire pour orienter la recherche"},"content":{"rendered":"\n<p>Le 11 f\u00e9vrier dernier, AllEnvi organisait un s\u00e9minaire sur la programmation nationale de la recherche et sa mise en perspective au niveau europ\u00e9en et international.<\/p>\n\n\n\n<p>Durant cette journ\u00e9e, les animateurs de groupes th\u00e9matiques et le Comit\u00e9 de pilotage scientifique de l\u2019alliance se sont r\u00e9unis avec des repr\u00e9sentants de l\u2019ANR. Ensemble, ils ont r\u00e9fl\u00e9chi aux nouvelles orientations pour la recherche environnementale par grands d\u00e9fis soci\u00e9taux<a href=\"https:\/\/ist.blogs.inrae.fr\/allenvi\/actualites\/2016\/un-seminaire-pour-orienter-la-recherche#defis\">*<\/a>.<br>La premi\u00e8re partie de la matin\u00e9e \u00e9tait consacr\u00e9e \u00e0 l\u2019organisation de la programmation nationale et sa mise en perspective au niveau europ\u00e9en (JPI, ERANETs) et international (Future Earth). La journ\u00e9e s\u2019est poursuivie par un travail en ateliers par grands d\u00e9fis soci\u00e9taux. La restitution de ces ateliers alimentera la contribution de l\u2019alliance \u00e0 la programmation 2017 de l\u2019ANR.<\/p>\n\n\n\n<p><strong>Un grand sentiment d\u2019insatisfaction<\/strong><\/p>\n\n\n\n<p>Le syst\u00e8me de programmation organis\u00e9 en d\u00e9fis soci\u00e9taux et sa mise en \u0153uvre par l\u2019ANR ont g\u00e9n\u00e9r\u00e9 un grand sentiment d\u2019insatisfaction dans la communaut\u00e9 scientifique et chez les organismes de recherche membres d\u2019AllEnvi. La premi\u00e8re raison est li\u00e9e aux baisses de budget de l\u2019ANR. Une autre est la confusion sur le r\u00f4le et le positionnement de la programmation nationale face aux divers guichets parall\u00e8les (PIA, IdEx ou LabEx). Enfin, si le couplage entre les alliances et l\u2019ANR est satisfaisant pour guider la programmation, l\u2019instruction des appels \u00e0 projets par l\u2019agence n\u2019est pas en phase avec les orientations d\u00e9finies par d\u00e9fi et ne permet pas la transversalit\u00e9 et l\u2019interdisciplinarit\u00e9.<br>Par rapport au positionnement des autres grandes agences europ\u00e9ennes, qui font le choix d\u2019\u00eatre des guichets ou d\u2019assurer une programmation de la recherche, l\u2019agence de financement fran\u00e7aise tente sans succ\u00e8s de maintenir les deux.<\/p>\n\n\n\n<p><strong>EER : la France est pr\u00e9sente, mais manque de lobbying<\/strong><\/p>\n\n\n\n<p>Le domaine de l\u2019environnement couvert par AllEnvi concerne essentiellement des biens publics. Les \u00e9tudier implique une excellente articulation avec l\u2019espace europ\u00e9en et international de la recherche.<br>La participation des \u00e9quipes fran\u00e7aises dans les dispositifs de programmation conjointe europ\u00e9ens et internationaux est bonne. Mais pour Denis Despr\u00e9aux, chef de la Mission Europe et international pour la recherche, \u00ab <em>il y a un d\u00e9ficit d\u2019investissement fran\u00e7ais dans la construction en amont des orientations de la programmation europ\u00e9enne. Le syst\u00e8me est complexe et le lobbying fran\u00e7ais trop peu visible.<\/em>&nbsp;\u00bb AllEnvi peut jouer un r\u00f4le de coordination et de mobilisation de la communaut\u00e9 scientifique pour combler ce manque.<br>Au niveau international Future Earth porte l\u2019ambition de construire l\u2019espace international de la recherche sur l\u2019environnement. Cette mutation importante dans la programmation de la recherche internationale doit \u00eatre suivie avec attention.<\/p>\n\n\n\n<p><sub>* Deux d\u00e9fis soci\u00e9taux concernent principalement AllEnvi : le d\u00e9fi 1 (Gestion sobre des ressources et adaptation au changement climatique), le d\u00e9fi 5 (S\u00e9curit\u00e9 alimentaire et d\u00e9fi d\u00e9mographique), mais l\u2019alliance est aussi concern\u00e9e par les d\u00e9fis 2,4 et 6 (respectivement Une \u00e9nergie propre, s\u00fbre et efficace, Sant\u00e9 et bien-\u00eatre et Mobilit\u00e9 et syst\u00e8mes urbains durables).<\/sub> <\/p>\n\n\n\n<p><\/p>\n\n\n\n<div class=\"wp-block-file\"><a id=\"wp-block-file--media-9678b590-a131-491a-af22-c20f624ec3a8\" href=\"https:\/\/ist.blogs.inrae.fr\/allenvi\/wp-content\/uploads\/sites\/52\/2022\/05\/Contribution-AllEnvi-ANR-201306242.pdf\" target=\"_blank\" rel=\"noreferrer noopener\">Contribution-AllEnvi-ANR-20130624(2)<\/a><a href=\"https:\/\/ist.blogs.inrae.fr\/allenvi\/wp-content\/uploads\/sites\/52\/2022\/05\/Contribution-AllEnvi-ANR-201306242.pdf\" class=\"wp-block-file__button\" download aria-describedby=\"wp-block-file--media-9678b590-a131-491a-af22-c20f624ec3a8\">T\u00e9l\u00e9charger<\/a><\/div>\n\n\n\n<div class=\"wp-block-file\"><a id=\"wp-block-file--media-340c2bbf-cf36-4b06-818c-e8a36d18aa9a\" href=\"https:\/\/ist.blogs.inrae.fr\/allenvi\/wp-content\/uploads\/sites\/52\/2022\/05\/ContributionAllEnvi_ANR20152.pdf\" target=\"_blank\" rel=\"noreferrer noopener\">Contribution+AllEnvi_ANR+2015(2)<\/a><a href=\"https:\/\/ist.blogs.inrae.fr\/allenvi\/wp-content\/uploads\/sites\/52\/2022\/05\/ContributionAllEnvi_ANR20152.pdf\" class=\"wp-block-file__button\" download aria-describedby=\"wp-block-file--media-340c2bbf-cf36-4b06-818c-e8a36d18aa9a\">T\u00e9l\u00e9charger<\/a><\/div>\n\n\n\n<div class=\"wp-block-file\"><a id=\"wp-block-file--media-3bfaa01b-de54-4a95-97a7-7100643f8626\" href=\"https:\/\/ist.blogs.inrae.fr\/allenvi\/wp-content\/uploads\/sites\/52\/2022\/05\/ContributionAllEnviPlandactionANR2016.pdf\" target=\"_blank\" rel=\"noreferrer noopener\">Contribution+AllEnvi+Plan+d&rsquo;action+ANR+2016<\/a><a href=\"https:\/\/ist.blogs.inrae.fr\/allenvi\/wp-content\/uploads\/sites\/52\/2022\/05\/ContributionAllEnviPlandactionANR2016.pdf\" class=\"wp-block-file__button\" download aria-describedby=\"wp-block-file--media-3bfaa01b-de54-4a95-97a7-7100643f8626\">T\u00e9l\u00e9charger<\/a><\/div>\n","protected":false},"excerpt":{"rendered":"<p>Le 11 f\u00e9vrier dernier, AllEnvi organisait un s\u00e9minaire sur la programmation nationale de la recherche et sa mise en perspective au niveau europ\u00e9en et international. Durant cette journ\u00e9e, les animateurs de groupes th\u00e9matiques et le Comit\u00e9 de pilotage scientifique de l\u2019alliance se sont r\u00e9unis avec des repr\u00e9sentants de l\u2019ANR. Ensemble, ils ont r\u00e9fl\u00e9chi aux nouvelles [&hellip;]<\/p>\n","protected":false},"author":199,"featured_media":9754,"comment_status":"closed","ping_status":"open","sticky":false,"template":"","format":"standard","meta":{"_et_pb_use_builder":"off","_et_pb_old_content":"","_et_gb_content_width":"","inline_featured_image":false,"footnotes":""},"categories":[22],"tags":[],"class_list":["post-2175","post","type-post","status-publish","format-standard","has-post-thumbnail","hentry","category-nos-actualites"],"yoast_head":"<!-- This site is optimized with the Yoast SEO plugin v27.4 - https:\/\/yoast.com\/product\/yoast-seo-wordpress\/ -->\n<title>Programmation : un s\u00e9minaire pour orienter la recherche - Alliance Allenvi<\/title>\n<meta name=\"robots\" content=\"noindex, follow, max-snippet:-1, max-image-preview:large, max-video-preview:-1\" \/>\n<meta property=\"og:locale\" content=\"fr_FR\" \/>\n<meta property=\"og:type\" content=\"article\" \/>\n<meta property=\"og:title\" content=\"Programmation : un s\u00e9minaire pour orienter la recherche - Alliance Allenvi\" \/>\n<meta property=\"og:description\" content=\"Le 11 f\u00e9vrier dernier, AllEnvi organisait un s\u00e9minaire sur la programmation nationale de la recherche et sa mise en perspective au niveau europ\u00e9en et international. Durant cette journ\u00e9e, les animateurs de groupes th\u00e9matiques et le Comit\u00e9 de pilotage scientifique de l\u2019alliance se sont r\u00e9unis avec des repr\u00e9sentants de l\u2019ANR. Ensemble, ils ont r\u00e9fl\u00e9chi aux nouvelles [&hellip;]\" \/>\n<meta property=\"og:url\" content=\"https:\/\/ist.blogs.inrae.fr\/allenvi\/programmation-un-seminaire-pour-orienter-la-recherche\/\" \/>\n<meta property=\"og:site_name\" content=\"Alliance Allenvi\" \/>\n<meta property=\"article:published_time\" content=\"2016-02-23T10:39:00+00:00\" \/>\n<meta property=\"article:modified_time\" content=\"2022-07-05T15:07:41+00:00\" \/>\n<meta property=\"og:image\" content=\"https:\/\/ist.blogs.inrae.fr\/allenvi\/wp-content\/uploads\/sites\/52\/2022\/07\/un-seminaire-pour-orienter-la-recherche.jpg\" \/>\n\t<meta property=\"og:image:width\" content=\"597\" \/>\n\t<meta property=\"og:image:height\" content=\"320\" \/>\n\t<meta property=\"og:image:type\" content=\"image\/jpeg\" \/>\n<meta name=\"author\" content=\"Sonya\" \/>\n<meta name=\"twitter:card\" content=\"summary_large_image\" \/>\n<meta name=\"twitter:label1\" content=\"\u00c9crit par\" \/>\n\t<meta name=\"twitter:data1\" content=\"Sonya\" \/>\n\t<meta name=\"twitter:label2\" content=\"Dur\u00e9e de lecture estim\u00e9e\" \/>\n\t<meta name=\"twitter:data2\" content=\"3 minutes\" \/>\n<script type=\"application\/ld+json\" class=\"yoast-schema-graph\">{\"@context\":\"https:\\\/\\\/schema.org\",\"@graph\":[{\"@type\":\"Article\",\"@id\":\"https:\\\/\\\/ist.blogs.inrae.fr\\\/allenvi\\\/programmation-un-seminaire-pour-orienter-la-recherche\\\/#article\",\"isPartOf\":{\"@id\":\"https:\\\/\\\/ist.blogs.inrae.fr\\\/allenvi\\\/programmation-un-seminaire-pour-orienter-la-recherche\\\/\"},\"author\":{\"name\":\"Sonya\",\"@id\":\"https:\\\/\\\/ist.blogs.inrae.fr\\\/allenvi\\\/#\\\/schema\\\/person\\\/ffd88b01709e892b89bdb3e74a5216d0\"},\"headline\":\"Programmation : un s\u00e9minaire pour orienter la recherche\",\"datePublished\":\"2016-02-23T10:39:00+00:00\",\"dateModified\":\"2022-07-05T15:07:41+00:00\",\"mainEntityOfPage\":{\"@id\":\"https:\\\/\\\/ist.blogs.inrae.fr\\\/allenvi\\\/programmation-un-seminaire-pour-orienter-la-recherche\\\/\"},\"wordCount\":563,\"image\":{\"@id\":\"https:\\\/\\\/ist.blogs.inrae.fr\\\/allenvi\\\/programmation-un-seminaire-pour-orienter-la-recherche\\\/#primaryimage\"},\"thumbnailUrl\":\"https:\\\/\\\/ist.blogs.inrae.fr\\\/allenvi\\\/wp-content\\\/uploads\\\/sites\\\/52\\\/2022\\\/07\\\/un-seminaire-pour-orienter-la-recherche.jpg\",\"articleSection\":[\"Actualit\u00e9s\"],\"inLanguage\":\"fr-FR\"},{\"@type\":\"WebPage\",\"@id\":\"https:\\\/\\\/ist.blogs.inrae.fr\\\/allenvi\\\/programmation-un-seminaire-pour-orienter-la-recherche\\\/\",\"url\":\"https:\\\/\\\/ist.blogs.inrae.fr\\\/allenvi\\\/programmation-un-seminaire-pour-orienter-la-recherche\\\/\",\"name\":\"Programmation : un s\u00e9minaire pour orienter la recherche - Alliance Allenvi\",\"isPartOf\":{\"@id\":\"https:\\\/\\\/ist.blogs.inrae.fr\\\/allenvi\\\/#website\"},\"primaryImageOfPage\":{\"@id\":\"https:\\\/\\\/ist.blogs.inrae.fr\\\/allenvi\\\/programmation-un-seminaire-pour-orienter-la-recherche\\\/#primaryimage\"},\"image\":{\"@id\":\"https:\\\/\\\/ist.blogs.inrae.fr\\\/allenvi\\\/programmation-un-seminaire-pour-orienter-la-recherche\\\/#primaryimage\"},\"thumbnailUrl\":\"https:\\\/\\\/ist.blogs.inrae.fr\\\/allenvi\\\/wp-content\\\/uploads\\\/sites\\\/52\\\/2022\\\/07\\\/un-seminaire-pour-orienter-la-recherche.jpg\",\"datePublished\":\"2016-02-23T10:39:00+00:00\",\"dateModified\":\"2022-07-05T15:07:41+00:00\",\"author\":{\"@id\":\"https:\\\/\\\/ist.blogs.inrae.fr\\\/allenvi\\\/#\\\/schema\\\/person\\\/ffd88b01709e892b89bdb3e74a5216d0\"},\"breadcrumb\":{\"@id\":\"https:\\\/\\\/ist.blogs.inrae.fr\\\/allenvi\\\/programmation-un-seminaire-pour-orienter-la-recherche\\\/#breadcrumb\"},\"inLanguage\":\"fr-FR\",\"potentialAction\":[{\"@type\":\"ReadAction\",\"target\":[\"https:\\\/\\\/ist.blogs.inrae.fr\\\/allenvi\\\/programmation-un-seminaire-pour-orienter-la-recherche\\\/\"]}]},{\"@type\":\"ImageObject\",\"inLanguage\":\"fr-FR\",\"@id\":\"https:\\\/\\\/ist.blogs.inrae.fr\\\/allenvi\\\/programmation-un-seminaire-pour-orienter-la-recherche\\\/#primaryimage\",\"url\":\"https:\\\/\\\/ist.blogs.inrae.fr\\\/allenvi\\\/wp-content\\\/uploads\\\/sites\\\/52\\\/2022\\\/07\\\/un-seminaire-pour-orienter-la-recherche.jpg\",\"contentUrl\":\"https:\\\/\\\/ist.blogs.inrae.fr\\\/allenvi\\\/wp-content\\\/uploads\\\/sites\\\/52\\\/2022\\\/07\\\/un-seminaire-pour-orienter-la-recherche.jpg\",\"width\":597,\"height\":320,\"caption\":\"Un s\u00e9minaire pour orienter la recherche\"},{\"@type\":\"BreadcrumbList\",\"@id\":\"https:\\\/\\\/ist.blogs.inrae.fr\\\/allenvi\\\/programmation-un-seminaire-pour-orienter-la-recherche\\\/#breadcrumb\",\"itemListElement\":[{\"@type\":\"ListItem\",\"position\":1,\"name\":\"Accueil\",\"item\":\"https:\\\/\\\/ist.blogs.inrae.fr\\\/allenvi\\\/\"},{\"@type\":\"ListItem\",\"position\":2,\"name\":\"Programmation : un s\u00e9minaire pour orienter la recherche\"}]},{\"@type\":\"WebSite\",\"@id\":\"https:\\\/\\\/ist.blogs.inrae.fr\\\/allenvi\\\/#website\",\"url\":\"https:\\\/\\\/ist.blogs.inrae.fr\\\/allenvi\\\/\",\"name\":\"Alliance Allenvi\",\"description\":\"\",\"potentialAction\":[{\"@type\":\"SearchAction\",\"target\":{\"@type\":\"EntryPoint\",\"urlTemplate\":\"https:\\\/\\\/ist.blogs.inrae.fr\\\/allenvi\\\/?s={search_term_string}\"},\"query-input\":{\"@type\":\"PropertyValueSpecification\",\"valueRequired\":true,\"valueName\":\"search_term_string\"}}],\"inLanguage\":\"fr-FR\"},{\"@type\":\"Person\",\"@id\":\"https:\\\/\\\/ist.blogs.inrae.fr\\\/allenvi\\\/#\\\/schema\\\/person\\\/ffd88b01709e892b89bdb3e74a5216d0\",\"name\":\"Sonya\",\"image\":{\"@type\":\"ImageObject\",\"inLanguage\":\"fr-FR\",\"@id\":\"https:\\\/\\\/secure.gravatar.com\\\/avatar\\\/c1b735e3106a434d078f2a829a0ca4731c3e2f746b44fc8c1a6dd118f1c87dce?s=96&d=mm&r=g\",\"url\":\"https:\\\/\\\/secure.gravatar.com\\\/avatar\\\/c1b735e3106a434d078f2a829a0ca4731c3e2f746b44fc8c1a6dd118f1c87dce?s=96&d=mm&r=g\",\"contentUrl\":\"https:\\\/\\\/secure.gravatar.com\\\/avatar\\\/c1b735e3106a434d078f2a829a0ca4731c3e2f746b44fc8c1a6dd118f1c87dce?s=96&d=mm&r=g\",\"caption\":\"Sonya\"},\"url\":\"https:\\\/\\\/ist.blogs.inrae.fr\\\/allenvi\\\/author\\\/sonya\\\/\"}]}<\/script>\n<!-- \/ Yoast SEO plugin. -->","yoast_head_json":{"title":"Programmation : un s\u00e9minaire pour orienter la recherche - Alliance Allenvi","robots":{"index":"noindex","follow":"follow","max-snippet":"max-snippet:-1","max-image-preview":"max-image-preview:large","max-video-preview":"max-video-preview:-1"},"og_locale":"fr_FR","og_type":"article","og_title":"Programmation : un s\u00e9minaire pour orienter la recherche - Alliance Allenvi","og_description":"Le 11 f\u00e9vrier dernier, AllEnvi organisait un s\u00e9minaire sur la programmation nationale de la recherche et sa mise en perspective au niveau europ\u00e9en et international. Durant cette journ\u00e9e, les animateurs de groupes th\u00e9matiques et le Comit\u00e9 de pilotage scientifique de l\u2019alliance se sont r\u00e9unis avec des repr\u00e9sentants de l\u2019ANR. Ensemble, ils ont r\u00e9fl\u00e9chi aux nouvelles [&hellip;]","og_url":"https:\/\/ist.blogs.inrae.fr\/allenvi\/programmation-un-seminaire-pour-orienter-la-recherche\/","og_site_name":"Alliance Allenvi","article_published_time":"2016-02-23T10:39:00+00:00","article_modified_time":"2022-07-05T15:07:41+00:00","og_image":[{"width":597,"height":320,"url":"https:\/\/ist.blogs.inrae.fr\/allenvi\/wp-content\/uploads\/sites\/52\/2022\/07\/un-seminaire-pour-orienter-la-recherche.jpg","type":"image\/jpeg"}],"author":"Sonya","twitter_card":"summary_large_image","twitter_misc":{"\u00c9crit par":"Sonya","Dur\u00e9e de lecture estim\u00e9e":"3 minutes"},"schema":{"@context":"https:\/\/schema.org","@graph":[{"@type":"Article","@id":"https:\/\/ist.blogs.inrae.fr\/allenvi\/programmation-un-seminaire-pour-orienter-la-recherche\/#article","isPartOf":{"@id":"https:\/\/ist.blogs.inrae.fr\/allenvi\/programmation-un-seminaire-pour-orienter-la-recherche\/"},"author":{"name":"Sonya","@id":"https:\/\/ist.blogs.inrae.fr\/allenvi\/#\/schema\/person\/ffd88b01709e892b89bdb3e74a5216d0"},"headline":"Programmation : un s\u00e9minaire pour orienter la recherche","datePublished":"2016-02-23T10:39:00+00:00","dateModified":"2022-07-05T15:07:41+00:00","mainEntityOfPage":{"@id":"https:\/\/ist.blogs.inrae.fr\/allenvi\/programmation-un-seminaire-pour-orienter-la-recherche\/"},"wordCount":563,"image":{"@id":"https:\/\/ist.blogs.inrae.fr\/allenvi\/programmation-un-seminaire-pour-orienter-la-recherche\/#primaryimage"},"thumbnailUrl":"https:\/\/ist.blogs.inrae.fr\/allenvi\/wp-content\/uploads\/sites\/52\/2022\/07\/un-seminaire-pour-orienter-la-recherche.jpg","articleSection":["Actualit\u00e9s"],"inLanguage":"fr-FR"},{"@type":"WebPage","@id":"https:\/\/ist.blogs.inrae.fr\/allenvi\/programmation-un-seminaire-pour-orienter-la-recherche\/","url":"https:\/\/ist.blogs.inrae.fr\/allenvi\/programmation-un-seminaire-pour-orienter-la-recherche\/","name":"Programmation : un s\u00e9minaire pour orienter la recherche - Alliance Allenvi","isPartOf":{"@id":"https:\/\/ist.blogs.inrae.fr\/allenvi\/#website"},"primaryImageOfPage":{"@id":"https:\/\/ist.blogs.inrae.fr\/allenvi\/programmation-un-seminaire-pour-orienter-la-recherche\/#primaryimage"},"image":{"@id":"https:\/\/ist.blogs.inrae.fr\/allenvi\/programmation-un-seminaire-pour-orienter-la-recherche\/#primaryimage"},"thumbnailUrl":"https:\/\/ist.blogs.inrae.fr\/allenvi\/wp-content\/uploads\/sites\/52\/2022\/07\/un-seminaire-pour-orienter-la-recherche.jpg","datePublished":"2016-02-23T10:39:00+00:00","dateModified":"2022-07-05T15:07:41+00:00","author":{"@id":"https:\/\/ist.blogs.inrae.fr\/allenvi\/#\/schema\/person\/ffd88b01709e892b89bdb3e74a5216d0"},"breadcrumb":{"@id":"https:\/\/ist.blogs.inrae.fr\/allenvi\/programmation-un-seminaire-pour-orienter-la-recherche\/#breadcrumb"},"inLanguage":"fr-FR","potentialAction":[{"@type":"ReadAction","target":["https:\/\/ist.blogs.inrae.fr\/allenvi\/programmation-un-seminaire-pour-orienter-la-recherche\/"]}]},{"@type":"ImageObject","inLanguage":"fr-FR","@id":"https:\/\/ist.blogs.inrae.fr\/allenvi\/programmation-un-seminaire-pour-orienter-la-recherche\/#primaryimage","url":"https:\/\/ist.blogs.inrae.fr\/allenvi\/wp-content\/uploads\/sites\/52\/2022\/07\/un-seminaire-pour-orienter-la-recherche.jpg","contentUrl":"https:\/\/ist.blogs.inrae.fr\/allenvi\/wp-content\/uploads\/sites\/52\/2022\/07\/un-seminaire-pour-orienter-la-recherche.jpg","width":597,"height":320,"caption":"Un s\u00e9minaire pour orienter la recherche"},{"@type":"BreadcrumbList","@id":"https:\/\/ist.blogs.inrae.fr\/allenvi\/programmation-un-seminaire-pour-orienter-la-recherche\/#breadcrumb","itemListElement":[{"@type":"ListItem","position":1,"name":"Accueil","item":"https:\/\/ist.blogs.inrae.fr\/allenvi\/"},{"@type":"ListItem","position":2,"name":"Programmation : un s\u00e9minaire pour orienter la recherche"}]},{"@type":"WebSite","@id":"https:\/\/ist.blogs.inrae.fr\/allenvi\/#website","url":"https:\/\/ist.blogs.inrae.fr\/allenvi\/","name":"Alliance Allenvi","description":"","potentialAction":[{"@type":"SearchAction","target":{"@type":"EntryPoint","urlTemplate":"https:\/\/ist.blogs.inrae.fr\/allenvi\/?s={search_term_string}"},"query-input":{"@type":"PropertyValueSpecification","valueRequired":true,"valueName":"search_term_string"}}],"inLanguage":"fr-FR"},{"@type":"Person","@id":"https:\/\/ist.blogs.inrae.fr\/allenvi\/#\/schema\/person\/ffd88b01709e892b89bdb3e74a5216d0","name":"Sonya","image":{"@type":"ImageObject","inLanguage":"fr-FR","@id":"https:\/\/secure.gravatar.com\/avatar\/c1b735e3106a434d078f2a829a0ca4731c3e2f746b44fc8c1a6dd118f1c87dce?s=96&d=mm&r=g","url":"https:\/\/secure.gravatar.com\/avatar\/c1b735e3106a434d078f2a829a0ca4731c3e2f746b44fc8c1a6dd118f1c87dce?s=96&d=mm&r=g","contentUrl":"https:\/\/secure.gravatar.com\/avatar\/c1b735e3106a434d078f2a829a0ca4731c3e2f746b44fc8c1a6dd118f1c87dce?s=96&d=mm&r=g","caption":"Sonya"},"url":"https:\/\/ist.blogs.inrae.fr\/allenvi\/author\/sonya\/"}]}},"_links":{"self":[{"href":"https:\/\/ist.blogs.inrae.fr\/allenvi\/wp-json\/wp\/v2\/posts\/2175","targetHints":{"allow":["GET"]}}],"collection":[{"href":"https:\/\/ist.blogs.inrae.fr\/allenvi\/wp-json\/wp\/v2\/posts"}],"about":[{"href":"https:\/\/ist.blogs.inrae.fr\/allenvi\/wp-json\/wp\/v2\/types\/post"}],"author":[{"embeddable":true,"href":"https:\/\/ist.blogs.inrae.fr\/allenvi\/wp-json\/wp\/v2\/users\/199"}],"replies":[{"embeddable":true,"href":"https:\/\/ist.blogs.inrae.fr\/allenvi\/wp-json\/wp\/v2\/comments?post=2175"}],"version-history":[{"count":1,"href":"https:\/\/ist.blogs.inrae.fr\/allenvi\/wp-json\/wp\/v2\/posts\/2175\/revisions"}],"predecessor-version":[{"id":2180,"href":"https:\/\/ist.blogs.inrae.fr\/allenvi\/wp-json\/wp\/v2\/posts\/2175\/revisions\/2180"}],"wp:featuredmedia":[{"embeddable":true,"href":"https:\/\/ist.blogs.inrae.fr\/allenvi\/wp-json\/wp\/v2\/media\/9754"}],"wp:attachment":[{"href":"https:\/\/ist.blogs.inrae.fr\/allenvi\/wp-json\/wp\/v2\/media?parent=2175"}],"wp:term":[{"taxonomy":"category","embeddable":true,"href":"https:\/\/ist.blogs.inrae.fr\/allenvi\/wp-json\/wp\/v2\/categories?post=2175"},{"taxonomy":"post_tag","embeddable":true,"href":"https:\/\/ist.blogs.inrae.fr\/allenvi\/wp-json\/wp\/v2\/tags?post=2175"}],"curies":[{"name":"wp","href":"https:\/\/api.w.org\/{rel}","templated":true}]}}