{"id":1866,"date":"2016-12-15T14:53:00","date_gmt":"2016-12-15T14:53:00","guid":{"rendered":"https:\/\/www.allenvi.fr\/?p=1866"},"modified":"2022-07-05T15:03:34","modified_gmt":"2022-07-05T15:03:34","slug":"future-earth-2-jours-pour-forger-une-communaute","status":"publish","type":"post","link":"https:\/\/ist.blogs.inrae.fr\/allenvi\/future-earth-2-jours-pour-forger-une-communaute\/","title":{"rendered":"Future Earth : 2 jours pour forger une communaut\u00e9"},"content":{"rendered":"\n<p>Future Earth organisait deux jours de rencontres \u00e0 Paris les 30 novembre et 1er d\u00e9cembre. Toute la communaut\u00e9 des sciences de l\u2019environnement au sens large et du d\u00e9veloppement durable \u00e9tait convi\u00e9e \u00e0 ces journ\u00e9es.<\/p>\n\n\n\n<p>L\u2019ANR, le minist\u00e8re de l\u2019\u00c9ducation nationale, de l\u2019Enseignement sup\u00e9rieur et de la Recherche et AllEnvi organisaient les journ\u00e9es Future Earth. Ces deux jours ont \u00e9t\u00e9 l\u2019occasion pour la communaut\u00e9 scientifique de d\u00e9couvrir <strong>la vision et l\u2019ambition de cette plateforme<\/strong>&nbsp;internationale. Ces pr\u00e9sentations ont \u00e9t\u00e9 d\u00e9clin\u00e9es dans des sessions th\u00e9matiques :<\/p>\n\n\n\n<ul class=\"wp-block-list\"><li>vers un acc\u00e8s durable et \u00e9quitable \u00e0 l\u2019<strong>eau<\/strong>, l\u2019<strong>alimentation<\/strong>&nbsp;et l\u2019<strong>\u00e9nergie<\/strong>&nbsp;: une approche par le nexus<\/li><li>la vie dans les <strong>oc\u00e9ans<\/strong>&nbsp;: les recherches n\u00e9cessaires \u00e0 la sant\u00e9 et \u00e0 la productivit\u00e9 des oc\u00e9ans<\/li><li>modifications des <strong>\u00e9cosyst\u00e8mes<\/strong>&nbsp;et b\u00e9n\u00e9fices n\u00e9cessaires au bien-\u00eatre des humains (Natural assets)<\/li><li>des \u00e9volutions subies aux transformations choisies : vers des <strong>futurs urbains durables<\/strong><\/li><\/ul>\n\n\n\n<p>Gr\u00e2ce \u00e0 des pr\u00e9sentations introductives tr\u00e8s pertinentes, ces 4 sessions ont permis aux communaut\u00e9s scientifiques de bien s\u2019approprier les enjeux et les concepts de ces th\u00e9matiques et de comprendre, \u00e0 partir d\u2019illustrations, comment <strong>se mobiliser pour participer<\/strong>.<\/p>\n\n\n\n<p><br>Une session sp\u00e9cifique a permis d\u2019illustrer comment, sous l\u2019\u00e9gide de Future Earth, les scientifiques en d\u00e9but de carri\u00e8re s\u2019appropriaient ces grands enjeux transversaux et syst\u00e9miques et constituaient de fait une <strong>p\u00e9pini\u00e8re dynamique<\/strong>&nbsp;et enthousiaste de Future Earth.<\/p>\n\n\n\n<p><br>Enfin, une session consacr\u00e9e au positionnement de la plateforme dans la construction des <strong>agendas de recherche europ\u00e9ens et internationaux<\/strong>&nbsp;a permis de faire le pont avec les<strong>&nbsp;instruments de financement<\/strong>&nbsp;actuellement mobilis\u00e9s pour l\u2019\u00e9mergence de programme de recherche.<\/p>\n\n\n\n<p><br>De grands t\u00e9moins ont conclu ces deux jours en s\u2019appuyant sur l\u2019exemplarit\u00e9 du domaine du Climat. Ils ont soulign\u00e9 la <strong>mobilisation de la communaut\u00e9 scientifique<\/strong>&nbsp;dans son r\u00f4le pr\u00e9curseur d\u2019<strong>expertise scientifique<\/strong>&nbsp;et d\u2019<strong>alerte<\/strong>&nbsp;ainsi que la contribution concr\u00e8te de la recherche dans l\u2019engagement des parties prenantes dans l&rsquo;Accord de Paris.<\/p>\n\n\n\n<p>Ces journ\u00e9es ont permis de poser les bases de ce qui pourrait constituer la <strong>communaut\u00e9 scientifique nationale de Future Earth<\/strong>. AllEnvi et ses membres se sont engag\u00e9s volontairement dans cette plateforme internationale \u00e0 l\u2019instar de leur implication dans l\u2019accueil du Hub fran\u00e7ais de son secr\u00e9tariat. <strong>L&rsquo;alliance convie la communaut\u00e9 scientifique nationale \u00e0 s\u2019engager tout aussi r\u00e9solument dans les activit\u00e9s et les actions de Future Earth<\/strong>.<\/p>\n\n\n\n<p><\/p>\n\n\n\n<div class=\"wp-block-file\"><a id=\"wp-block-file--media-28eb5793-2cac-4834-9ab0-ac917168f921\" href=\"https:\/\/ist.blogs.inrae.fr\/allenvi\/wp-content\/uploads\/sites\/52\/2016\/12\/FutureEarthDays_Programme.pdf\" target=\"_blank\" rel=\"noreferrer noopener\">Future+Earth+Days_Programme<\/a><a href=\"https:\/\/ist.blogs.inrae.fr\/allenvi\/wp-content\/uploads\/sites\/52\/2016\/12\/FutureEarthDays_Programme.pdf\" class=\"wp-block-file__button\" download aria-describedby=\"wp-block-file--media-28eb5793-2cac-4834-9ab0-ac917168f921\">T\u00e9l\u00e9charger<\/a><\/div>\n","protected":false},"excerpt":{"rendered":"<p>Future Earth organisait deux jours de rencontres \u00e0 Paris les 30 novembre et 1er d\u00e9cembre. Toute la communaut\u00e9 des sciences de l\u2019environnement au sens large et du d\u00e9veloppement durable \u00e9tait convi\u00e9e \u00e0 ces journ\u00e9es. L\u2019ANR, le minist\u00e8re de l\u2019\u00c9ducation nationale, de l\u2019Enseignement sup\u00e9rieur et de la Recherche et AllEnvi organisaient les journ\u00e9es Future Earth. Ces [&hellip;]<\/p>\n","protected":false},"author":199,"featured_media":9745,"comment_status":"closed","ping_status":"open","sticky":false,"template":"","format":"standard","meta":{"_et_pb_use_builder":"off","_et_pb_old_content":"","_et_gb_content_width":"","inline_featured_image":false,"footnotes":""},"categories":[22],"tags":[],"class_list":["post-1866","post","type-post","status-publish","format-standard","has-post-thumbnail","hentry","category-nos-actualites"],"yoast_head":"<!-- This site is optimized with the Yoast SEO plugin v27.4 - https:\/\/yoast.com\/product\/yoast-seo-wordpress\/ -->\n<title>Future Earth : 2 jours pour forger une communaut\u00e9 - Alliance Allenvi<\/title>\n<meta name=\"robots\" content=\"noindex, follow, max-snippet:-1, max-image-preview:large, max-video-preview:-1\" \/>\n<meta property=\"og:locale\" content=\"fr_FR\" \/>\n<meta property=\"og:type\" content=\"article\" \/>\n<meta property=\"og:title\" content=\"Future Earth : 2 jours pour forger une communaut\u00e9 - Alliance Allenvi\" \/>\n<meta property=\"og:description\" content=\"Future Earth organisait deux jours de rencontres \u00e0 Paris les 30 novembre et 1er d\u00e9cembre. Toute la communaut\u00e9 des sciences de l\u2019environnement au sens large et du d\u00e9veloppement durable \u00e9tait convi\u00e9e \u00e0 ces journ\u00e9es. L\u2019ANR, le minist\u00e8re de l\u2019\u00c9ducation nationale, de l\u2019Enseignement sup\u00e9rieur et de la Recherche et AllEnvi organisaient les journ\u00e9es Future Earth. Ces [&hellip;]\" \/>\n<meta property=\"og:url\" content=\"https:\/\/ist.blogs.inrae.fr\/allenvi\/future-earth-2-jours-pour-forger-une-communaute\/\" \/>\n<meta property=\"og:site_name\" content=\"Alliance Allenvi\" \/>\n<meta property=\"article:published_time\" content=\"2016-12-15T14:53:00+00:00\" \/>\n<meta property=\"article:modified_time\" content=\"2022-07-05T15:03:34+00:00\" \/>\n<meta property=\"og:image\" content=\"https:\/\/ist.blogs.inrae.fr\/allenvi\/wp-content\/uploads\/sites\/52\/2022\/07\/future-earth-days.jpg\" \/>\n\t<meta property=\"og:image:width\" content=\"597\" \/>\n\t<meta property=\"og:image:height\" content=\"320\" \/>\n\t<meta property=\"og:image:type\" content=\"image\/jpeg\" \/>\n<meta name=\"author\" content=\"Sonya\" \/>\n<meta name=\"twitter:card\" content=\"summary_large_image\" \/>\n<meta name=\"twitter:label1\" content=\"\u00c9crit par\" \/>\n\t<meta name=\"twitter:data1\" content=\"Sonya\" \/>\n\t<meta name=\"twitter:label2\" content=\"Dur\u00e9e de lecture estim\u00e9e\" \/>\n\t<meta name=\"twitter:data2\" content=\"2 minutes\" \/>\n<script type=\"application\/ld+json\" class=\"yoast-schema-graph\">{\"@context\":\"https:\\\/\\\/schema.org\",\"@graph\":[{\"@type\":\"Article\",\"@id\":\"https:\\\/\\\/ist.blogs.inrae.fr\\\/allenvi\\\/future-earth-2-jours-pour-forger-une-communaute\\\/#article\",\"isPartOf\":{\"@id\":\"https:\\\/\\\/ist.blogs.inrae.fr\\\/allenvi\\\/future-earth-2-jours-pour-forger-une-communaute\\\/\"},\"author\":{\"name\":\"Sonya\",\"@id\":\"https:\\\/\\\/ist.blogs.inrae.fr\\\/allenvi\\\/#\\\/schema\\\/person\\\/ffd88b01709e892b89bdb3e74a5216d0\"},\"headline\":\"Future Earth : 2 jours pour forger une communaut\u00e9\",\"datePublished\":\"2016-12-15T14:53:00+00:00\",\"dateModified\":\"2022-07-05T15:03:34+00:00\",\"mainEntityOfPage\":{\"@id\":\"https:\\\/\\\/ist.blogs.inrae.fr\\\/allenvi\\\/future-earth-2-jours-pour-forger-une-communaute\\\/\"},\"wordCount\":451,\"image\":{\"@id\":\"https:\\\/\\\/ist.blogs.inrae.fr\\\/allenvi\\\/future-earth-2-jours-pour-forger-une-communaute\\\/#primaryimage\"},\"thumbnailUrl\":\"https:\\\/\\\/ist.blogs.inrae.fr\\\/allenvi\\\/wp-content\\\/uploads\\\/sites\\\/52\\\/2022\\\/07\\\/future-earth-days.jpg\",\"articleSection\":[\"Actualit\u00e9s\"],\"inLanguage\":\"fr-FR\"},{\"@type\":\"WebPage\",\"@id\":\"https:\\\/\\\/ist.blogs.inrae.fr\\\/allenvi\\\/future-earth-2-jours-pour-forger-une-communaute\\\/\",\"url\":\"https:\\\/\\\/ist.blogs.inrae.fr\\\/allenvi\\\/future-earth-2-jours-pour-forger-une-communaute\\\/\",\"name\":\"Future Earth : 2 jours pour forger une communaut\u00e9 - Alliance Allenvi\",\"isPartOf\":{\"@id\":\"https:\\\/\\\/ist.blogs.inrae.fr\\\/allenvi\\\/#website\"},\"primaryImageOfPage\":{\"@id\":\"https:\\\/\\\/ist.blogs.inrae.fr\\\/allenvi\\\/future-earth-2-jours-pour-forger-une-communaute\\\/#primaryimage\"},\"image\":{\"@id\":\"https:\\\/\\\/ist.blogs.inrae.fr\\\/allenvi\\\/future-earth-2-jours-pour-forger-une-communaute\\\/#primaryimage\"},\"thumbnailUrl\":\"https:\\\/\\\/ist.blogs.inrae.fr\\\/allenvi\\\/wp-content\\\/uploads\\\/sites\\\/52\\\/2022\\\/07\\\/future-earth-days.jpg\",\"datePublished\":\"2016-12-15T14:53:00+00:00\",\"dateModified\":\"2022-07-05T15:03:34+00:00\",\"author\":{\"@id\":\"https:\\\/\\\/ist.blogs.inrae.fr\\\/allenvi\\\/#\\\/schema\\\/person\\\/ffd88b01709e892b89bdb3e74a5216d0\"},\"breadcrumb\":{\"@id\":\"https:\\\/\\\/ist.blogs.inrae.fr\\\/allenvi\\\/future-earth-2-jours-pour-forger-une-communaute\\\/#breadcrumb\"},\"inLanguage\":\"fr-FR\",\"potentialAction\":[{\"@type\":\"ReadAction\",\"target\":[\"https:\\\/\\\/ist.blogs.inrae.fr\\\/allenvi\\\/future-earth-2-jours-pour-forger-une-communaute\\\/\"]}]},{\"@type\":\"ImageObject\",\"inLanguage\":\"fr-FR\",\"@id\":\"https:\\\/\\\/ist.blogs.inrae.fr\\\/allenvi\\\/future-earth-2-jours-pour-forger-une-communaute\\\/#primaryimage\",\"url\":\"https:\\\/\\\/ist.blogs.inrae.fr\\\/allenvi\\\/wp-content\\\/uploads\\\/sites\\\/52\\\/2022\\\/07\\\/future-earth-days.jpg\",\"contentUrl\":\"https:\\\/\\\/ist.blogs.inrae.fr\\\/allenvi\\\/wp-content\\\/uploads\\\/sites\\\/52\\\/2022\\\/07\\\/future-earth-days.jpg\",\"width\":597,\"height\":320},{\"@type\":\"BreadcrumbList\",\"@id\":\"https:\\\/\\\/ist.blogs.inrae.fr\\\/allenvi\\\/future-earth-2-jours-pour-forger-une-communaute\\\/#breadcrumb\",\"itemListElement\":[{\"@type\":\"ListItem\",\"position\":1,\"name\":\"Accueil\",\"item\":\"https:\\\/\\\/ist.blogs.inrae.fr\\\/allenvi\\\/\"},{\"@type\":\"ListItem\",\"position\":2,\"name\":\"Future Earth : 2 jours pour forger une communaut\u00e9\"}]},{\"@type\":\"WebSite\",\"@id\":\"https:\\\/\\\/ist.blogs.inrae.fr\\\/allenvi\\\/#website\",\"url\":\"https:\\\/\\\/ist.blogs.inrae.fr\\\/allenvi\\\/\",\"name\":\"Alliance Allenvi\",\"description\":\"\",\"potentialAction\":[{\"@type\":\"SearchAction\",\"target\":{\"@type\":\"EntryPoint\",\"urlTemplate\":\"https:\\\/\\\/ist.blogs.inrae.fr\\\/allenvi\\\/?s={search_term_string}\"},\"query-input\":{\"@type\":\"PropertyValueSpecification\",\"valueRequired\":true,\"valueName\":\"search_term_string\"}}],\"inLanguage\":\"fr-FR\"},{\"@type\":\"Person\",\"@id\":\"https:\\\/\\\/ist.blogs.inrae.fr\\\/allenvi\\\/#\\\/schema\\\/person\\\/ffd88b01709e892b89bdb3e74a5216d0\",\"name\":\"Sonya\",\"image\":{\"@type\":\"ImageObject\",\"inLanguage\":\"fr-FR\",\"@id\":\"https:\\\/\\\/secure.gravatar.com\\\/avatar\\\/c1b735e3106a434d078f2a829a0ca4731c3e2f746b44fc8c1a6dd118f1c87dce?s=96&d=mm&r=g\",\"url\":\"https:\\\/\\\/secure.gravatar.com\\\/avatar\\\/c1b735e3106a434d078f2a829a0ca4731c3e2f746b44fc8c1a6dd118f1c87dce?s=96&d=mm&r=g\",\"contentUrl\":\"https:\\\/\\\/secure.gravatar.com\\\/avatar\\\/c1b735e3106a434d078f2a829a0ca4731c3e2f746b44fc8c1a6dd118f1c87dce?s=96&d=mm&r=g\",\"caption\":\"Sonya\"},\"url\":\"https:\\\/\\\/ist.blogs.inrae.fr\\\/allenvi\\\/author\\\/sonya\\\/\"}]}<\/script>\n<!-- \/ Yoast SEO plugin. -->","yoast_head_json":{"title":"Future Earth : 2 jours pour forger une communaut\u00e9 - Alliance Allenvi","robots":{"index":"noindex","follow":"follow","max-snippet":"max-snippet:-1","max-image-preview":"max-image-preview:large","max-video-preview":"max-video-preview:-1"},"og_locale":"fr_FR","og_type":"article","og_title":"Future Earth : 2 jours pour forger une communaut\u00e9 - Alliance Allenvi","og_description":"Future Earth organisait deux jours de rencontres \u00e0 Paris les 30 novembre et 1er d\u00e9cembre. Toute la communaut\u00e9 des sciences de l\u2019environnement au sens large et du d\u00e9veloppement durable \u00e9tait convi\u00e9e \u00e0 ces journ\u00e9es. L\u2019ANR, le minist\u00e8re de l\u2019\u00c9ducation nationale, de l\u2019Enseignement sup\u00e9rieur et de la Recherche et AllEnvi organisaient les journ\u00e9es Future Earth. Ces [&hellip;]","og_url":"https:\/\/ist.blogs.inrae.fr\/allenvi\/future-earth-2-jours-pour-forger-une-communaute\/","og_site_name":"Alliance Allenvi","article_published_time":"2016-12-15T14:53:00+00:00","article_modified_time":"2022-07-05T15:03:34+00:00","og_image":[{"width":597,"height":320,"url":"https:\/\/ist.blogs.inrae.fr\/allenvi\/wp-content\/uploads\/sites\/52\/2022\/07\/future-earth-days.jpg","type":"image\/jpeg"}],"author":"Sonya","twitter_card":"summary_large_image","twitter_misc":{"\u00c9crit par":"Sonya","Dur\u00e9e de lecture estim\u00e9e":"2 minutes"},"schema":{"@context":"https:\/\/schema.org","@graph":[{"@type":"Article","@id":"https:\/\/ist.blogs.inrae.fr\/allenvi\/future-earth-2-jours-pour-forger-une-communaute\/#article","isPartOf":{"@id":"https:\/\/ist.blogs.inrae.fr\/allenvi\/future-earth-2-jours-pour-forger-une-communaute\/"},"author":{"name":"Sonya","@id":"https:\/\/ist.blogs.inrae.fr\/allenvi\/#\/schema\/person\/ffd88b01709e892b89bdb3e74a5216d0"},"headline":"Future Earth : 2 jours pour forger une communaut\u00e9","datePublished":"2016-12-15T14:53:00+00:00","dateModified":"2022-07-05T15:03:34+00:00","mainEntityOfPage":{"@id":"https:\/\/ist.blogs.inrae.fr\/allenvi\/future-earth-2-jours-pour-forger-une-communaute\/"},"wordCount":451,"image":{"@id":"https:\/\/ist.blogs.inrae.fr\/allenvi\/future-earth-2-jours-pour-forger-une-communaute\/#primaryimage"},"thumbnailUrl":"https:\/\/ist.blogs.inrae.fr\/allenvi\/wp-content\/uploads\/sites\/52\/2022\/07\/future-earth-days.jpg","articleSection":["Actualit\u00e9s"],"inLanguage":"fr-FR"},{"@type":"WebPage","@id":"https:\/\/ist.blogs.inrae.fr\/allenvi\/future-earth-2-jours-pour-forger-une-communaute\/","url":"https:\/\/ist.blogs.inrae.fr\/allenvi\/future-earth-2-jours-pour-forger-une-communaute\/","name":"Future Earth : 2 jours pour forger une communaut\u00e9 - Alliance Allenvi","isPartOf":{"@id":"https:\/\/ist.blogs.inrae.fr\/allenvi\/#website"},"primaryImageOfPage":{"@id":"https:\/\/ist.blogs.inrae.fr\/allenvi\/future-earth-2-jours-pour-forger-une-communaute\/#primaryimage"},"image":{"@id":"https:\/\/ist.blogs.inrae.fr\/allenvi\/future-earth-2-jours-pour-forger-une-communaute\/#primaryimage"},"thumbnailUrl":"https:\/\/ist.blogs.inrae.fr\/allenvi\/wp-content\/uploads\/sites\/52\/2022\/07\/future-earth-days.jpg","datePublished":"2016-12-15T14:53:00+00:00","dateModified":"2022-07-05T15:03:34+00:00","author":{"@id":"https:\/\/ist.blogs.inrae.fr\/allenvi\/#\/schema\/person\/ffd88b01709e892b89bdb3e74a5216d0"},"breadcrumb":{"@id":"https:\/\/ist.blogs.inrae.fr\/allenvi\/future-earth-2-jours-pour-forger-une-communaute\/#breadcrumb"},"inLanguage":"fr-FR","potentialAction":[{"@type":"ReadAction","target":["https:\/\/ist.blogs.inrae.fr\/allenvi\/future-earth-2-jours-pour-forger-une-communaute\/"]}]},{"@type":"ImageObject","inLanguage":"fr-FR","@id":"https:\/\/ist.blogs.inrae.fr\/allenvi\/future-earth-2-jours-pour-forger-une-communaute\/#primaryimage","url":"https:\/\/ist.blogs.inrae.fr\/allenvi\/wp-content\/uploads\/sites\/52\/2022\/07\/future-earth-days.jpg","contentUrl":"https:\/\/ist.blogs.inrae.fr\/allenvi\/wp-content\/uploads\/sites\/52\/2022\/07\/future-earth-days.jpg","width":597,"height":320},{"@type":"BreadcrumbList","@id":"https:\/\/ist.blogs.inrae.fr\/allenvi\/future-earth-2-jours-pour-forger-une-communaute\/#breadcrumb","itemListElement":[{"@type":"ListItem","position":1,"name":"Accueil","item":"https:\/\/ist.blogs.inrae.fr\/allenvi\/"},{"@type":"ListItem","position":2,"name":"Future Earth : 2 jours pour forger une communaut\u00e9"}]},{"@type":"WebSite","@id":"https:\/\/ist.blogs.inrae.fr\/allenvi\/#website","url":"https:\/\/ist.blogs.inrae.fr\/allenvi\/","name":"Alliance Allenvi","description":"","potentialAction":[{"@type":"SearchAction","target":{"@type":"EntryPoint","urlTemplate":"https:\/\/ist.blogs.inrae.fr\/allenvi\/?s={search_term_string}"},"query-input":{"@type":"PropertyValueSpecification","valueRequired":true,"valueName":"search_term_string"}}],"inLanguage":"fr-FR"},{"@type":"Person","@id":"https:\/\/ist.blogs.inrae.fr\/allenvi\/#\/schema\/person\/ffd88b01709e892b89bdb3e74a5216d0","name":"Sonya","image":{"@type":"ImageObject","inLanguage":"fr-FR","@id":"https:\/\/secure.gravatar.com\/avatar\/c1b735e3106a434d078f2a829a0ca4731c3e2f746b44fc8c1a6dd118f1c87dce?s=96&d=mm&r=g","url":"https:\/\/secure.gravatar.com\/avatar\/c1b735e3106a434d078f2a829a0ca4731c3e2f746b44fc8c1a6dd118f1c87dce?s=96&d=mm&r=g","contentUrl":"https:\/\/secure.gravatar.com\/avatar\/c1b735e3106a434d078f2a829a0ca4731c3e2f746b44fc8c1a6dd118f1c87dce?s=96&d=mm&r=g","caption":"Sonya"},"url":"https:\/\/ist.blogs.inrae.fr\/allenvi\/author\/sonya\/"}]}},"_links":{"self":[{"href":"https:\/\/ist.blogs.inrae.fr\/allenvi\/wp-json\/wp\/v2\/posts\/1866","targetHints":{"allow":["GET"]}}],"collection":[{"href":"https:\/\/ist.blogs.inrae.fr\/allenvi\/wp-json\/wp\/v2\/posts"}],"about":[{"href":"https:\/\/ist.blogs.inrae.fr\/allenvi\/wp-json\/wp\/v2\/types\/post"}],"author":[{"embeddable":true,"href":"https:\/\/ist.blogs.inrae.fr\/allenvi\/wp-json\/wp\/v2\/users\/199"}],"replies":[{"embeddable":true,"href":"https:\/\/ist.blogs.inrae.fr\/allenvi\/wp-json\/wp\/v2\/comments?post=1866"}],"version-history":[{"count":4,"href":"https:\/\/ist.blogs.inrae.fr\/allenvi\/wp-json\/wp\/v2\/posts\/1866\/revisions"}],"predecessor-version":[{"id":1874,"href":"https:\/\/ist.blogs.inrae.fr\/allenvi\/wp-json\/wp\/v2\/posts\/1866\/revisions\/1874"}],"wp:featuredmedia":[{"embeddable":true,"href":"https:\/\/ist.blogs.inrae.fr\/allenvi\/wp-json\/wp\/v2\/media\/9745"}],"wp:attachment":[{"href":"https:\/\/ist.blogs.inrae.fr\/allenvi\/wp-json\/wp\/v2\/media?parent=1866"}],"wp:term":[{"taxonomy":"category","embeddable":true,"href":"https:\/\/ist.blogs.inrae.fr\/allenvi\/wp-json\/wp\/v2\/categories?post=1866"},{"taxonomy":"post_tag","embeddable":true,"href":"https:\/\/ist.blogs.inrae.fr\/allenvi\/wp-json\/wp\/v2\/tags?post=1866"}],"curies":[{"name":"wp","href":"https:\/\/api.w.org\/{rel}","templated":true}]}}