{"id":1754,"date":"2017-03-20T14:28:00","date_gmt":"2017-03-20T14:28:00","guid":{"rendered":"https:\/\/www.allenvi.fr\/?p=1754"},"modified":"2022-07-05T15:00:08","modified_gmt":"2022-07-05T15:00:08","slug":"marchons-pour-les-sciences","status":"publish","type":"post","link":"https:\/\/ist.blogs.inrae.fr\/allenvi\/marchons-pour-les-sciences\/","title":{"rendered":"Marchons pour les sciences !"},"content":{"rendered":"\n<p>Le Conseil de l\u2019alliance s\u2019associe \u00e0 la Marche des sciences organis\u00e9e dans le monde entier le 22 avril prochain. Ces marches citoyennes ont pour but de d\u00e9fendre l\u2019importance primordiale pour la soci\u00e9t\u00e9 de la m\u00e9thode scientifique, bas\u00e9e sur l\u2019analyse rationnelle de faits, plut\u00f4t que sur des opinions ou des croyances.<\/p>\n\n\n\n<p>L\u2019initiative a \u00e9t\u00e9 lanc\u00e9e par des scientifiques am\u00e9ricains pour faire face \u00e0 \u00ab&nbsp;de nouvelles politiques (qui) menacent d\u2019entraver davantage la capacit\u00e9 des chercheurs de mener \u00e0 bien leurs recherches et de diffuser leurs r\u00e9sultats.&nbsp;\u00bb<\/p>\n\n\n\n<p>Les membres de conseil de l\u2019alliance soutiennent pleinement cette mobilisation devenue mondiale et invitent tous les citoyens \u00e0 y prendre part. Parce que les sciences sont un bien commun pour nos d\u00e9mocraties. Parce qu\u2019en produisant des connaissances et des solutions, elles sont absolument indispensables pour relever les grands d\u00e9fis de nos soci\u00e9t\u00e9s. Et cela est d\u2019autant plus pr\u00e9gnant pour les questions environnementales.<\/p>\n\n\n\n<p>Le 22 avril, jour de la terre, plus de 400 villes dans le monde marcheront pour la science&nbsp;!<\/p>\n\n\n\n<p><strong>Les membres du conseil d&rsquo;AllEnvi<\/strong><\/p>\n\n\n\n<ul class=\"wp-block-list\"><li><strong>Pierre Toulhoat<\/strong>, pr\u00e9sident du BRGM<\/li><li><strong>Daniel Verwaerde<\/strong>, administrateur g\u00e9n\u00e9ral du CEA<\/li><li><strong>Michel Eddi<\/strong>, pr\u00e9sident-directeur g\u00e9n\u00e9ral du Cirad<\/li><li><strong>Alain Fuchs<\/strong>, pr\u00e9sident du CNRS<\/li><li><strong>Gilles Roussel<\/strong>, pr\u00e9sident de la CPU<\/li><li><strong>Fran\u00e7ois Jacq<\/strong>, pr\u00e9sident-directeur g\u00e9n\u00e9ral de l&rsquo;Ifremer et pr\u00e9sident d&rsquo;AllEnvi<\/li><li><strong>H\u00e9l\u00e8ne Jacquot-Guimbal<\/strong>, directrice g\u00e9n\u00e9rale de l&rsquo;Ifsttar<\/li><li><strong>Mehdi Ghoreychi<\/strong>, directeur scientifique de l&rsquo;Ineris<\/li><li><strong>Philippe Mauguin<\/strong>, pr\u00e9sident-directeur g\u00e9n\u00e9ral de l&rsquo;Inra<\/li><li><strong>Nathalie Lemaitre<\/strong>, directrice scientifique de l&rsquo;IRSN<\/li><li><strong>Jean-Paul Moatti<\/strong>, pr\u00e9sident-directeur g\u00e9n\u00e9ral de l&rsquo;IRD<\/li><li><strong>Jean-Marc Bournigal<\/strong>, pr\u00e9sident d&rsquo;Irstea<\/li><li><strong>Jean-Marc Lacave<\/strong>, pr\u00e9sident-directeur g\u00e9n\u00e9ral de M\u00e9t\u00e9o France<\/li><li><strong>Bruno David<\/strong>, pr\u00e9sident du MNHN<\/li><\/ul>\n\n\n\n<div class=\"wp-block-file\"><a id=\"wp-block-file--media-4464ca84-508b-419b-9ed5-3a15e2244049\" href=\"https:\/\/ist.blogs.inrae.fr\/allenvi\/wp-content\/uploads\/sites\/52\/2017\/03\/Flyer-MPS-France.pdf\" target=\"_blank\" rel=\"noreferrer noopener\">Flyer-MPS-France<\/a><a href=\"https:\/\/ist.blogs.inrae.fr\/allenvi\/wp-content\/uploads\/sites\/52\/2017\/03\/Flyer-MPS-France.pdf\" class=\"wp-block-file__button\" download aria-describedby=\"wp-block-file--media-4464ca84-508b-419b-9ed5-3a15e2244049\">T\u00e9l\u00e9charger<\/a><\/div>\n","protected":false},"excerpt":{"rendered":"<p>Le Conseil de l\u2019alliance s\u2019associe \u00e0 la Marche des sciences organis\u00e9e dans le monde entier le 22 avril prochain. Ces marches citoyennes ont pour but de d\u00e9fendre l\u2019importance primordiale pour la soci\u00e9t\u00e9 de la m\u00e9thode scientifique, bas\u00e9e sur l\u2019analyse rationnelle de faits, plut\u00f4t que sur des opinions ou des croyances. L\u2019initiative a \u00e9t\u00e9 lanc\u00e9e par [&hellip;]<\/p>\n","protected":false},"author":199,"featured_media":9729,"comment_status":"closed","ping_status":"open","sticky":false,"template":"","format":"standard","meta":{"_et_pb_use_builder":"off","_et_pb_old_content":"","_et_gb_content_width":"","inline_featured_image":false,"footnotes":""},"categories":[22],"tags":[],"class_list":["post-1754","post","type-post","status-publish","format-standard","has-post-thumbnail","hentry","category-nos-actualites"],"yoast_head":"<!-- This site is optimized with the Yoast SEO plugin v27.4 - https:\/\/yoast.com\/product\/yoast-seo-wordpress\/ -->\n<title>Marchons pour les sciences ! - Alliance Allenvi<\/title>\n<meta name=\"robots\" content=\"noindex, follow, max-snippet:-1, max-image-preview:large, max-video-preview:-1\" \/>\n<meta property=\"og:locale\" content=\"fr_FR\" \/>\n<meta property=\"og:type\" content=\"article\" \/>\n<meta property=\"og:title\" content=\"Marchons pour les sciences ! - Alliance Allenvi\" \/>\n<meta property=\"og:description\" content=\"Le Conseil de l\u2019alliance s\u2019associe \u00e0 la Marche des sciences organis\u00e9e dans le monde entier le 22 avril prochain. Ces marches citoyennes ont pour but de d\u00e9fendre l\u2019importance primordiale pour la soci\u00e9t\u00e9 de la m\u00e9thode scientifique, bas\u00e9e sur l\u2019analyse rationnelle de faits, plut\u00f4t que sur des opinions ou des croyances. L\u2019initiative a \u00e9t\u00e9 lanc\u00e9e par [&hellip;]\" \/>\n<meta property=\"og:url\" content=\"https:\/\/ist.blogs.inrae.fr\/allenvi\/marchons-pour-les-sciences\/\" \/>\n<meta property=\"og:site_name\" content=\"Alliance Allenvi\" \/>\n<meta property=\"article:published_time\" content=\"2017-03-20T14:28:00+00:00\" \/>\n<meta property=\"article:modified_time\" content=\"2022-07-05T15:00:08+00:00\" \/>\n<meta property=\"og:image\" content=\"https:\/\/ist.blogs.inrae.fr\/allenvi\/wp-content\/uploads\/sites\/52\/2022\/07\/marche-pour-les-sciences.jpg\" \/>\n\t<meta property=\"og:image:width\" content=\"597\" \/>\n\t<meta property=\"og:image:height\" content=\"319\" \/>\n\t<meta property=\"og:image:type\" content=\"image\/jpeg\" \/>\n<meta name=\"author\" content=\"Sonya\" \/>\n<meta name=\"twitter:card\" content=\"summary_large_image\" \/>\n<meta name=\"twitter:label1\" content=\"\u00c9crit par\" \/>\n\t<meta name=\"twitter:data1\" content=\"Sonya\" \/>\n\t<meta name=\"twitter:label2\" content=\"Dur\u00e9e de lecture estim\u00e9e\" \/>\n\t<meta name=\"twitter:data2\" content=\"2 minutes\" \/>\n<script type=\"application\/ld+json\" class=\"yoast-schema-graph\">{\"@context\":\"https:\\\/\\\/schema.org\",\"@graph\":[{\"@type\":\"Article\",\"@id\":\"https:\\\/\\\/ist.blogs.inrae.fr\\\/allenvi\\\/marchons-pour-les-sciences\\\/#article\",\"isPartOf\":{\"@id\":\"https:\\\/\\\/ist.blogs.inrae.fr\\\/allenvi\\\/marchons-pour-les-sciences\\\/\"},\"author\":{\"name\":\"Sonya\",\"@id\":\"https:\\\/\\\/ist.blogs.inrae.fr\\\/allenvi\\\/#\\\/schema\\\/person\\\/ffd88b01709e892b89bdb3e74a5216d0\"},\"headline\":\"Marchons pour les sciences !\",\"datePublished\":\"2017-03-20T14:28:00+00:00\",\"dateModified\":\"2022-07-05T15:00:08+00:00\",\"mainEntityOfPage\":{\"@id\":\"https:\\\/\\\/ist.blogs.inrae.fr\\\/allenvi\\\/marchons-pour-les-sciences\\\/\"},\"wordCount\":318,\"image\":{\"@id\":\"https:\\\/\\\/ist.blogs.inrae.fr\\\/allenvi\\\/marchons-pour-les-sciences\\\/#primaryimage\"},\"thumbnailUrl\":\"https:\\\/\\\/ist.blogs.inrae.fr\\\/allenvi\\\/wp-content\\\/uploads\\\/sites\\\/52\\\/2022\\\/07\\\/marche-pour-les-sciences.jpg\",\"articleSection\":[\"Actualit\u00e9s\"],\"inLanguage\":\"fr-FR\"},{\"@type\":\"WebPage\",\"@id\":\"https:\\\/\\\/ist.blogs.inrae.fr\\\/allenvi\\\/marchons-pour-les-sciences\\\/\",\"url\":\"https:\\\/\\\/ist.blogs.inrae.fr\\\/allenvi\\\/marchons-pour-les-sciences\\\/\",\"name\":\"Marchons pour les sciences ! - Alliance Allenvi\",\"isPartOf\":{\"@id\":\"https:\\\/\\\/ist.blogs.inrae.fr\\\/allenvi\\\/#website\"},\"primaryImageOfPage\":{\"@id\":\"https:\\\/\\\/ist.blogs.inrae.fr\\\/allenvi\\\/marchons-pour-les-sciences\\\/#primaryimage\"},\"image\":{\"@id\":\"https:\\\/\\\/ist.blogs.inrae.fr\\\/allenvi\\\/marchons-pour-les-sciences\\\/#primaryimage\"},\"thumbnailUrl\":\"https:\\\/\\\/ist.blogs.inrae.fr\\\/allenvi\\\/wp-content\\\/uploads\\\/sites\\\/52\\\/2022\\\/07\\\/marche-pour-les-sciences.jpg\",\"datePublished\":\"2017-03-20T14:28:00+00:00\",\"dateModified\":\"2022-07-05T15:00:08+00:00\",\"author\":{\"@id\":\"https:\\\/\\\/ist.blogs.inrae.fr\\\/allenvi\\\/#\\\/schema\\\/person\\\/ffd88b01709e892b89bdb3e74a5216d0\"},\"breadcrumb\":{\"@id\":\"https:\\\/\\\/ist.blogs.inrae.fr\\\/allenvi\\\/marchons-pour-les-sciences\\\/#breadcrumb\"},\"inLanguage\":\"fr-FR\",\"potentialAction\":[{\"@type\":\"ReadAction\",\"target\":[\"https:\\\/\\\/ist.blogs.inrae.fr\\\/allenvi\\\/marchons-pour-les-sciences\\\/\"]}]},{\"@type\":\"ImageObject\",\"inLanguage\":\"fr-FR\",\"@id\":\"https:\\\/\\\/ist.blogs.inrae.fr\\\/allenvi\\\/marchons-pour-les-sciences\\\/#primaryimage\",\"url\":\"https:\\\/\\\/ist.blogs.inrae.fr\\\/allenvi\\\/wp-content\\\/uploads\\\/sites\\\/52\\\/2022\\\/07\\\/marche-pour-les-sciences.jpg\",\"contentUrl\":\"https:\\\/\\\/ist.blogs.inrae.fr\\\/allenvi\\\/wp-content\\\/uploads\\\/sites\\\/52\\\/2022\\\/07\\\/marche-pour-les-sciences.jpg\",\"width\":597,\"height\":319},{\"@type\":\"BreadcrumbList\",\"@id\":\"https:\\\/\\\/ist.blogs.inrae.fr\\\/allenvi\\\/marchons-pour-les-sciences\\\/#breadcrumb\",\"itemListElement\":[{\"@type\":\"ListItem\",\"position\":1,\"name\":\"Accueil\",\"item\":\"https:\\\/\\\/ist.blogs.inrae.fr\\\/allenvi\\\/\"},{\"@type\":\"ListItem\",\"position\":2,\"name\":\"Marchons pour les sciences !\"}]},{\"@type\":\"WebSite\",\"@id\":\"https:\\\/\\\/ist.blogs.inrae.fr\\\/allenvi\\\/#website\",\"url\":\"https:\\\/\\\/ist.blogs.inrae.fr\\\/allenvi\\\/\",\"name\":\"Alliance Allenvi\",\"description\":\"\",\"potentialAction\":[{\"@type\":\"SearchAction\",\"target\":{\"@type\":\"EntryPoint\",\"urlTemplate\":\"https:\\\/\\\/ist.blogs.inrae.fr\\\/allenvi\\\/?s={search_term_string}\"},\"query-input\":{\"@type\":\"PropertyValueSpecification\",\"valueRequired\":true,\"valueName\":\"search_term_string\"}}],\"inLanguage\":\"fr-FR\"},{\"@type\":\"Person\",\"@id\":\"https:\\\/\\\/ist.blogs.inrae.fr\\\/allenvi\\\/#\\\/schema\\\/person\\\/ffd88b01709e892b89bdb3e74a5216d0\",\"name\":\"Sonya\",\"image\":{\"@type\":\"ImageObject\",\"inLanguage\":\"fr-FR\",\"@id\":\"https:\\\/\\\/secure.gravatar.com\\\/avatar\\\/c1b735e3106a434d078f2a829a0ca4731c3e2f746b44fc8c1a6dd118f1c87dce?s=96&d=mm&r=g\",\"url\":\"https:\\\/\\\/secure.gravatar.com\\\/avatar\\\/c1b735e3106a434d078f2a829a0ca4731c3e2f746b44fc8c1a6dd118f1c87dce?s=96&d=mm&r=g\",\"contentUrl\":\"https:\\\/\\\/secure.gravatar.com\\\/avatar\\\/c1b735e3106a434d078f2a829a0ca4731c3e2f746b44fc8c1a6dd118f1c87dce?s=96&d=mm&r=g\",\"caption\":\"Sonya\"},\"url\":\"https:\\\/\\\/ist.blogs.inrae.fr\\\/allenvi\\\/author\\\/sonya\\\/\"}]}<\/script>\n<!-- \/ Yoast SEO plugin. -->","yoast_head_json":{"title":"Marchons pour les sciences ! - Alliance Allenvi","robots":{"index":"noindex","follow":"follow","max-snippet":"max-snippet:-1","max-image-preview":"max-image-preview:large","max-video-preview":"max-video-preview:-1"},"og_locale":"fr_FR","og_type":"article","og_title":"Marchons pour les sciences ! - Alliance Allenvi","og_description":"Le Conseil de l\u2019alliance s\u2019associe \u00e0 la Marche des sciences organis\u00e9e dans le monde entier le 22 avril prochain. Ces marches citoyennes ont pour but de d\u00e9fendre l\u2019importance primordiale pour la soci\u00e9t\u00e9 de la m\u00e9thode scientifique, bas\u00e9e sur l\u2019analyse rationnelle de faits, plut\u00f4t que sur des opinions ou des croyances. L\u2019initiative a \u00e9t\u00e9 lanc\u00e9e par [&hellip;]","og_url":"https:\/\/ist.blogs.inrae.fr\/allenvi\/marchons-pour-les-sciences\/","og_site_name":"Alliance Allenvi","article_published_time":"2017-03-20T14:28:00+00:00","article_modified_time":"2022-07-05T15:00:08+00:00","og_image":[{"width":597,"height":319,"url":"https:\/\/ist.blogs.inrae.fr\/allenvi\/wp-content\/uploads\/sites\/52\/2022\/07\/marche-pour-les-sciences.jpg","type":"image\/jpeg"}],"author":"Sonya","twitter_card":"summary_large_image","twitter_misc":{"\u00c9crit par":"Sonya","Dur\u00e9e de lecture estim\u00e9e":"2 minutes"},"schema":{"@context":"https:\/\/schema.org","@graph":[{"@type":"Article","@id":"https:\/\/ist.blogs.inrae.fr\/allenvi\/marchons-pour-les-sciences\/#article","isPartOf":{"@id":"https:\/\/ist.blogs.inrae.fr\/allenvi\/marchons-pour-les-sciences\/"},"author":{"name":"Sonya","@id":"https:\/\/ist.blogs.inrae.fr\/allenvi\/#\/schema\/person\/ffd88b01709e892b89bdb3e74a5216d0"},"headline":"Marchons pour les sciences !","datePublished":"2017-03-20T14:28:00+00:00","dateModified":"2022-07-05T15:00:08+00:00","mainEntityOfPage":{"@id":"https:\/\/ist.blogs.inrae.fr\/allenvi\/marchons-pour-les-sciences\/"},"wordCount":318,"image":{"@id":"https:\/\/ist.blogs.inrae.fr\/allenvi\/marchons-pour-les-sciences\/#primaryimage"},"thumbnailUrl":"https:\/\/ist.blogs.inrae.fr\/allenvi\/wp-content\/uploads\/sites\/52\/2022\/07\/marche-pour-les-sciences.jpg","articleSection":["Actualit\u00e9s"],"inLanguage":"fr-FR"},{"@type":"WebPage","@id":"https:\/\/ist.blogs.inrae.fr\/allenvi\/marchons-pour-les-sciences\/","url":"https:\/\/ist.blogs.inrae.fr\/allenvi\/marchons-pour-les-sciences\/","name":"Marchons pour les sciences ! - Alliance Allenvi","isPartOf":{"@id":"https:\/\/ist.blogs.inrae.fr\/allenvi\/#website"},"primaryImageOfPage":{"@id":"https:\/\/ist.blogs.inrae.fr\/allenvi\/marchons-pour-les-sciences\/#primaryimage"},"image":{"@id":"https:\/\/ist.blogs.inrae.fr\/allenvi\/marchons-pour-les-sciences\/#primaryimage"},"thumbnailUrl":"https:\/\/ist.blogs.inrae.fr\/allenvi\/wp-content\/uploads\/sites\/52\/2022\/07\/marche-pour-les-sciences.jpg","datePublished":"2017-03-20T14:28:00+00:00","dateModified":"2022-07-05T15:00:08+00:00","author":{"@id":"https:\/\/ist.blogs.inrae.fr\/allenvi\/#\/schema\/person\/ffd88b01709e892b89bdb3e74a5216d0"},"breadcrumb":{"@id":"https:\/\/ist.blogs.inrae.fr\/allenvi\/marchons-pour-les-sciences\/#breadcrumb"},"inLanguage":"fr-FR","potentialAction":[{"@type":"ReadAction","target":["https:\/\/ist.blogs.inrae.fr\/allenvi\/marchons-pour-les-sciences\/"]}]},{"@type":"ImageObject","inLanguage":"fr-FR","@id":"https:\/\/ist.blogs.inrae.fr\/allenvi\/marchons-pour-les-sciences\/#primaryimage","url":"https:\/\/ist.blogs.inrae.fr\/allenvi\/wp-content\/uploads\/sites\/52\/2022\/07\/marche-pour-les-sciences.jpg","contentUrl":"https:\/\/ist.blogs.inrae.fr\/allenvi\/wp-content\/uploads\/sites\/52\/2022\/07\/marche-pour-les-sciences.jpg","width":597,"height":319},{"@type":"BreadcrumbList","@id":"https:\/\/ist.blogs.inrae.fr\/allenvi\/marchons-pour-les-sciences\/#breadcrumb","itemListElement":[{"@type":"ListItem","position":1,"name":"Accueil","item":"https:\/\/ist.blogs.inrae.fr\/allenvi\/"},{"@type":"ListItem","position":2,"name":"Marchons pour les sciences !"}]},{"@type":"WebSite","@id":"https:\/\/ist.blogs.inrae.fr\/allenvi\/#website","url":"https:\/\/ist.blogs.inrae.fr\/allenvi\/","name":"Alliance Allenvi","description":"","potentialAction":[{"@type":"SearchAction","target":{"@type":"EntryPoint","urlTemplate":"https:\/\/ist.blogs.inrae.fr\/allenvi\/?s={search_term_string}"},"query-input":{"@type":"PropertyValueSpecification","valueRequired":true,"valueName":"search_term_string"}}],"inLanguage":"fr-FR"},{"@type":"Person","@id":"https:\/\/ist.blogs.inrae.fr\/allenvi\/#\/schema\/person\/ffd88b01709e892b89bdb3e74a5216d0","name":"Sonya","image":{"@type":"ImageObject","inLanguage":"fr-FR","@id":"https:\/\/secure.gravatar.com\/avatar\/c1b735e3106a434d078f2a829a0ca4731c3e2f746b44fc8c1a6dd118f1c87dce?s=96&d=mm&r=g","url":"https:\/\/secure.gravatar.com\/avatar\/c1b735e3106a434d078f2a829a0ca4731c3e2f746b44fc8c1a6dd118f1c87dce?s=96&d=mm&r=g","contentUrl":"https:\/\/secure.gravatar.com\/avatar\/c1b735e3106a434d078f2a829a0ca4731c3e2f746b44fc8c1a6dd118f1c87dce?s=96&d=mm&r=g","caption":"Sonya"},"url":"https:\/\/ist.blogs.inrae.fr\/allenvi\/author\/sonya\/"}]}},"_links":{"self":[{"href":"https:\/\/ist.blogs.inrae.fr\/allenvi\/wp-json\/wp\/v2\/posts\/1754","targetHints":{"allow":["GET"]}}],"collection":[{"href":"https:\/\/ist.blogs.inrae.fr\/allenvi\/wp-json\/wp\/v2\/posts"}],"about":[{"href":"https:\/\/ist.blogs.inrae.fr\/allenvi\/wp-json\/wp\/v2\/types\/post"}],"author":[{"embeddable":true,"href":"https:\/\/ist.blogs.inrae.fr\/allenvi\/wp-json\/wp\/v2\/users\/199"}],"replies":[{"embeddable":true,"href":"https:\/\/ist.blogs.inrae.fr\/allenvi\/wp-json\/wp\/v2\/comments?post=1754"}],"version-history":[{"count":3,"href":"https:\/\/ist.blogs.inrae.fr\/allenvi\/wp-json\/wp\/v2\/posts\/1754\/revisions"}],"predecessor-version":[{"id":1762,"href":"https:\/\/ist.blogs.inrae.fr\/allenvi\/wp-json\/wp\/v2\/posts\/1754\/revisions\/1762"}],"wp:featuredmedia":[{"embeddable":true,"href":"https:\/\/ist.blogs.inrae.fr\/allenvi\/wp-json\/wp\/v2\/media\/9729"}],"wp:attachment":[{"href":"https:\/\/ist.blogs.inrae.fr\/allenvi\/wp-json\/wp\/v2\/media?parent=1754"}],"wp:term":[{"taxonomy":"category","embeddable":true,"href":"https:\/\/ist.blogs.inrae.fr\/allenvi\/wp-json\/wp\/v2\/categories?post=1754"},{"taxonomy":"post_tag","embeddable":true,"href":"https:\/\/ist.blogs.inrae.fr\/allenvi\/wp-json\/wp\/v2\/tags?post=1754"}],"curies":[{"name":"wp","href":"https:\/\/api.w.org\/{rel}","templated":true}]}}