{"id":10088,"date":"2011-04-26T13:27:00","date_gmt":"2011-04-26T13:27:00","guid":{"rendered":"https:\/\/www.allenvi.fr\/?p=10088"},"modified":"2022-07-06T13:36:40","modified_gmt":"2022-07-06T13:36:40","slug":"allenvi-a-remis-ses-propositions-de-programmation-2012-a-lanr","status":"publish","type":"post","link":"https:\/\/ist.blogs.inrae.fr\/allenvi\/allenvi-a-remis-ses-propositions-de-programmation-2012-a-lanr\/","title":{"rendered":"AllEnvi a remis ses propositions de programmation 2012 \u00e0 l\u2019ANR"},"content":{"rendered":"\n<p>Le 23 mars dernier, l\u2019Alliance nationale de recherche pour l\u2019environnement AllEnvi remettait \u00e0 l\u2019Agence nationale pour la recherche (ANR) ses propositions et priorit\u00e9s de programmation pour 2012.<\/p>\n\n\n\n<p>Dans sa lettre \u00e0 l\u2019ANR, l\u2019alliance fait \u00e0 l\u2019agence trois types de recommandation : r\u00e9orientation de programme existants, identification de lacunes \u00e0 combler dans les interfaces entre grands domaines scientifiques, priorit\u00e9s en mati\u00e8re de nouveaux appels \u00e0 projets th\u00e9matiques, avec une vision prospective au-del\u00e0 de 2012.<\/p>\n\n\n\n<p>Parmi les nouveaux programmes \u00e0 lancer, trois domaines de recherche sont affich\u00e9s comme&nbsp; prioritaires par l\u2019Alliance :<\/p>\n\n\n\n<p>&#8211;&nbsp;&nbsp;&nbsp;&nbsp;&nbsp;&nbsp;&nbsp;&nbsp;&nbsp; les <strong>risques environnementaux<\/strong> naturels et anthropiques : pr\u00e9vention, pr\u00e9vision, sensibilit\u00e9s locales aux risques, vuln\u00e9rabilit\u00e9 des zones expos\u00e9es ;<\/p>\n\n\n\n<p>&#8211;&nbsp;&nbsp;&nbsp;&nbsp;&nbsp;&nbsp;&nbsp;&nbsp;&nbsp; le <strong>fonctionnement des \u00e9cosyst\u00e8mes<\/strong> en relation avec leur biodiversit\u00e9, avec une attention particuli\u00e8re aux cycles biog\u00e9ochimiques, aux services \u00e9cosyst\u00e9miques et \u00e0 leur valorisation par les soci\u00e9t\u00e9s humaines&nbsp;;<\/p>\n\n\n\n<p>&#8211;&nbsp;&nbsp;&nbsp;&nbsp;&nbsp;&nbsp;&nbsp;&nbsp;&nbsp; la capacit\u00e9 de <strong>pr\u00e9vision du climat aux \u00e9chelles de temps interm\u00e9diaires<\/strong> o\u00f9 se fondent les d\u00e9cisions de d\u00e9veloppement (\u00e9nergie, transport, ville, agriculture\u2026).<\/p>\n\n\n\n<p>L\u2019alliance propose \u00e9galement de lancer deux nouveaux ateliers de r\u00e9flexion prospective (ARP) sur les th\u00e8mes &nbsp;\u00ab&nbsp;sols et s\u00e9diments&nbsp;\u00bb et \u00ab&nbsp;biblioth\u00e8que du vivant&nbsp;\u00bb.<\/p>\n\n\n\n<p>Enfin, AllEnvi recommande de renforcer l\u2019interdisciplinarit\u00e9 au sein des programmes blancs et la construction de projets en relation avec les grands centres internationaux.<\/p>\n\n\n\n<p>Ces propositions sont issues des travaux des douze groupes th\u00e9matiques de l\u2019Alliance,&nbsp; r\u00e9unissant 250 chercheurs experts choisis au sein des \u00e9tablissements de recherche et d\u2019enseignement sup\u00e9rieur membres de l\u2019Alliance.<\/p>\n","protected":false},"excerpt":{"rendered":"<p>Le 23 mars dernier, l\u2019Alliance nationale de recherche pour l\u2019environnement AllEnvi remettait \u00e0 l\u2019Agence nationale pour la recherche (ANR) ses propositions et priorit\u00e9s de programmation pour 2012. Dans sa lettre \u00e0 l\u2019ANR, l\u2019alliance fait \u00e0 l\u2019agence trois types de recommandation : r\u00e9orientation de programme existants, identification de lacunes \u00e0 combler dans les interfaces entre grands [&hellip;]<\/p>\n","protected":false},"author":199,"featured_media":8077,"comment_status":"closed","ping_status":"open","sticky":false,"template":"","format":"standard","meta":{"_et_pb_use_builder":"off","_et_pb_old_content":"","_et_gb_content_width":"","inline_featured_image":false,"footnotes":""},"categories":[22],"tags":[],"class_list":["post-10088","post","type-post","status-publish","format-standard","has-post-thumbnail","hentry","category-nos-actualites"],"yoast_head":"<!-- This site is optimized with the Yoast SEO plugin v27.4 - https:\/\/yoast.com\/product\/yoast-seo-wordpress\/ -->\n<title>AllEnvi a remis ses propositions de programmation 2012 \u00e0 l\u2019ANR - Alliance Allenvi<\/title>\n<meta name=\"robots\" content=\"noindex, follow, max-snippet:-1, max-image-preview:large, max-video-preview:-1\" \/>\n<meta property=\"og:locale\" content=\"fr_FR\" \/>\n<meta property=\"og:type\" content=\"article\" \/>\n<meta property=\"og:title\" content=\"AllEnvi a remis ses propositions de programmation 2012 \u00e0 l\u2019ANR - Alliance Allenvi\" \/>\n<meta property=\"og:description\" content=\"Le 23 mars dernier, l\u2019Alliance nationale de recherche pour l\u2019environnement AllEnvi remettait \u00e0 l\u2019Agence nationale pour la recherche (ANR) ses propositions et priorit\u00e9s de programmation pour 2012. Dans sa lettre \u00e0 l\u2019ANR, l\u2019alliance fait \u00e0 l\u2019agence trois types de recommandation : r\u00e9orientation de programme existants, identification de lacunes \u00e0 combler dans les interfaces entre grands [&hellip;]\" \/>\n<meta property=\"og:url\" content=\"https:\/\/ist.blogs.inrae.fr\/allenvi\/allenvi-a-remis-ses-propositions-de-programmation-2012-a-lanr\/\" \/>\n<meta property=\"og:site_name\" content=\"Alliance Allenvi\" \/>\n<meta property=\"article:published_time\" content=\"2011-04-26T13:27:00+00:00\" \/>\n<meta property=\"article:modified_time\" content=\"2022-07-06T13:36:40+00:00\" \/>\n<meta property=\"og:image\" content=\"https:\/\/ist.blogs.inrae.fr\/allenvi\/wp-content\/uploads\/sites\/52\/2021\/06\/Visuel-ge\u0301ne\u0301rique.jpg\" \/>\n\t<meta property=\"og:image:width\" content=\"900\" \/>\n\t<meta property=\"og:image:height\" content=\"424\" \/>\n\t<meta property=\"og:image:type\" content=\"image\/jpeg\" \/>\n<meta name=\"author\" content=\"Sonya\" \/>\n<meta name=\"twitter:card\" content=\"summary_large_image\" \/>\n<meta name=\"twitter:label1\" content=\"\u00c9crit par\" \/>\n\t<meta name=\"twitter:data1\" content=\"Sonya\" \/>\n\t<meta name=\"twitter:label2\" content=\"Dur\u00e9e de lecture estim\u00e9e\" \/>\n\t<meta name=\"twitter:data2\" content=\"2 minutes\" \/>\n<script type=\"application\/ld+json\" class=\"yoast-schema-graph\">{\"@context\":\"https:\\\/\\\/schema.org\",\"@graph\":[{\"@type\":\"Article\",\"@id\":\"https:\\\/\\\/ist.blogs.inrae.fr\\\/allenvi\\\/allenvi-a-remis-ses-propositions-de-programmation-2012-a-lanr\\\/#article\",\"isPartOf\":{\"@id\":\"https:\\\/\\\/ist.blogs.inrae.fr\\\/allenvi\\\/allenvi-a-remis-ses-propositions-de-programmation-2012-a-lanr\\\/\"},\"author\":{\"name\":\"Sonya\",\"@id\":\"https:\\\/\\\/ist.blogs.inrae.fr\\\/allenvi\\\/#\\\/schema\\\/person\\\/ffd88b01709e892b89bdb3e74a5216d0\"},\"headline\":\"AllEnvi a remis ses propositions de programmation 2012 \u00e0 l\u2019ANR\",\"datePublished\":\"2011-04-26T13:27:00+00:00\",\"dateModified\":\"2022-07-06T13:36:40+00:00\",\"mainEntityOfPage\":{\"@id\":\"https:\\\/\\\/ist.blogs.inrae.fr\\\/allenvi\\\/allenvi-a-remis-ses-propositions-de-programmation-2012-a-lanr\\\/\"},\"wordCount\":303,\"image\":{\"@id\":\"https:\\\/\\\/ist.blogs.inrae.fr\\\/allenvi\\\/allenvi-a-remis-ses-propositions-de-programmation-2012-a-lanr\\\/#primaryimage\"},\"thumbnailUrl\":\"https:\\\/\\\/ist.blogs.inrae.fr\\\/allenvi\\\/wp-content\\\/uploads\\\/sites\\\/52\\\/2021\\\/06\\\/Visuel-ge\u0301ne\u0301rique.jpg\",\"articleSection\":[\"Actualit\u00e9s\"],\"inLanguage\":\"fr-FR\"},{\"@type\":\"WebPage\",\"@id\":\"https:\\\/\\\/ist.blogs.inrae.fr\\\/allenvi\\\/allenvi-a-remis-ses-propositions-de-programmation-2012-a-lanr\\\/\",\"url\":\"https:\\\/\\\/ist.blogs.inrae.fr\\\/allenvi\\\/allenvi-a-remis-ses-propositions-de-programmation-2012-a-lanr\\\/\",\"name\":\"AllEnvi a remis ses propositions de programmation 2012 \u00e0 l\u2019ANR - Alliance Allenvi\",\"isPartOf\":{\"@id\":\"https:\\\/\\\/ist.blogs.inrae.fr\\\/allenvi\\\/#website\"},\"primaryImageOfPage\":{\"@id\":\"https:\\\/\\\/ist.blogs.inrae.fr\\\/allenvi\\\/allenvi-a-remis-ses-propositions-de-programmation-2012-a-lanr\\\/#primaryimage\"},\"image\":{\"@id\":\"https:\\\/\\\/ist.blogs.inrae.fr\\\/allenvi\\\/allenvi-a-remis-ses-propositions-de-programmation-2012-a-lanr\\\/#primaryimage\"},\"thumbnailUrl\":\"https:\\\/\\\/ist.blogs.inrae.fr\\\/allenvi\\\/wp-content\\\/uploads\\\/sites\\\/52\\\/2021\\\/06\\\/Visuel-ge\u0301ne\u0301rique.jpg\",\"datePublished\":\"2011-04-26T13:27:00+00:00\",\"dateModified\":\"2022-07-06T13:36:40+00:00\",\"author\":{\"@id\":\"https:\\\/\\\/ist.blogs.inrae.fr\\\/allenvi\\\/#\\\/schema\\\/person\\\/ffd88b01709e892b89bdb3e74a5216d0\"},\"breadcrumb\":{\"@id\":\"https:\\\/\\\/ist.blogs.inrae.fr\\\/allenvi\\\/allenvi-a-remis-ses-propositions-de-programmation-2012-a-lanr\\\/#breadcrumb\"},\"inLanguage\":\"fr-FR\",\"potentialAction\":[{\"@type\":\"ReadAction\",\"target\":[\"https:\\\/\\\/ist.blogs.inrae.fr\\\/allenvi\\\/allenvi-a-remis-ses-propositions-de-programmation-2012-a-lanr\\\/\"]}]},{\"@type\":\"ImageObject\",\"inLanguage\":\"fr-FR\",\"@id\":\"https:\\\/\\\/ist.blogs.inrae.fr\\\/allenvi\\\/allenvi-a-remis-ses-propositions-de-programmation-2012-a-lanr\\\/#primaryimage\",\"url\":\"https:\\\/\\\/ist.blogs.inrae.fr\\\/allenvi\\\/wp-content\\\/uploads\\\/sites\\\/52\\\/2021\\\/06\\\/Visuel-ge\u0301ne\u0301rique.jpg\",\"contentUrl\":\"https:\\\/\\\/ist.blogs.inrae.fr\\\/allenvi\\\/wp-content\\\/uploads\\\/sites\\\/52\\\/2021\\\/06\\\/Visuel-ge\u0301ne\u0301rique.jpg\",\"width\":900,\"height\":424},{\"@type\":\"BreadcrumbList\",\"@id\":\"https:\\\/\\\/ist.blogs.inrae.fr\\\/allenvi\\\/allenvi-a-remis-ses-propositions-de-programmation-2012-a-lanr\\\/#breadcrumb\",\"itemListElement\":[{\"@type\":\"ListItem\",\"position\":1,\"name\":\"Accueil\",\"item\":\"https:\\\/\\\/ist.blogs.inrae.fr\\\/allenvi\\\/\"},{\"@type\":\"ListItem\",\"position\":2,\"name\":\"AllEnvi a remis ses propositions de programmation 2012 \u00e0 l\u2019ANR\"}]},{\"@type\":\"WebSite\",\"@id\":\"https:\\\/\\\/ist.blogs.inrae.fr\\\/allenvi\\\/#website\",\"url\":\"https:\\\/\\\/ist.blogs.inrae.fr\\\/allenvi\\\/\",\"name\":\"Alliance Allenvi\",\"description\":\"\",\"potentialAction\":[{\"@type\":\"SearchAction\",\"target\":{\"@type\":\"EntryPoint\",\"urlTemplate\":\"https:\\\/\\\/ist.blogs.inrae.fr\\\/allenvi\\\/?s={search_term_string}\"},\"query-input\":{\"@type\":\"PropertyValueSpecification\",\"valueRequired\":true,\"valueName\":\"search_term_string\"}}],\"inLanguage\":\"fr-FR\"},{\"@type\":\"Person\",\"@id\":\"https:\\\/\\\/ist.blogs.inrae.fr\\\/allenvi\\\/#\\\/schema\\\/person\\\/ffd88b01709e892b89bdb3e74a5216d0\",\"name\":\"Sonya\",\"image\":{\"@type\":\"ImageObject\",\"inLanguage\":\"fr-FR\",\"@id\":\"https:\\\/\\\/secure.gravatar.com\\\/avatar\\\/c1b735e3106a434d078f2a829a0ca4731c3e2f746b44fc8c1a6dd118f1c87dce?s=96&d=mm&r=g\",\"url\":\"https:\\\/\\\/secure.gravatar.com\\\/avatar\\\/c1b735e3106a434d078f2a829a0ca4731c3e2f746b44fc8c1a6dd118f1c87dce?s=96&d=mm&r=g\",\"contentUrl\":\"https:\\\/\\\/secure.gravatar.com\\\/avatar\\\/c1b735e3106a434d078f2a829a0ca4731c3e2f746b44fc8c1a6dd118f1c87dce?s=96&d=mm&r=g\",\"caption\":\"Sonya\"},\"url\":\"https:\\\/\\\/ist.blogs.inrae.fr\\\/allenvi\\\/author\\\/sonya\\\/\"}]}<\/script>\n<!-- \/ Yoast SEO plugin. -->","yoast_head_json":{"title":"AllEnvi a remis ses propositions de programmation 2012 \u00e0 l\u2019ANR - Alliance Allenvi","robots":{"index":"noindex","follow":"follow","max-snippet":"max-snippet:-1","max-image-preview":"max-image-preview:large","max-video-preview":"max-video-preview:-1"},"og_locale":"fr_FR","og_type":"article","og_title":"AllEnvi a remis ses propositions de programmation 2012 \u00e0 l\u2019ANR - Alliance Allenvi","og_description":"Le 23 mars dernier, l\u2019Alliance nationale de recherche pour l\u2019environnement AllEnvi remettait \u00e0 l\u2019Agence nationale pour la recherche (ANR) ses propositions et priorit\u00e9s de programmation pour 2012. Dans sa lettre \u00e0 l\u2019ANR, l\u2019alliance fait \u00e0 l\u2019agence trois types de recommandation : r\u00e9orientation de programme existants, identification de lacunes \u00e0 combler dans les interfaces entre grands [&hellip;]","og_url":"https:\/\/ist.blogs.inrae.fr\/allenvi\/allenvi-a-remis-ses-propositions-de-programmation-2012-a-lanr\/","og_site_name":"Alliance Allenvi","article_published_time":"2011-04-26T13:27:00+00:00","article_modified_time":"2022-07-06T13:36:40+00:00","og_image":[{"width":900,"height":424,"url":"https:\/\/ist.blogs.inrae.fr\/allenvi\/wp-content\/uploads\/sites\/52\/2021\/06\/Visuel-ge\u0301ne\u0301rique.jpg","type":"image\/jpeg"}],"author":"Sonya","twitter_card":"summary_large_image","twitter_misc":{"\u00c9crit par":"Sonya","Dur\u00e9e de lecture estim\u00e9e":"2 minutes"},"schema":{"@context":"https:\/\/schema.org","@graph":[{"@type":"Article","@id":"https:\/\/ist.blogs.inrae.fr\/allenvi\/allenvi-a-remis-ses-propositions-de-programmation-2012-a-lanr\/#article","isPartOf":{"@id":"https:\/\/ist.blogs.inrae.fr\/allenvi\/allenvi-a-remis-ses-propositions-de-programmation-2012-a-lanr\/"},"author":{"name":"Sonya","@id":"https:\/\/ist.blogs.inrae.fr\/allenvi\/#\/schema\/person\/ffd88b01709e892b89bdb3e74a5216d0"},"headline":"AllEnvi a remis ses propositions de programmation 2012 \u00e0 l\u2019ANR","datePublished":"2011-04-26T13:27:00+00:00","dateModified":"2022-07-06T13:36:40+00:00","mainEntityOfPage":{"@id":"https:\/\/ist.blogs.inrae.fr\/allenvi\/allenvi-a-remis-ses-propositions-de-programmation-2012-a-lanr\/"},"wordCount":303,"image":{"@id":"https:\/\/ist.blogs.inrae.fr\/allenvi\/allenvi-a-remis-ses-propositions-de-programmation-2012-a-lanr\/#primaryimage"},"thumbnailUrl":"https:\/\/ist.blogs.inrae.fr\/allenvi\/wp-content\/uploads\/sites\/52\/2021\/06\/Visuel-ge\u0301ne\u0301rique.jpg","articleSection":["Actualit\u00e9s"],"inLanguage":"fr-FR"},{"@type":"WebPage","@id":"https:\/\/ist.blogs.inrae.fr\/allenvi\/allenvi-a-remis-ses-propositions-de-programmation-2012-a-lanr\/","url":"https:\/\/ist.blogs.inrae.fr\/allenvi\/allenvi-a-remis-ses-propositions-de-programmation-2012-a-lanr\/","name":"AllEnvi a remis ses propositions de programmation 2012 \u00e0 l\u2019ANR - Alliance Allenvi","isPartOf":{"@id":"https:\/\/ist.blogs.inrae.fr\/allenvi\/#website"},"primaryImageOfPage":{"@id":"https:\/\/ist.blogs.inrae.fr\/allenvi\/allenvi-a-remis-ses-propositions-de-programmation-2012-a-lanr\/#primaryimage"},"image":{"@id":"https:\/\/ist.blogs.inrae.fr\/allenvi\/allenvi-a-remis-ses-propositions-de-programmation-2012-a-lanr\/#primaryimage"},"thumbnailUrl":"https:\/\/ist.blogs.inrae.fr\/allenvi\/wp-content\/uploads\/sites\/52\/2021\/06\/Visuel-ge\u0301ne\u0301rique.jpg","datePublished":"2011-04-26T13:27:00+00:00","dateModified":"2022-07-06T13:36:40+00:00","author":{"@id":"https:\/\/ist.blogs.inrae.fr\/allenvi\/#\/schema\/person\/ffd88b01709e892b89bdb3e74a5216d0"},"breadcrumb":{"@id":"https:\/\/ist.blogs.inrae.fr\/allenvi\/allenvi-a-remis-ses-propositions-de-programmation-2012-a-lanr\/#breadcrumb"},"inLanguage":"fr-FR","potentialAction":[{"@type":"ReadAction","target":["https:\/\/ist.blogs.inrae.fr\/allenvi\/allenvi-a-remis-ses-propositions-de-programmation-2012-a-lanr\/"]}]},{"@type":"ImageObject","inLanguage":"fr-FR","@id":"https:\/\/ist.blogs.inrae.fr\/allenvi\/allenvi-a-remis-ses-propositions-de-programmation-2012-a-lanr\/#primaryimage","url":"https:\/\/ist.blogs.inrae.fr\/allenvi\/wp-content\/uploads\/sites\/52\/2021\/06\/Visuel-ge\u0301ne\u0301rique.jpg","contentUrl":"https:\/\/ist.blogs.inrae.fr\/allenvi\/wp-content\/uploads\/sites\/52\/2021\/06\/Visuel-ge\u0301ne\u0301rique.jpg","width":900,"height":424},{"@type":"BreadcrumbList","@id":"https:\/\/ist.blogs.inrae.fr\/allenvi\/allenvi-a-remis-ses-propositions-de-programmation-2012-a-lanr\/#breadcrumb","itemListElement":[{"@type":"ListItem","position":1,"name":"Accueil","item":"https:\/\/ist.blogs.inrae.fr\/allenvi\/"},{"@type":"ListItem","position":2,"name":"AllEnvi a remis ses propositions de programmation 2012 \u00e0 l\u2019ANR"}]},{"@type":"WebSite","@id":"https:\/\/ist.blogs.inrae.fr\/allenvi\/#website","url":"https:\/\/ist.blogs.inrae.fr\/allenvi\/","name":"Alliance Allenvi","description":"","potentialAction":[{"@type":"SearchAction","target":{"@type":"EntryPoint","urlTemplate":"https:\/\/ist.blogs.inrae.fr\/allenvi\/?s={search_term_string}"},"query-input":{"@type":"PropertyValueSpecification","valueRequired":true,"valueName":"search_term_string"}}],"inLanguage":"fr-FR"},{"@type":"Person","@id":"https:\/\/ist.blogs.inrae.fr\/allenvi\/#\/schema\/person\/ffd88b01709e892b89bdb3e74a5216d0","name":"Sonya","image":{"@type":"ImageObject","inLanguage":"fr-FR","@id":"https:\/\/secure.gravatar.com\/avatar\/c1b735e3106a434d078f2a829a0ca4731c3e2f746b44fc8c1a6dd118f1c87dce?s=96&d=mm&r=g","url":"https:\/\/secure.gravatar.com\/avatar\/c1b735e3106a434d078f2a829a0ca4731c3e2f746b44fc8c1a6dd118f1c87dce?s=96&d=mm&r=g","contentUrl":"https:\/\/secure.gravatar.com\/avatar\/c1b735e3106a434d078f2a829a0ca4731c3e2f746b44fc8c1a6dd118f1c87dce?s=96&d=mm&r=g","caption":"Sonya"},"url":"https:\/\/ist.blogs.inrae.fr\/allenvi\/author\/sonya\/"}]}},"_links":{"self":[{"href":"https:\/\/ist.blogs.inrae.fr\/allenvi\/wp-json\/wp\/v2\/posts\/10088","targetHints":{"allow":["GET"]}}],"collection":[{"href":"https:\/\/ist.blogs.inrae.fr\/allenvi\/wp-json\/wp\/v2\/posts"}],"about":[{"href":"https:\/\/ist.blogs.inrae.fr\/allenvi\/wp-json\/wp\/v2\/types\/post"}],"author":[{"embeddable":true,"href":"https:\/\/ist.blogs.inrae.fr\/allenvi\/wp-json\/wp\/v2\/users\/199"}],"replies":[{"embeddable":true,"href":"https:\/\/ist.blogs.inrae.fr\/allenvi\/wp-json\/wp\/v2\/comments?post=10088"}],"version-history":[{"count":2,"href":"https:\/\/ist.blogs.inrae.fr\/allenvi\/wp-json\/wp\/v2\/posts\/10088\/revisions"}],"predecessor-version":[{"id":10103,"href":"https:\/\/ist.blogs.inrae.fr\/allenvi\/wp-json\/wp\/v2\/posts\/10088\/revisions\/10103"}],"wp:featuredmedia":[{"embeddable":true,"href":"https:\/\/ist.blogs.inrae.fr\/allenvi\/wp-json\/wp\/v2\/media\/8077"}],"wp:attachment":[{"href":"https:\/\/ist.blogs.inrae.fr\/allenvi\/wp-json\/wp\/v2\/media?parent=10088"}],"wp:term":[{"taxonomy":"category","embeddable":true,"href":"https:\/\/ist.blogs.inrae.fr\/allenvi\/wp-json\/wp\/v2\/categories?post=10088"},{"taxonomy":"post_tag","embeddable":true,"href":"https:\/\/ist.blogs.inrae.fr\/allenvi\/wp-json\/wp\/v2\/tags?post=10088"}],"curies":[{"name":"wp","href":"https:\/\/api.w.org\/{rel}","templated":true}]}}