{"id":625,"date":"2014-09-10T15:04:05","date_gmt":"2014-09-10T13:04:05","guid":{"rendered":"http:\/\/ist.blogs.inra.fr\/afs\/?p=625"},"modified":"2014-10-06T00:13:56","modified_gmt":"2014-10-05T22:13:56","slug":"the-october-2014-issue-is-available","status":"publish","type":"post","link":"https:\/\/ist.blogs.inrae.fr\/afs\/2014\/09\/10\/the-october-2014-issue-is-available\/","title":{"rendered":"The October 2014 (71, 7) issue is available"},"content":{"rendered":"<script type='text\/javascript' src='https:\/\/d1bxh8uas1mnw7.cloudfront.net\/assets\/embed.js'><\/script><p>We have the pleasure to inform you that the Octobre 2014 issue is now available on our website. Please find below the table of contents and the links to view the papers.<\/p>\n<p><span style=\"color: #000000\">Review Paper<\/span><\/p>\n<h5 style=\"padding-left: 90px\"><span style=\"color: #003300\"><strong><a href=\"http:\/\/link.springer.com\/article\/10.1007\/s13595-013-0272-1\"><span style=\"color: #003300\">Considering evolutionary processes in adaptive forestry<\/span><\/a><\/strong><\/span><\/h5>\n<h5 style=\"padding-left: 90px\"><a href=\"http:\/\/link.springer.com\/search?facet-author=%22Fran%C3%A7ois+Lef%C3%A8vre%22\">Fran\u00e7ois Lef\u00e8vre<\/a>, <a href=\"http:\/\/link.springer.com\/search?facet-author=%22Thomas+Boivin%22\">Thomas Boivin<\/a>, <a href=\"http:\/\/link.springer.com\/search?facet-author=%22Aurore+Bontemps%22\">Aurore Bontemps<\/a><\/h5>\n<p style=\"padding-left: 90px\"><span style=\"color: #808000\"><strong>OPEN ACCESS <\/strong><\/span><\/p>\n<p style=\"padding-left: 90px\"><a href=\"http:\/\/alerts.springer.com\/re?l=D0In5s9b6I6gya0g9Io\">Publisher\u2019s Version<\/a><\/p>\n<p><span style=\"color: #000000\">Original Papers<\/span><\/p>\n<h5 style=\"padding-left: 90px\"><span style=\"color: #003300\"><strong><a href=\"http:\/\/link.springer.com\/article\/10.1007\/s13595-014-0369-1\"><span style=\"color: #003300\">Use of Gumbel and Weibull functions to model extreme values of diameter distributions in forest stands<\/span><\/a><\/strong><\/span><\/h5>\n<h5 style=\"padding-left: 90px\"><a href=\"http:\/\/link.springer.com\/search?facet-author=%22J.+Javier+Gorgoso-Varela%22\">J. Javier Gorgoso-Varela<\/a>, <a href=\"http:\/\/link.springer.com\/search?facet-author=%22Alberto+Rojo-Alboreca%22\">Alberto Rojo-Alboreca<\/a><\/h5>\n<p style=\"padding-left: 90px\"><a href=\"http:\/\/link.springer.com\/content\/pdf\/10.1007%2Fs13595-014-0369-1.pdf\">Publisher\u2019s Version<\/a><\/p>\n<h5 style=\"padding-left: 90px\"><span style=\"color: #003300\"><strong><a href=\"http:\/\/link.springer.com\/article\/10.1007\/s13595-014-0371-7\"><span style=\"color: #003300\">Is generalisation of uneven-aged management in mountain forests the key to improve biodiversity conservation within forest landscape mosaics?<\/span><\/a><\/strong><\/span><\/h5>\n<h5 style=\"padding-left: 90px\"><a href=\"http:\/\/link.springer.com\/search?facet-author=%22Mathilde+Redon%22\">Mathilde Redon<\/a>, <a href=\"http:\/\/link.springer.com\/search?facet-author=%22Sandra+Luque%22\">Sandra Luque<\/a>, Fr\u00e9d\u00e9ric Gosselin<\/h5>\n<p style=\"padding-left: 90px\"><a href=\"http:\/\/link.springer.com\/content\/pdf\/10.1007%2Fs13595-014-0371-7.pdf\">Publisher\u2019s Version<\/a><\/p>\n<h5 style=\"padding-left: 90px\"><span style=\"color: #003300\"><strong><a href=\"http:\/\/link.springer.com\/article\/10.1007\/s13595-014-0372-6\"><span style=\"color: #003300\">Stem taper function for sweet chestnut (<em>Castanea sativa<\/em> Mill.) coppice stands in northwest Spain<\/span><\/a><\/strong><\/span><\/h5>\n<h5 style=\"padding-left: 90px\"><a href=\"http:\/\/link.springer.com\/search?facet-author=%22Mar%C3%ADa+Men%C3%A9ndez-Migu%C3%A9lez%22\">Mar\u00eda Men\u00e9ndez-Migu\u00e9lez<\/a>, <a href=\"http:\/\/link.springer.com\/search?facet-author=%22Elena+Canga%22\">Elena Canga<\/a>, <a href=\"http:\/\/link.springer.com\/search?facet-author=%22Pedro+%C3%81lvarez-%C3%81lvarez%22\">Pedro \u00c1lvarez-\u00c1lvarez<\/a><\/h5>\n<p style=\"padding-left: 90px\"><a href=\"http:\/\/link.springer.com\/content\/pdf\/10.1007%2Fs13595-014-0372-6.pdf\">Publisher\u2019s Version<\/a><\/p>\n<h5 style=\"padding-left: 90px\"><span style=\"color: #003300\"><strong><a href=\"http:\/\/link.springer.com\/article\/10.1007\/s13595-014-0374-4\"><span style=\"color: #003300\">Impact of local slope and aspect assessed from LiDAR records on tree diameter in radiata pine (<em>Pinus radiata<\/em> D. Don) plantations<\/span><\/a><\/strong><\/span><\/h5>\n<h5 style=\"padding-left: 90px\"><a href=\"http:\/\/link.springer.com\/search?facet-author=%22Hanieh+Saremi%22\">Hanieh Saremi<\/a>, <a href=\"http:\/\/link.springer.com\/search?facet-author=%22Lalit+Kumar%22\">Lalit Kumar<\/a>, <a href=\"http:\/\/link.springer.com\/search?facet-author=%22Russell+Turner%22\">Russell Turner<\/a>, <a href=\"http:\/\/link.springer.com\/search?facet-author=%22Christine+Stone%22\">Christine Stone<\/a><\/h5>\n<p style=\"padding-left: 90px\"><a href=\"http:\/\/link.springer.com\/content\/pdf\/10.1007%2Fs13595-014-0374-4.pdf\">Publisher\u2019s Version<\/a><\/p>\n<h5 style=\"padding-left: 90px\"><span style=\"color: #003300\"><strong><a href=\"http:\/\/link.springer.com\/article\/10.1007\/s13595-014-0376-2\"><span style=\"color: #003300\">Spatial coexistence of American beech and sugar maple regeneration in post-harvest northern hardwood forests<\/span><\/a><\/strong><\/span><\/h5>\n<h5 style=\"padding-left: 90px\"><a href=\"http:\/\/link.springer.com\/search?facet-author=%22Andrew+S.+Nelson%22\">Andrew S. Nelson<\/a>, <a href=\"http:\/\/link.springer.com\/search?facet-author=%22Robert+G.+Wagner%22\">Robert G. Wagner<\/a><\/h5>\n<p style=\"padding-left: 90px\"><a href=\"http:\/\/link.springer.com\/content\/pdf\/10.1007%2Fs13595-014-0376-2.pdf\">Publisher\u2019s Version<\/a><\/p>\n<h5 style=\"padding-left: 90px\"><span style=\"color: #003300\"><strong><a href=\"http:\/\/link.springer.com\/article\/10.1007\/s13595-014-0377-1\"><span style=\"color: #003300\">Effects of forest management on the amount of deadwood in Mediterranean oak ecosystems<\/span><\/a><\/strong><\/span><\/h5>\n<h5 style=\"padding-left: 90px\"><a href=\"http:\/\/link.springer.com\/search?facet-author=%22Alessandro+Paletto%22\">Alessandro Paletto<\/a>, <a href=\"http:\/\/link.springer.com\/search?facet-author=%22Isabella+De+Meo%22\">Isabella De Meo<\/a>, <a href=\"http:\/\/link.springer.com\/search?facet-author=%22Paolo+Cantiani%22\">Paolo Cantiani<\/a><\/h5>\n<p style=\"padding-left: 90px\"><a href=\"http:\/\/link.springer.com\/content\/pdf\/10.1007%2Fs13595-014-0377-1.pdf\">Download PDF (391KB) <\/a><a href=\"http:\/\/link.springer.com\/article\/10.1007\/s13595-014-0377-1\/fulltext.html\">View Article <\/a><\/p>\n<h5 style=\"padding-left: 90px\"><span style=\"color: #003300\"><strong><a href=\"http:\/\/link.springer.com\/article\/10.1007\/s13595-014-0378-0\"><span style=\"color: #003300\">Ectomycorrhizal communities associated with silver fir seedlings (<em>Abies alba<\/em> Mill.) differ largely in mature silver fir stands and in Scots pine forecrops<\/span><\/a><\/strong><\/span><\/h5>\n<h5 style=\"padding-left: 90px\"><a href=\"http:\/\/link.springer.com\/search?facet-author=%22Rafa%C5%82+Wa%C5%BCny%22\">Rafa\u0142 Wa\u017cny<\/a><\/h5>\n<p style=\"padding-left: 90px\"><a href=\"http:\/\/link.springer.com\/content\/pdf\/10.1007%2Fs13595-014-0378-0.pdf\">Publisher\u2019s Version<\/a><\/p>\n<h5 style=\"padding-left: 90px\"><span style=\"color: #003300\"><strong><a href=\"http:\/\/link.springer.com\/article\/10.1007\/s13595-014-0379-z\"><span style=\"color: #003300\">Adventitious sprouting of <em>Pinus leiophylla<\/em> in response to salt stress<\/span><\/a><\/strong><\/span><\/h5>\n<h5 style=\"padding-left: 90px\"><a href=\"http:\/\/link.springer.com\/search?facet-author=%22Marcos+Jimenez-Casas%22\">Marcos Jimenez-Casas<\/a>, <a href=\"http:\/\/link.springer.com\/search?facet-author=%22Janusz+J.+Zwiazek%22\">Janusz J. Zwiazek<\/a><\/h5>\n<p style=\"padding-left: 90px\"><a href=\"http:\/\/link.springer.com\/content\/pdf\/10.1007%2Fs13595-014-0379-z.pdf\">Publisher\u2019s Version<\/a><\/p>\n<h5 style=\"padding-left: 90px\"><span style=\"color: #003300\"><strong><a href=\"http:\/\/link.springer.com\/article\/10.1007\/s13595-014-0383-3\"><span style=\"color: #003300\">Disturbances in European beech water relation during an extreme drought<\/span><\/a><\/strong><\/span><\/h5>\n<h5 style=\"padding-left: 90px\"><a href=\"http:\/\/link.springer.com\/search?facet-author=%22Marianne+Peiffer%22\">Marianne Peiffer<\/a>, <a href=\"http:\/\/link.springer.com\/search?facet-author=%22Nathalie+Br%C3%A9da%22\">Nathalie Br\u00e9da<\/a>, <a href=\"http:\/\/link.springer.com\/search?facet-author=%22Vincent+Badeau%22\">Vincent Badeau<\/a>, <a href=\"http:\/\/link.springer.com\/search?facet-author=%22Andr%C3%A9+Granier%22\">Andr\u00e9 Granier<\/a><\/h5>\n<p style=\"padding-left: 90px\"><a href=\"http:\/\/link.springer.com\/content\/pdf\/10.1007%2Fs13595-014-0383-3.pdf\"><span style=\"color: #003300\">Publisher\u2019s Version \u00a0<\/span><\/a> <strong><a title=\"Disturbances in water relations of European beech  during an extreme drought\" href=\"https:\/\/ist.blogs.inra.fr\/afs\/2014\/09\/17\/disturbances-in-water-relations-of-european-beech-during-an-extreme-drought-2\/\">Related articles on the blog<\/a><\/strong><\/p>\n<p>&nbsp;<\/p>\n","protected":false},"excerpt":{"rendered":"<p>We have the pleasure to inform you that the Octobre 2014 issue is now available on our website. Please find below the table of contents and the links to view the papers. Review Paper Considering evolutionary processes in adaptive forestry Fran\u00e7ois Lef\u00e8vre, Thomas Boivin, Aurore Bontemps OPEN ACCESS Publisher\u2019s Version Original Papers Use of Gumbel [&hellip;]<\/p>\n","protected":false},"author":34,"featured_media":0,"comment_status":"open","ping_status":"open","sticky":false,"template":"","format":"standard","meta":{"footnotes":""},"categories":[6],"tags":[],"class_list":["post-625","post","type-post","status-publish","format-standard","hentry","category-posts-edited-by-editors","cat-6-id"],"_links":{"self":[{"href":"https:\/\/ist.blogs.inrae.fr\/afs\/wp-json\/wp\/v2\/posts\/625","targetHints":{"allow":["GET"]}}],"collection":[{"href":"https:\/\/ist.blogs.inrae.fr\/afs\/wp-json\/wp\/v2\/posts"}],"about":[{"href":"https:\/\/ist.blogs.inrae.fr\/afs\/wp-json\/wp\/v2\/types\/post"}],"author":[{"embeddable":true,"href":"https:\/\/ist.blogs.inrae.fr\/afs\/wp-json\/wp\/v2\/users\/34"}],"replies":[{"embeddable":true,"href":"https:\/\/ist.blogs.inrae.fr\/afs\/wp-json\/wp\/v2\/comments?post=625"}],"version-history":[{"count":0,"href":"https:\/\/ist.blogs.inrae.fr\/afs\/wp-json\/wp\/v2\/posts\/625\/revisions"}],"wp:attachment":[{"href":"https:\/\/ist.blogs.inrae.fr\/afs\/wp-json\/wp\/v2\/media?parent=625"}],"wp:term":[{"taxonomy":"category","embeddable":true,"href":"https:\/\/ist.blogs.inrae.fr\/afs\/wp-json\/wp\/v2\/categories?post=625"},{"taxonomy":"post_tag","embeddable":true,"href":"https:\/\/ist.blogs.inrae.fr\/afs\/wp-json\/wp\/v2\/tags?post=625"}],"curies":[{"name":"wp","href":"https:\/\/api.w.org\/{rel}","templated":true}]}}