{"id":561,"date":"2014-08-26T09:54:58","date_gmt":"2014-08-26T07:54:58","guid":{"rendered":"http:\/\/ist.blogs.inra.fr\/afs\/?p=561"},"modified":"2014-09-10T14:59:16","modified_gmt":"2014-09-10T12:59:16","slug":"guidelines-for-documenting-and-reporting-tree-allometric-equations","status":"publish","type":"post","link":"https:\/\/ist.blogs.inrae.fr\/afs\/2014\/08\/26\/guidelines-for-documenting-and-reporting-tree-allometric-equations\/","title":{"rendered":"GUIDELINES FOR DOCUMENTING AND REPORTING  ALLOMETRIC EQUATIONS FOR TREES"},"content":{"rendered":"<script type='text\/javascript' src='https:\/\/d1bxh8uas1mnw7.cloudfront.net\/assets\/embed.js'><\/script><h5><a href=\"https:\/\/ist.blogs.inra.fr\/afs\/wp-content\/uploads\/sites\/5\/2014\/08\/gloallomtree2.jpg\"><img loading=\"lazy\" decoding=\"async\" class=\"alignnone size-full wp-image-574\" src=\"https:\/\/ist.blogs.inra.fr\/afs\/wp-content\/uploads\/sites\/5\/2014\/08\/gloallomtree2.jpg\" alt=\"gloallomtree2\" width=\"300\" height=\"26\" \/><\/a><\/h5>\n<h5>Miguel CIFUENTES JARA<sup>1<\/sup>*, Matieu HENRY <sup>2<\/sup>, Maxime R\u00c9JOU-M\u00c9CHAIN<sup>3<\/sup>, Craig WAYSON<sup>4<\/sup>, Mauricio ZAPATA-CUARTAS<sup>5<\/sup>, Daniel PIOTTO<sup>6<\/sup>, Federico ALICE GUIER<sup>7<\/sup>, H\u00e9ctor CASTA\u00d1EDA LOMBIS<sup>8<\/sup>, Edwin CASTELLANOS L\u00d3PEZ<sup>9<\/sup>, Ruby CUENCA LARA<sup>10<\/sup>, Kelvin CUEVA ROJAS<sup>11<\/sup>, Jhon DEL \u00c1GUILA PASQUEL<sup>12<\/sup>, \u00c1lvaro DUQUE MONTOYA<sup>13<\/sup>, Javier FERN\u00c1NDEZ VEGA<sup>14<\/sup>, Abner JIM\u00c9NEZ GALO<sup>8<\/sup>, Omar R. L\u00d3PEZ<sup>15<\/sup>, Lars Gunnar MARKLUND<sup>16<\/sup>, Jos\u00e9 Mar\u00eda MICHEL FUENTES<sup>17<\/sup>, Fabi\u00e1n MILLA<sup>18<\/sup>, Jos\u00e9 de Jes\u00fas N\u00c1VAR CAHIDEZ<sup>19<\/sup>, Edgar ORTIZ MALAVASSI<sup>20<\/sup>, Johnny P\u00c9REZ<sup>21<\/sup>, Carla RAM\u00cdREZ ZEA<sup>22<\/sup>, Luis RANGEL GARC\u00cdA<sup>10<\/sup>, Rafael RUBILAR PONS<sup>23<\/sup>, Laurent SAINT-ANDR\u00c9<sup>24<\/sup>, Carlos SANQUETTA<sup>25<\/sup>, Charles SCOTT<sup>26<\/sup>, James WESTFALL<sup>26<\/sup><\/h5>\n<address><sup>1<\/sup> CATIE; Climate Change &amp; Watersheds Program; CATIE 7170; Cartago, Turrialba 30501; Costa Rica<\/address>\n<address><sup>2<\/sup> UN-REDD Programme; Food and Agriculture Organization of the United Nations (FAO); Viale delle Terme di Caracalla; 00153 Rome; Italy<\/address>\n<address><sup>3<\/sup> Laboratoire Evolution et Diversite Biologique; UMR 5174 CNRS; Universit\u00e9 Paul Sabatier; 31062, Toulouse, France<\/address>\n<address><sup>4<\/sup> USDA Forest Service, International Programs \u2013 SilvaCarbon; Lima, Per\u00fa<\/address>\n<address><sup>5<\/sup> SMURFI KAPPA Cart\u00f3n De Colombia; Km 15 Carretera Cali-Yumbo; Colombia<\/address>\n<address><sup>6<\/sup> Daniel Piotto; Instituto Floresta Viva; Av. Litor\u00e2nea Norte 208, Ilh\u00e9us-BA, 45651-610 Brazil<\/address>\n<address><sup>7<\/sup> Universidad Nacional de Costa Rica; Campus Omar Dengo, Heredia; Costa Rica<\/address>\n<address><sup>8<\/sup> REDD\/CCAD-GIZ; Boulevard Orden de Malta, San Salvador<\/address>\n<address><sup>9<\/sup> Universidad del Valle de Guatemala; 18 AV. 11-95 Zona 15, Guatemala<\/address>\n<address><sup>10<\/sup> Comisi\u00f3n Nacional Forestal (CONAFOR); Perif\u00e9rico Poniente 5360 Col. San Juan de Ocotan Zapopan, Jalisco; M\u00e9xico<\/address>\n<address><sup>11<\/sup> FAO-Ecuador; Av. Eloy Alfaro y Amazonas. Edificio Ministerio de Agricultura, Ganader\u00eda, Acuacultura y Pesca; Quito; Ecuador<\/address>\n<address><sup>12<\/sup> Instituto de Investigaciones de la Amazonia Peruana (IIAP); Av. Jos\u00e9 Abelardo Qui\u00f1ones km 2.5 Iquitos, Per\u00fa<\/address>\n<address><sup>13<\/sup> Universidad Nacional de Colombia; Calle 59A #63-20, Medellin, Colombia<\/address>\n<address><sup>14<\/sup> Fondo Nacional de Financiamiento Forestal (FONAFIFO); Oficinas Centrales; Moravia, San Jos\u00e9, Costa Rica<\/address>\n<address><sup>15<\/sup> INDICASAT-AIP; Edificio 219, Clayton, Ciudad del Saber, Panam\u00e1<\/address>\n<address><sup>16<\/sup> FAO-SLM; Cuidad del Saber, ED 238 Ciudad de Panam\u00e1<\/address>\n<address><sup>17<\/sup> FAO-M\u00e9xico; Perif\u00e9rico Poniente 5360 Col. San Juan de Ocotan Zapopan, Jalisco; Mexico<\/address>\n<address><sup>18<\/sup> Universidad de Concepci\u00f3n; Campus Los \u00c1ngeles; J.A. Coloma 0201 Los \u00c1ngeles, Chile<\/address>\n<address><sup>19<\/sup> CIIDIR-IPN Unidad Durango; Sigma # 119 Fracc. 20 de Noviembre 11. Durango DGO. M\u00e9xico 34220<\/address>\n<address><sup>20<\/sup> Instituto Tecnol\u00f3gico de Costa Rica; Apartado 159-7050, Cartago , Costa Rica<\/address>\n<address><sup>21<\/sup> Escuela Nacional de Ciencias Forestales (ESNACIFOR); Colonia las Am\u00e9ricas, Siguatepeque, Comayagua, Honduras<\/address>\n<address><sup>22<\/sup> FAO-PER\u00da; Manuel Oleachea 414, Miraflores, Lima Per\u00fa<\/address>\n<address><sup>23<\/sup> Universidad de Concepci\u00f3n; V\u00edctor Lamas 1290, Concepci\u00f3n, VIII Regi\u00f3n del Biob\u00edo, Chile<\/address>\n<address><sup>24<\/sup>INRA, UR1138, Unit\u00e9 Biog\u00e9ochimie des Ecosyst\u00e8mes Forestiers (BEF), Centre INRA de Nancy, F-54280 Champenoux, France &amp; CIRAD, UMR ECO&amp;SOLS, F-34000 Montpellier, France<\/address>\n<address><sup>25<\/sup> Federal University of Paran\u00e1; Ave. Lothario Meissener 900 Jardin Bot\u00e1nico, Brasil<\/address>\n<address><sup>26<\/sup> US Forest Service; 11 Campus Blvd. Newtown Square, PA; USA<\/address>\n<p>&nbsp;<\/p>\n<h5 style=\"text-align: justify\"><span style=\"color: #333300\">Open Access. This article is distributed under the terms of the Creative Commons Attribution License which permits any use, distribution, and reproduction in any medium, provided the original author(s) and the source are credited<\/span>\u00a0 <a href=\"https:\/\/ist.blogs.inra.fr\/afs\/wp-content\/uploads\/sites\/5\/2014\/08\/Miguel_Cifuentes_Jara_et_al_2014.pdf\">Miguel_Cifuentes_Jara_et_al_2014<\/a><\/h5>\n<p>&nbsp;<\/p>\n","protected":false},"excerpt":{"rendered":"<p>Miguel CIFUENTES JARA1*, Matieu HENRY 2, Maxime R\u00c9JOU-M\u00c9CHAIN3, Craig WAYSON4, Mauricio ZAPATA-CUARTAS5, Daniel PIOTTO6, Federico ALICE GUIER7, H\u00e9ctor CASTA\u00d1EDA LOMBIS8, Edwin CASTELLANOS L\u00d3PEZ9, Ruby CUENCA LARA10, Kelvin CUEVA ROJAS11, Jhon DEL \u00c1GUILA PASQUEL12, \u00c1lvaro DUQUE MONTOYA13, Javier FERN\u00c1NDEZ VEGA14, Abner JIM\u00c9NEZ GALO8, Omar R. L\u00d3PEZ15, Lars Gunnar MARKLUND16, Jos\u00e9 Mar\u00eda MICHEL FUENTES17, Fabi\u00e1n MILLA18, Jos\u00e9 [&hellip;]<\/p>\n","protected":false},"author":34,"featured_media":585,"comment_status":"open","ping_status":"open","sticky":false,"template":"","format":"standard","meta":{"footnotes":""},"categories":[17],"tags":[52,54,55,56,53],"class_list":["post-561","post","type-post","status-publish","format-standard","has-post-thumbnail","hentry","category-opinion-paper","tag-aboveground-biomass","tag-biomass-equation","tag-forest-carbon","tag-redd","tag-tree-volume","cat-17-id","has_thumb"],"_links":{"self":[{"href":"https:\/\/ist.blogs.inrae.fr\/afs\/wp-json\/wp\/v2\/posts\/561","targetHints":{"allow":["GET"]}}],"collection":[{"href":"https:\/\/ist.blogs.inrae.fr\/afs\/wp-json\/wp\/v2\/posts"}],"about":[{"href":"https:\/\/ist.blogs.inrae.fr\/afs\/wp-json\/wp\/v2\/types\/post"}],"author":[{"embeddable":true,"href":"https:\/\/ist.blogs.inrae.fr\/afs\/wp-json\/wp\/v2\/users\/34"}],"replies":[{"embeddable":true,"href":"https:\/\/ist.blogs.inrae.fr\/afs\/wp-json\/wp\/v2\/comments?post=561"}],"version-history":[{"count":0,"href":"https:\/\/ist.blogs.inrae.fr\/afs\/wp-json\/wp\/v2\/posts\/561\/revisions"}],"wp:featuredmedia":[{"embeddable":true,"href":"https:\/\/ist.blogs.inrae.fr\/afs\/wp-json\/wp\/v2\/media\/585"}],"wp:attachment":[{"href":"https:\/\/ist.blogs.inrae.fr\/afs\/wp-json\/wp\/v2\/media?parent=561"}],"wp:term":[{"taxonomy":"category","embeddable":true,"href":"https:\/\/ist.blogs.inrae.fr\/afs\/wp-json\/wp\/v2\/categories?post=561"},{"taxonomy":"post_tag","embeddable":true,"href":"https:\/\/ist.blogs.inrae.fr\/afs\/wp-json\/wp\/v2\/tags?post=561"}],"curies":[{"name":"wp","href":"https:\/\/api.w.org\/{rel}","templated":true}]}}