{"id":3444,"date":"2019-04-25T16:00:10","date_gmt":"2019-04-25T14:00:10","guid":{"rendered":"https:\/\/ist.blogs.inra.fr\/afs\/?p=3444"},"modified":"2019-09-25T13:32:12","modified_gmt":"2019-09-25T11:32:12","slug":"call-for-submissions-to-afs-special-issues","status":"publish","type":"post","link":"https:\/\/ist.blogs.inrae.fr\/afs\/2019\/04\/25\/call-for-submissions-to-afs-special-issues\/","title":{"rendered":"Call for submissions to AFS Special Issues"},"content":{"rendered":"<script type='text\/javascript' src='https:\/\/d1bxh8uas1mnw7.cloudfront.net\/assets\/embed.js'><\/script><p>We are pleased to invite submissions of Research, Review, Data and Opinion papers to be considered for our <strong>topical collections. <\/strong>These collections\u00a0(virtual collections) are brought together as a result of a <strong>symposium<\/strong>, a <strong>congress<\/strong>, a <strong>working group<\/strong> meeting, or even a <strong>research project<\/strong> and are usually edited by a <strong>Guest Editor<\/strong>.<\/p>\n<p>Authors must follow the <a href=\"http:\/\/www.springer.com\/cda\/content\/document\/cda_downloaddocument\/13595_IFA-AFS-Feb2019.pdf?SGWID=0-0-45-1073837-p174076259\"><strong>instructions for authors<\/strong><\/a> available on Springer website and may use the <strong>templates<\/strong> available for the <a href=\"http:\/\/www.springer.com\/cda\/content\/document\/cda_downloaddocument\/Template_Title-page.DOCX?SGWID=0-0-45-1617461-p174076259\">Title page<\/a> and the <a href=\"http:\/\/www.springer.com\/cda\/content\/document\/cda_downloaddocument\/Template_Manuscript.DOCX?SGWID=0-0-45-1617460-p174076259\">Research article<\/a>. Accepted papers are published in the regular issues and also grouped online under the topical collections tab. Upon submission in Editorial Manager, authors must select\u00a0the corresponding <strong>short name<\/strong>\u00a0as <strong>Article type<\/strong> to assign their manuscripts to the special issue.<\/p>\n<p>Please visit Springer website for more information on our current topical collections at\u00a0<a href=\"https:\/\/link.springer.com\/journal\/volumesAndIssues\/13595?tabName=topicalCollections\">https:\/\/link.springer.com\/journal\/volumesAndIssues\/13595?tabName=topicalCollections<\/a><\/p>\n<p>The current topical collections are:<\/p>\n<table>\n<tbody>\n<tr>\n<td width=\"294\">\n<h5><span style=\"color: #808080\"><strong>Topical collection<\/strong><\/span><\/h5>\n<\/td>\n<td width=\"302\">\n<h5><span style=\"color: #808080\"><strong>Guest editor in charge<\/strong><\/span><\/h5>\n<\/td>\n<td width=\"302\">\n<h5><span style=\"color: #808080\"><strong>Short name in Editorial Manager<\/strong><\/span><\/h5>\n<\/td>\n<\/tr>\n<tr>\n<td width=\"294\"><span style=\"color: #008000\"><strong>Mediterranean Pines<\/strong><\/span><\/td>\n<td width=\"302\"><\/td>\n<td width=\"302\"><span style=\"color: #008000\">Special Issue: MedPine5<\/span><\/td>\n<\/tr>\n<tr>\n<td width=\"294\"><span style=\"color: #003300\"><strong>Risk Analysis<\/strong><\/span><\/td>\n<td width=\"302\"><span style=\"color: #003300\">Rasoul Yousefpour<\/span><\/td>\n<td width=\"302\"><span style=\"color: #003300\">Risk Analysis <\/span><\/td>\n<\/tr>\n<tr>\n<td width=\"294\"><span style=\"color: #008000\"><strong>SilviLaser<\/strong><\/span><\/td>\n<td width=\"302\"><span style=\"color: #008000\">Jean-Michel Leban<\/span><\/td>\n<td width=\"302\"><span style=\"color: #008000\">SilviLaser<\/span><\/td>\n<\/tr>\n<tr>\n<td width=\"294\"><span style=\"color: #003300\"><strong>Mensuration and modelling for forestry in a changing environment<\/strong><\/span><\/td>\n<td width=\"302\"><span style=\"color: #003300\">C\u00e9line Meredieu &amp; Fran\u00e7ois de Coligny<\/span><\/td>\n<td width=\"302\"><span style=\"color: #003300\">CAQSIS network<\/span><\/td>\n<\/tr>\n<tr>\n<td width=\"294\"><a href=\"https:\/\/ist.blogs.inra.fr\/afs\/2017\/10\/05\/new-special-issue-forest-information-for-bioeconomy-outlooks-at-european-level\/\" target=\"_blank\" rel=\"noopener noreferrer\"><span style=\"color: #008000\"><strong>Forest information for bioeconomy outlooks at European level<\/strong><\/span><\/a><\/td>\n<td width=\"302\"><span style=\"color: #008000\">Tuula Packalen &amp; Klemens Schadauer<\/span><\/td>\n<td width=\"302\"><span style=\"color: #008000\">DIABOLO_IUFRO_2017<\/span><\/td>\n<\/tr>\n<tr>\n<td width=\"294\"><a href=\"https:\/\/ist.blogs.inra.fr\/afs\/2017\/10\/05\/new-special-issue-forest-adaptation-and-restoration-under-global-change\/\" target=\"_blank\" rel=\"noopener noreferrer\"><span style=\"color: #003300\"><strong>Forest Adaptation and Restoration under Global Change<\/strong><\/span><\/a><\/td>\n<td width=\"302\"><span style=\"color: #003300\">Andreas Bolte &amp; John Stanturf<\/span><\/td>\n<td width=\"302\"><span style=\"color: #003300\">Adaptive Measures<\/span><\/td>\n<\/tr>\n<tr>\n<td width=\"294\"><a href=\"https:\/\/ist.blogs.inra.fr\/afs\/2018\/01\/25\/new-special-issue-epicormics-and-related-botanical-features\/\" target=\"_blank\" rel=\"noopener noreferrer\"><span style=\"color: #008000\"><strong>Epicormics and related botanical features<\/strong><\/span><\/a><\/td>\n<td width=\"302\"><span style=\"color: #008000\">Patrick Heuret<\/span><\/td>\n<td width=\"302\"><span style=\"color: #008000\">epic&amp;co\u00a0<\/span><\/td>\n<\/tr>\n<tr>\n<td width=\"294\"><a href=\"https:\/\/ist.blogs.inra.fr\/afs\/2018\/03\/26\/new-special-issue-entomological-issues-during-forest-diebacks\/\" target=\"_blank\" rel=\"noopener noreferrer\"><span style=\"color: #003300\"><strong>Entomological issues during forest diebacks<\/strong><\/span><\/a><\/td>\n<td width=\"302\"><span style=\"color: #003300\">Aur\u00e9lien Sall\u00e9 &amp; Christophe Bouget<\/span><\/td>\n<td width=\"302\"><span style=\"color: #003300\">Insects and tree diebacks<\/span><\/td>\n<\/tr>\n<tr>\n<td width=\"294\"><span style=\"color: #008000\"><strong>Environmental data for the German NFI<\/strong><\/span><\/td>\n<td width=\"302\"><\/td>\n<td width=\"302\"><span style=\"color: #008000\">German NFI<\/span><\/td>\n<\/tr>\n<tr>\n<td width=\"294\"><a href=\"https:\/\/ist.blogs.inra.fr\/afs\/2018\/07\/04\/new-special-issue-wood-formation-and-tree-adaptation-to-climate\/\" target=\"_blank\" rel=\"noopener noreferrer\"><span style=\"color: #003300\"><strong>Wood formation and tree adaptation to climate<\/strong><\/span><\/a><\/td>\n<td width=\"302\"><span style=\"color: #003300\">Cyrille Rathgeber &amp; Patrick Fonti<\/span><\/td>\n<td width=\"302\"><span style=\"color: #003300\">Wood formation and climate<\/span><\/td>\n<\/tr>\n<tr>\n<td width=\"294\"><a href=\"https:\/\/ist.blogs.inra.fr\/afs\/2018\/11\/12\/new-special-issue-frontiers-in-modelling-future-forest-growth-yield-and-wood-properties\/\" target=\"_blank\" rel=\"noopener noreferrer\"><span style=\"color: #008000\"><strong>Frontiers in Modelling Future Forest Growth, Yield and Wood Properties<\/strong><\/span><\/a><\/td>\n<td width=\"302\"><span style=\"color: #008000\">David Drew, Alexis Achim &amp; Annikki M\u00e4kel\u00e4<\/span><\/td>\n<td width=\"302\"><span style=\"color: #008000\">Closed<\/span><\/td>\n<\/tr>\n<tr>\n<td width=\"294\"><a href=\"https:\/\/ist.blogs.inra.fr\/afs\/2019\/05\/29\/new-special-issue-assisted-migration-and-forest-seed-transfer\/\" target=\"_blank\" rel=\"noopener noreferrer\"><span style=\"color: #003300\"><strong>Assisted Migration and Forest Seed Transfer<\/strong><\/span><\/a><\/td>\n<td width=\"302\"><span style=\"color: #003300\">Silvio Sch\u00fcler, Marta Benito Garz\u00f3n &amp; Andreas Bolte<\/span><\/td>\n<td width=\"302\"><span style=\"color: #003300\">SI: Assisted Migration<\/span><\/td>\n<\/tr>\n<tr>\n<td width=\"294\"><a href=\"https:\/\/ist.blogs.inra.fr\/afs\/2019\/06\/11\/new-special-issue-establishment-of-second-growth-forests-in-human-landscapes-ecological-mechanisms-and-genetic-consequences\/\" target=\"_blank\" rel=\"noopener noreferrer\"><span style=\"color: #008000\"><strong>Establishment of second-growth forests in human landscapes: ecological mechanisms and genetic consequences<\/strong><\/span><\/a><\/td>\n<td width=\"302\"><span style=\"color: #008000\">Arndt Hampe, Irene Mart\u00edn-For\u00e9s &amp; Raquel Alfaro-S\u00e1nchez<\/span><\/td>\n<td width=\"302\"><span style=\"color: #008000\">SI: SPONFOREST<\/span><\/td>\n<\/tr>\n<\/tbody>\n<\/table>\n","protected":false},"excerpt":{"rendered":"<p>We are pleased to invite submissions of Research, Review, Data and Opinion papers to be considered for our topical collections. These collections\u00a0(virtual collections) are brought together as a result of a symposium, a congress, a working group meeting, or even a research project and are usually edited by a Guest Editor. Authors must follow the [&hellip;]<\/p>\n","protected":false},"author":106,"featured_media":0,"comment_status":"open","ping_status":"open","sticky":false,"template":"","format":"standard","meta":{"footnotes":""},"categories":[6,51,108],"tags":[],"class_list":["post-3444","post","type-post","status-publish","format-standard","hentry","category-posts-edited-by-editors","category-for-authors","category-special-issuetopical-collection","cat-6-id","cat-51-id","cat-108-id"],"_links":{"self":[{"href":"https:\/\/ist.blogs.inrae.fr\/afs\/wp-json\/wp\/v2\/posts\/3444","targetHints":{"allow":["GET"]}}],"collection":[{"href":"https:\/\/ist.blogs.inrae.fr\/afs\/wp-json\/wp\/v2\/posts"}],"about":[{"href":"https:\/\/ist.blogs.inrae.fr\/afs\/wp-json\/wp\/v2\/types\/post"}],"author":[{"embeddable":true,"href":"https:\/\/ist.blogs.inrae.fr\/afs\/wp-json\/wp\/v2\/users\/106"}],"replies":[{"embeddable":true,"href":"https:\/\/ist.blogs.inrae.fr\/afs\/wp-json\/wp\/v2\/comments?post=3444"}],"version-history":[{"count":0,"href":"https:\/\/ist.blogs.inrae.fr\/afs\/wp-json\/wp\/v2\/posts\/3444\/revisions"}],"wp:attachment":[{"href":"https:\/\/ist.blogs.inrae.fr\/afs\/wp-json\/wp\/v2\/media?parent=3444"}],"wp:term":[{"taxonomy":"category","embeddable":true,"href":"https:\/\/ist.blogs.inrae.fr\/afs\/wp-json\/wp\/v2\/categories?post=3444"},{"taxonomy":"post_tag","embeddable":true,"href":"https:\/\/ist.blogs.inrae.fr\/afs\/wp-json\/wp\/v2\/tags?post=3444"}],"curies":[{"name":"wp","href":"https:\/\/api.w.org\/{rel}","templated":true}]}}