{"id":1828,"date":"2016-08-03T14:34:50","date_gmt":"2016-08-03T12:34:50","guid":{"rendered":"http:\/\/ist.blogs.inra.fr\/afs\/?p=1828"},"modified":"2016-08-03T15:29:17","modified_gmt":"2016-08-03T13:29:17","slug":"september-2016-issue-is-available","status":"publish","type":"post","link":"https:\/\/ist.blogs.inrae.fr\/afs\/2016\/08\/03\/september-2016-issue-is-available\/","title":{"rendered":"September 2016 Issue is available"},"content":{"rendered":"<script type='text\/javascript' src='https:\/\/d1bxh8uas1mnw7.cloudfront.net\/assets\/embed.js'><\/script><h2 class=\"altmetric-embed\"><span style=\"color: #808000\"><strong>REVIEW PAPER<\/strong><\/span><\/h2>\n<p style=\"padding-left: 30px\"><div class='altmetric-embed' data-badge-type='donut' data-doi='10.1007\/s13595-015-0531-4'  style='float: right; ' ><\/div><br \/>\n<a href=\"http:\/\/link.springer.com\/article\/10.1007\/s13595-015-0531-4?view=classic\"><strong><span style=\"color: #003366\">New alternatives for wood preservation based on thermal and chemical modification of wood\u2014 a review<\/span><\/strong><\/a><br \/>\n<span style=\"color: #99cc00\">Philippe G\u00e9rardin<\/span><\/p>\n<p style=\"padding-left: 30px\"><div class='altmetric-embed' data-badge-type='donut' data-doi='10.1007\/s13595-016-0541-x'  style='float: right; ' ><\/div><br \/>\n<a href=\"http:\/\/link.springer.com\/article\/10.1007\/s13595-016-0541-x?view=classic\"><strong><span style=\"color: #003366\">Control of wood thermal treatment and its effects on decay resistance: a review \u00a0<\/span><\/strong><\/a><br \/>\n<span style=\"color: #ff9900\">OPEN ACCESS<\/span><br \/>\n<span style=\"color: #99cc00\">K\u00e9vin Candelier, Marie-France Thevenon, An\u00e9lie Petrissans, St\u00e9phane Dumarcay, Philippe Gerardin &amp; Mathieu Petrissans<\/span><\/p>\n<p style=\"padding-left: 30px\"><div class='altmetric-embed' data-badge-type='donut' data-doi='10.1007\/s13595-016-0566-1'  style='float: right; ' ><\/div><br \/>\n<a href=\"http:\/\/link.springer.com\/article\/10.1007\/s13595-016-0566-1?view=classic\"><strong><span style=\"color: #003366\">Integrated and systemic management of storm damage by the forest-based sector and public authorities<\/span><\/strong><\/a><br \/>\n<span style=\"color: #99cc00\">Simon Riguelle, Jacques H\u00e9bert &amp; Benoit Jourez<\/span><\/p>\n<h2><span style=\"color: #808000\"><strong>ORIGINAL PAPER<\/strong><\/span><\/h2>\n<p style=\"padding-left: 60px\"><div class='altmetric-embed' data-badge-type='donut' data-doi='10.1007\/s13595-016-0555-4'  style='float: right; ' ><\/div><br \/>\n<a href=\"http:\/\/link.springer.com\/article\/10.1007\/s13595-016-0555-4\"><span style=\"color: #003366\"><strong>Within-stem maps of wood density and water content for characterization of species: a case study on three hardwood and two softwood species<\/strong><\/span><\/a><br \/>\n<span style=\"color: #99cc00\">Fleur Longuetaud, Fr\u00e9d\u00e9ric Mothe, Meriem Fournier, Jana Dlouha, Philippe Santenoise &amp; Christine Deleuze<\/span><\/p>\n<p style=\"padding-left: 60px\"><div class='altmetric-embed' data-badge-type='donut' data-doi='10.1007\/s13595-016-0569-y'  style='float: right; ' ><\/div><br \/>\n<a href=\"http:\/\/link.springer.com\/article\/10.1007\/s13595-016-0569-y?view=classic\"><span style=\"color: #003366\"><strong>Modelling the effects of wood cambial age on the effective modulus of elasticity of poplar laminated veneer lumber<\/strong><\/span><\/a><br \/>\n<span style=\"color: #99cc00\">St\u00e9phane Girardon, Louis Denaud, Guillaume Pot &amp; Istie Rahayu<\/span><\/p>\n<p style=\"padding-left: 60px\"><div class='altmetric-embed' data-badge-type='donut' data-doi='10.1007\/s13595-015-0473-x'  style='float: right; ' ><\/div><br \/>\n<a href=\"http:\/\/link.springer.com\/article\/10.1007\/s13595-015-0473-x?view=classic\"><span style=\"color: #003366\"><strong>Propagating uncertainty through individual tree volume model predictions to large-area volume estimates<\/strong><\/span><\/a><br \/>\n<span style=\"color: #99cc00\">Ronald E. McRoberts &amp; James A. Westfall<\/span><\/p>\n<p style=\"padding-left: 60px\"><div class='altmetric-embed' data-badge-type='donut' data-doi='10.1007\/s13595-015-0503-8'  style='float: right; ' ><\/div><br \/>\n<span style=\"color: #003366\"><strong><a style=\"color: #003366\" href=\"http:\/\/link.springer.com\/article\/10.1007\/s13595-015-0503-8?view=classic\">Stem quality assessment in European National Forest Inventories: an opportunity for harmonised reporting?<\/a><\/strong><\/span><br \/>\n<span style=\"color: #99cc00\">Michal Bosela, John Redmond, Milo\u0161 Ku\u010dera, Gheorghe Marin, Radim Adolt, Thomas Gschwantner, Rudolf Petr\u00e1\u0161, Kari Korhonen, Andrius Kulie\u0161is, Gintaras Kulbokas, Christoph Fischer &amp; Adrian Lanz<\/span><\/p>\n<p style=\"padding-left: 60px\"><div class='altmetric-embed' data-badge-type='donut' data-doi='10.1007\/s13595-016-0550-9'  style='float: right; ' ><\/div><br \/>\n<a href=\"http:\/\/link.springer.com\/article\/10.1007\/s13595-016-0550-9?view=classic\"><span style=\"color: #003366\"><strong><em>Pinus nigra<\/em> Arn. ssp. <em>salzmannii<\/em> seedling recruitment is affected by stand basal area, shrub cover and climate interactions<\/strong><\/span><\/a><br \/>\n<strong><span style=\"color: #99cc00\">Manuel E. Lucas-Borja, David Candel-P\u00e9rez, Francisco A. Garc\u00eda Morote, Thierry Onkelinx, Pedro A. T\u00edscar &amp; Philippe Balandier<\/span><\/strong><\/p>\n<p style=\"padding-left: 60px\"><div class='altmetric-embed' data-badge-type='donut' data-doi=' 10.1007\/s13595-016-0551-8'  style='float: right; ' ><\/div><br \/>\n<a href=\"http:\/\/link.springer.com\/article\/10.1007\/s13595-016-0551-8?view=classic\"><span style=\"color: #003366\"><strong>Understory fine roots are more ephemeral than those of trees in subtropical Chinese fir (<em>Cunninghamia lanceolata<\/em> (Lamb.) Hook) stands<\/strong><\/span><\/a><br \/>\n<span style=\"color: #99cc00\">Jinxue Huang, Guangshui Chen, Zhijie Yang, Decheng Xiong, Jianfen Guo, Jinsheng Xie, David Robinson &amp; Yusheng Yang<\/span><\/p>\n<p style=\"padding-left: 60px\"><a href=\"https:\/\/ist.blogs.inra.fr\/afs\/wp-content\/uploads\/sites\/5\/2016\/08\/Rellstab-et-al.-2016b1.jpg\"><img loading=\"lazy\" decoding=\"async\" class=\"alignright wp-image-1878 size-medium\" src=\"https:\/\/ist.blogs.inra.fr\/afs\/wp-content\/uploads\/sites\/5\/2016\/08\/Rellstab-et-al.-2016b1-225x300.jpg\" alt=\"Rellstab et al., 2016b1\" width=\"225\" height=\"300\" srcset=\"https:\/\/ist.blogs.inrae.fr\/afs\/wp-content\/uploads\/sites\/5\/2016\/08\/Rellstab-et-al.-2016b1-225x300.jpg 225w, https:\/\/ist.blogs.inrae.fr\/afs\/wp-content\/uploads\/sites\/5\/2016\/08\/Rellstab-et-al.-2016b1-768x1024.jpg 768w, https:\/\/ist.blogs.inrae.fr\/afs\/wp-content\/uploads\/sites\/5\/2016\/08\/Rellstab-et-al.-2016b1-300x400.jpg 300w, https:\/\/ist.blogs.inrae.fr\/afs\/wp-content\/uploads\/sites\/5\/2016\/08\/Rellstab-et-al.-2016b1.jpg 2000w\" sizes=\"auto, (max-width: 225px) 100vw, 225px\" \/><\/a><\/p>\n<p style=\"padding-left: 60px\"><div class='altmetric-embed' data-badge-type='donut' data-doi='10.1007\/s13595-016-0552-7'  style='float: right; ' ><\/div><br \/>\n<a href=\"http:\/\/link.springer.com\/article\/10.1007\/s13595-016-0552-7?view=classic\"><span style=\"color: #003366\"><strong>Using joint multivariate analyses of leaf morphology and molecular-genetic markers for taxon identification in three hybridizing European white oak species (<em>Quercus<\/em> spp.)<\/strong><\/span><\/a><br \/>\n<span style=\"color: #99cc00\">Christian Rellstab, Andreas B\u00fchler, Ren\u00e9 Graf, Catherine Folly &amp; Felix Gugerli<br \/>\n<\/span><\/p>\n<p style=\"padding-left: 60px\"><div class='altmetric-embed' data-badge-type='donut' data-doi='10.1007\/s13595-016-0553-6'  style='float: right; ' ><\/div><br \/>\n<a href=\"http:\/\/link.springer.com\/article\/10.1007\/s13595-016-0553-6?view=classic\"><span style=\"color: #003366\"><strong>Low intra-tree variability in resistance to embolism in four Pinaceae species<\/strong><\/span><\/a><br \/>\n<span style=\"color: #99cc00\">Pauline S. Bouche, Steven Jansen, Julia Cruz Sabalera, Herv\u00e9 Cochard, R\u00e9gis Burlett &amp; Sylvain Delzon<\/span><\/p>\n<p style=\"padding-left: 60px\"><div class='altmetric-embed' data-badge-type='donut' data-doi=' 10.1007\/s13595-016-0556-3'  style='float: right; ' ><\/div><br \/>\n<a href=\"http:\/\/link.springer.com\/article\/10.1007\/s13595-016-0556-3?view=classic\"><span style=\"color: #003366\"><strong>Potassium fertilization affects the distribution of fine roots but does not change ectomycorrhizal community structure<\/strong><\/span><\/a><br \/>\n<span style=\"color: #99cc00\">Lixia Wang, Klaus Katzensteiner, Helmut Schume, Marcela Van Loo &amp; Douglas L. Godbold<\/span><\/p>\n<p style=\"padding-left: 60px\"><div class='altmetric-embed' data-badge-type='donut' data-doi='10.1007\/s13595-016-0558-1'  style='float: right; ' ><\/div><br \/>\n<span style=\"color: #003366\"><strong><a style=\"color: #003366\" href=\"http:\/\/link.springer.com\/article\/10.1007\/s13595-016-0558-1?view=classic\">How do consumers express their appreciation of wood surfaces? Norway spruce floors in Germany as an exampl<\/a>e<\/strong><\/span><br \/>\n<span style=\"color: #99cc00\">Andreas Manuel, Rainer Leonhart, Olof Broman &amp; Gero Becker<\/span><\/p>\n<p style=\"padding-left: 60px\"><div class='altmetric-embed' data-badge-type='donut' data-doi=' 10.1007\/s13595-016-0560-7'  style='float: right; ' ><\/div><br \/>\n<a href=\"http:\/\/link.springer.com\/article\/10.1007\/s13595-016-0560-7?view=classic\"><span style=\"color: #003366\"><strong>Testing the applicability of BIOME-BGC to simulate beech gross primary production in Europe using a new continental weather dataset<\/strong><\/span><\/a><br \/>\n<span style=\"color: #99cc00\">Marta Chiesi, Gherardo Chirici, Marco Marchetti, Hubert Hasenauer, Adam Moreno, Alexander Knohl, Giorgio Matteucci, Kim Pilegaard, Andr\u00e9 Granier, Bernard Longdoz &amp; Fabio Maselli<\/span><\/p>\n<p style=\"padding-left: 60px\"><div class='altmetric-embed' data-badge-type='donut' data-doi='10.1007\/s13595-016-0561-6'  style='float: right; ' ><\/div><br \/>\n<a href=\"http:\/\/link.springer.com\/article\/10.1007\/s13595-016-0561-6?view=classic\"><span style=\"color: #003366\"><strong>Biomass allocation patterns and allometric relationships between components of the androdioecious <em>Acer tegmentosum<\/em><\/strong><\/span><\/a><br \/>\n<span style=\"color: #99cc00\">Xinna Zhang, Chunyu Zhang &amp; Xiuhai Zhao <\/span><\/p>\n<p style=\"padding-left: 60px\"><span style=\"color: #99cc00\"><div class='altmetric-embed' data-badge-type='donut' data-doi='10.1007\/s13595-016-0562-5'  style='float: right; ' ><\/div><br \/>\n<span style=\"color: #003366\"><strong><a style=\"color: #003366\" href=\"http:\/\/link.springer.com\/article\/10.1007\/s13595-016-0562-5?view=classic\">Increased water use efficiency does not prevent growth decline of <em>Pinus canariensis<\/em> in a semi-arid treeline ecotone in Tenerife, Canary Islands (Spain)<\/a><\/strong><\/span><br \/>\n<span style=\"color: #ff9900\">OPEN ACCESS<\/span><br \/>\n<\/span><span style=\"color: #99cc00\">Patricia Brito, Thorsten E. E. Grams, Rainer Matysssek, Maria S. Jimenez, Agueda M. Gonzalez-Rodr\u00edguez, Walter Oberhuber &amp; Gerhard Wieser<\/span><\/p>\n<p style=\"padding-left: 60px\"><div class='altmetric-embed' data-badge-type='donut' data-doi='10.1007\/s13595-016-0563-4'  style='float: right; ' ><\/div><br \/>\n<a href=\"http:\/\/link.springer.com\/article\/10.1007\/s13595-016-0563-4?view=classic\"><span style=\"color: #003366\"><strong>Liocourt\u2019s law for tree diameter distribution in forest stands<\/strong><\/span><\/a><br \/>\n<span style=\"color: #99cc00\">Nicolas Picard &amp; David Gasparotto<\/span><\/p>\n<p style=\"padding-left: 60px\"><div class='altmetric-embed' data-badge-type='donut' data-doi='10.1007\/s13595-016-0565-2'  style='float: right; ' ><\/div><br \/>\n<a href=\"http:\/\/link.springer.com\/article\/10.1007\/s13595-016-0565-2?view=classic\"><strong><span style=\"color: #003366\">Sampling methods for titica vine (Heteropsis spp.) inventory in a tropical forest<\/span><\/strong><\/a><br \/>\n<span style=\"color: #99cc00\">Carine Klauberg, Edson Vidal, Carlos Alberto Silva, Michelliny de M. Bentes &amp; Andrew Thomas Hudak<\/span><\/p>\n<p style=\"padding-left: 60px\"><div class='altmetric-embed' data-badge-type='donut' data-doi='10.1007\/s13595-016-0567-0'  style='float: right; ' ><\/div><br \/>\n<a href=\"http:\/\/link.springer.com\/article\/10.1007\/s13595-016-0567-0?view=classic\"><strong><span style=\"color: #003366\">Modeling size-density trajectories for even-aged beech (<em>Fagus silvatica<\/em> L.) stands in France<\/span><\/strong><\/a><br \/>\n<span style=\"color: #99cc00\">Fran\u00e7ois Ningre, Jean-Marc Ottorini &amp; No\u00ebl Le Goff<\/span><\/p>\n<p style=\"padding-left: 60px\"><div class='altmetric-embed' data-badge-type='donut' data-doi=' 10.1007\/s13595-016-0568-z'  style='float: right; ' ><\/div><br \/>\n<a href=\"http:\/\/link.springer.com\/article\/10.1007\/s13595-016-0568-z?view=classic\"><strong><span style=\"color: #003366\">An economic comparison of risk handling measures against<em> Hylobius abietis<\/em> and <em>Heterobasidion annosum<\/em> in the Landes de Gascogne Forest<\/span><\/strong><\/a><br \/>\n<span style=\"color: #99cc00\">Marielle Brunette &amp; Sylvain Caurla<\/span><\/p>\n<hr \/>\n<pre style=\"padding-left: 60px\"><a href=\"https:\/\/ist.blogs.inra.fr\/afs\/wp-content\/uploads\/sites\/5\/2016\/08\/bird3-twitter-icone-3672-48.png\"><img loading=\"lazy\" decoding=\"async\" class=\"alignleft wp-image-1889 size-full\" src=\"https:\/\/ist.blogs.inra.fr\/afs\/wp-content\/uploads\/sites\/5\/2016\/08\/bird3-twitter-icone-3672-48.png\" width=\"48\" height=\"48\" \/><\/a>\r\n<a href=\"https:\/\/twitter.com\/AnnForSci\">@AnnForSci<\/a><\/pre>\n<pre style=\"padding-left: 60px\"><a href=\"https:\/\/ist.blogs.inra.fr\/afs\/wp-content\/uploads\/sites\/5\/2016\/08\/facebook-logo-icone-7725-32.png\"><img loading=\"lazy\" decoding=\"async\" class=\"wp-image-1890 size-full alignleft\" src=\"https:\/\/ist.blogs.inra.fr\/afs\/wp-content\/uploads\/sites\/5\/2016\/08\/facebook-logo-icone-7725-32.png\" alt=\"facebook-logo-icone-7725-32\" width=\"32\" height=\"32\" \/><\/a> <a href=\"https:\/\/www.facebook.com\/AnnForSci\/\"> fb.me\/AnnForSci<\/a><\/pre>\n<p>&nbsp;<\/p>\n","protected":false},"excerpt":{"rendered":"<p>REVIEW PAPER New alternatives for wood preservation based on thermal and chemical modification of wood\u2014 a review Philippe G\u00e9rardin Control of wood thermal treatment and its effects on decay resistance: a review \u00a0 OPEN ACCESS K\u00e9vin Candelier, Marie-France Thevenon, An\u00e9lie Petrissans, St\u00e9phane Dumarcay, Philippe Gerardin &amp; Mathieu Petrissans Integrated and systemic management of storm damage [&hellip;]<\/p>\n","protected":false},"author":34,"featured_media":244,"comment_status":"open","ping_status":"open","sticky":false,"template":"","format":"standard","meta":{"footnotes":""},"categories":[7],"tags":[],"class_list":["post-1828","post","type-post","status-publish","format-standard","has-post-thumbnail","hentry","category-editors-choice","cat-7-id","has_thumb"],"_links":{"self":[{"href":"https:\/\/ist.blogs.inrae.fr\/afs\/wp-json\/wp\/v2\/posts\/1828","targetHints":{"allow":["GET"]}}],"collection":[{"href":"https:\/\/ist.blogs.inrae.fr\/afs\/wp-json\/wp\/v2\/posts"}],"about":[{"href":"https:\/\/ist.blogs.inrae.fr\/afs\/wp-json\/wp\/v2\/types\/post"}],"author":[{"embeddable":true,"href":"https:\/\/ist.blogs.inrae.fr\/afs\/wp-json\/wp\/v2\/users\/34"}],"replies":[{"embeddable":true,"href":"https:\/\/ist.blogs.inrae.fr\/afs\/wp-json\/wp\/v2\/comments?post=1828"}],"version-history":[{"count":0,"href":"https:\/\/ist.blogs.inrae.fr\/afs\/wp-json\/wp\/v2\/posts\/1828\/revisions"}],"wp:featuredmedia":[{"embeddable":true,"href":"https:\/\/ist.blogs.inrae.fr\/afs\/wp-json\/wp\/v2\/media\/244"}],"wp:attachment":[{"href":"https:\/\/ist.blogs.inrae.fr\/afs\/wp-json\/wp\/v2\/media?parent=1828"}],"wp:term":[{"taxonomy":"category","embeddable":true,"href":"https:\/\/ist.blogs.inrae.fr\/afs\/wp-json\/wp\/v2\/categories?post=1828"},{"taxonomy":"post_tag","embeddable":true,"href":"https:\/\/ist.blogs.inrae.fr\/afs\/wp-json\/wp\/v2\/tags?post=1828"}],"curies":[{"name":"wp","href":"https:\/\/api.w.org\/{rel}","templated":true}]}}